{"id":1,"date":"2015-06-13T10:35:40","date_gmt":"2015-06-13T10:35:40","guid":{"rendered":"http:\/\/thecloset.co\/blog\/?p=1"},"modified":"2017-08-23T21:14:17","modified_gmt":"2017-08-23T21:14:17","slug":"moda-en-paris-inspiracion","status":"publish","type":"post","link":"https:\/\/thecloset.co\/blog\/moda-en-paris-inspiracion\/","title":{"rendered":"Moda en Par\u00eds&#8230;inspiraci\u00f3n"},"content":{"rendered":"<div class=\"description clearfix\">\n<h3>Je t\u00b4aime Par\u00eds<\/h3>\n<p>Par\u00eds es\u00a0un destino obligado para los amantes del arte, el dise\u00f1o y la moda.\u00a0 La capital de Francia, anualmente recibe millones de turistas ansiosos de conocer la majestuosa arquitectura medieval que bordea el r\u00edo Sena, los imponentes museos que guardan la historia del arte del mundo, la reconocida gastronom\u00eda francesa y el indescriptible encanto de su m\u00e1s preciada obra, la Torre Eiffel. No obstante, lo m\u00e1s fascinante de la ciudad de la luz, es que inspira y cautiva a quien la visita.<\/p>\n<\/div>\n<p><!--more Leer m\u00e1s--><\/p>\n<div class=\"blog-content clearfix\">\n<div class=\"content-wrap clearfix\">\n<h3>Moda en Par\u00eds:<\/h3>\n<p>Recorrer las calles de Par\u00eds es una experiencia inspiradora, caminar sus calles llenas de historia y glamour nos transporta a otras \u00e9pocas en donde parece que el tiempo se hubiera detenido.\u00a0 Par\u00eds es un referente de la moda en el mundo y es por ello que artistas y dise\u00f1adores se re\u00fanen anualmente para presentar tendencias y sus \u00faltimas colecciones.<\/p>\n<p>Par\u00eds recibe anualmente a 42 millones de visitantes y tiene una poblaci\u00f3n en su \u00e1rea urbana de m\u00e1s de 2 millones de habitantes. La ciudad est\u00e1 conformada por 20 distritos dispuestos en forma de espiral y siguiendo el sentido de las agujas del reloj. Los visitantes pueden acceder a un mapa en los puntos de turismo y desplazarse f\u00e1cilmente teniendo en cuenta donde est\u00e1n ubicados\u00a0los distritos.<\/p>\n<p>Los monumentos m\u00e1s famosos y admirados mundialmente se encuentran en Par\u00eds: la Torre Eiffel, la Catedral de Notre Dame, la Avenida de los Campos El\u00edseos, el Arco del Triunfo, la Bas\u00edlica del Sacr\u00e9 C\u0153ur, el ex Hospital de Los Inv\u00e1lidos, el Pante\u00f3n, el Arco de la Defensa, la \u00d3pera Garnier, el barrio de Montmartre, el Museo de Louvre, el Museo de Orsay y el Museo Nacional de Historia Natural de Francia, entre otros.<\/p>\n<p>Par\u00eds tiene diferentes nombres o connotaciones a nivel mundial. La Avenida de los Campos El\u00edseos que ha sido llamada \u00abla avenida m\u00e1s hermosa del mundo\u00bb, es una de las principales calles comerciales de Par\u00eds. Originalmente fue un jard\u00edn y se ha convertido en gran avenida-paseo que conecta el Arco del Triunfo con la Plaza de la Concordia.\u00a0 Cerca de all\u00ed, la Avenue Montaigne, es de marcas de lujo como Channel, Dior y Givenchy.<\/p>\n<p>Actualmente Par\u00eds es llamada tambi\u00e9n la capital mundial de la moda. La Place Vend\u00f4me es famosa por sus hoteles de lujo y sus joyeros. Dentro del mismo sector est\u00e1 el Triangle d&#8217;Or que es una zona elitista de Par\u00eds comprendida entre las avenidas Montaigne, Georges V y un tramo de los Campos El\u00edseos, que destaca por la alta moda y es sede de grandes marcas\u00a0como Herm\u00e8s y Christian Lacroix.\u00a0 En la zona en torno a la \u00d3pera Garnier est\u00e1 la m\u00e1s alta concentraci\u00f3n de grandes almacenes de moda como el Printemps y las Galeries Lafayette Haussmann.\u00a0 Otro referente de la moda parisina es Le Marais, considerado uno de los barrios m\u00e1s cosmopolitas del viejo continente.<\/p>\n<p>Paris es tambi\u00e9n la ciudad del amor, cautivadora, encantadora y po\u00e9tica. La ciudad rom\u00e1ntica invita a salir de los caminos conocidos y agregar un poco de sorpresa a los sentimientos.<\/p>\n<p>Visita nuestra boutique\u00a0<a href=\"http:\/\/thecloset.co\/mujer\">TheCloset.Co<\/a>\u00a0 Calle 80 # 13 &#8211; 09 en Bogot\u00e1-Colombia (detr\u00e1s del CC Atlantis Plaza) #Dise\u00f1oIndependiente #HechoEnColombia #MadeInColombia #CompraColombiano<\/p>\n<p><strong>\u00danete a nuestra red!<\/strong><\/p>\n<p>Si estas interesado en hacer parte de la #RedDeDise\u00f1adores escr\u00edbenos al correo\u00a0<a href=\"mailto:contacto@thecloset.co\">contacto@thecloset.co<\/a>\u00a0con informaci\u00f3n de tu marca y fotos de los productos.<\/p>\n<p>S\u00edguenos en nuestras redes:\u00a0<a href=\"https:\/\/www.facebook.com\/thecloset.co.diseno\/?fref=ts\">Facebook<\/a>,\u00a0<a href=\"https:\/\/www.instagram.com\/theclosetco\/\">Instagram<\/a><\/p>\n<p>Fuentes: <a href=\"http:\/\/es.wikipedia.org\/wiki\/Par%C3%ADs\">http:\/\/es.wikipedia.org\/wiki\/Par%C3%ADs<\/a><\/p>\n<p>&nbsp;<\/p>\n<\/div>\n<\/div>\n","protected":false},"excerpt":{"rendered":"<p>Je t\u00b4aime Par\u00eds Par\u00eds es\u00a0un destino obligado para los amantes del arte, el dise\u00f1o y la moda.\u00a0 La capital de Francia, anualmente recibe millones de turistas ansiosos de conocer la majestuosa arquitectura medieval que bordea el r\u00edo Sena, los imponentes museos que guardan la historia del arte del mundo, la reconocida gastronom\u00eda francesa y el&#8230;<\/p>\n","protected":false},"author":1,"featured_media":479,"comment_status":"open","ping_status":"open","sticky":false,"template":"","format":"standard","meta":{"footnotes":""},"categories":[1],"tags":[],"_links":{"self":[{"href":"https:\/\/thecloset.co\/blog\/wp-json\/wp\/v2\/posts\/1"}],"collection":[{"href":"https:\/\/thecloset.co\/blog\/wp-json\/wp\/v2\/posts"}],"about":[{"href":"https:\/\/thecloset.co\/blog\/wp-json\/wp\/v2\/types\/post"}],"author":[{"embeddable":true,"href":"https:\/\/thecloset.co\/blog\/wp-json\/wp\/v2\/users\/1"}],"replies":[{"embeddable":true,"href":"https:\/\/thecloset.co\/blog\/wp-json\/wp\/v2\/comments?post=1"}],"version-history":[{"count":7,"href":"https:\/\/thecloset.co\/blog\/wp-json\/wp\/v2\/posts\/1\/revisions"}],"predecessor-version":[{"id":2051,"href":"https:\/\/thecloset.co\/blog\/wp-json\/wp\/v2\/posts\/1\/revisions\/2051"}],"wp:featuredmedia":[{"embeddable":true,"href":"https:\/\/thecloset.co\/blog\/wp-json\/wp\/v2\/media\/479"}],"wp:attachment":[{"href":"https:\/\/thecloset.co\/blog\/wp-json\/wp\/v2\/media?parent=1"}],"wp:term":[{"taxonomy":"category","embeddable":true,"href":"https:\/\/thecloset.co\/blog\/wp-json\/wp\/v2\/categories?post=1"},{"taxonomy":"post_tag","embeddable":true,"href":"https:\/\/thecloset.co\/blog\/wp-json\/wp\/v2\/tags?post=1"}],"curies":[{"name":"wp","href":"https:\/\/api.w.org\/{rel}","templated":true}]}}