{"id":1014,"date":"2015-12-03T16:59:09","date_gmt":"2015-12-03T16:59:09","guid":{"rendered":"http:\/\/thecloset.co\/blog\/?p=1014"},"modified":"2017-08-23T17:30:08","modified_gmt":"2017-08-23T17:30:08","slug":"el-black-friday-en-colombia","status":"publish","type":"post","link":"https:\/\/thecloset.co\/blog\/el-black-friday-en-colombia\/","title":{"rendered":"EL BLACK FRIDAY EN COLOMBIA"},"content":{"rendered":"<h2>Black Friday: El d\u00eda con m\u00e1s descuentos en Colombia<\/h2>\n<p>El Black Friday (Viernes negro) es un concepto de compras con incre\u00edbles descuentos que se origino en Estados Unidos celebr\u00e1ndose un d\u00eda despu\u00e9s del d\u00eda de acci\u00f3n de gracias, poco a poco el Black Friday\u00a0se ha ido extendido por el mundo haciendo que muchos pa\u00edses adapten estas termino.<\/p>\n<p><!--more Leer m\u00e1s--><\/p>\n<p>Gracias a la tecnolog\u00eda Colombia pudo adaptar el Black Friday y traerlo al mercado de los consumidores colombianos, a trav\u00e9s del eCommerce que coge cada vez m\u00e1s fuerza en nuestro pa\u00eds.<\/p>\n<p>Seg\u00fan reportes m\u00e1s de 120 comercios estuvieron vinculados con promociones de sus productos haciendo de este que m\u00e1s de 500.000 personas aprovecharan el Black Friday con ofertas que se publicaron en ciertas p\u00e1ginas destacadas a trav\u00e9s de sus tiendas online.<\/p>\n<p>Vemos c\u00f3mo el alcance de los consumidores colombianos cada ves esta m\u00e1s actualizado y moderno, permiti\u00e9ndonos obtener muchas m\u00e1s opciones a la hora de comprar, cabe destacar que los\u00a0eCommerce hoy en d\u00eda\u00a0juegan un rol determinante a la hora de adaptar tendencias y ampliar el mundo de posibilidades a los consumidores.<\/p>\n<p>&nbsp;<\/p>\n<p>Para m\u00e1s informaci\u00f3n haz clic <a href=\"http:\/\/www.eltiempo.com\/tecnosfera\/novedades-tecnologia\/descuentos-por-black-friday\/16443657\" target=\"_blank\">aqu\u00ed<\/a>.<\/p>\n<p>&nbsp;<\/p>\n<p>Visita nuestra boutique\u00a0<a href=\"http:\/\/thecloset.co\/\">TheCloset.Co<\/a>\u00a0 Calle 80 # 13 &#8211; 09 en Bogot\u00e1-Colombia (detr\u00e1s del CC Atlantis Plaza) #Dise\u00f1oIndependiente #HechoEnColombia #MadeInColombia #CompraColombiano<\/p>\n<p><strong>\u00danete a nuestra red!<\/strong><\/p>\n<p>Si estas interesado en hacer parte de la #RedDeDise\u00f1adores escr\u00edbenos al correo\u00a0<a href=\"mailto:contacto@thecloset.co\">contacto@thecloset.co<\/a>\u00a0con informaci\u00f3n de tu marca y fotos de los productos.<\/p>\n<p>S\u00edguenos en nuestras redes:\u00a0<a href=\"https:\/\/www.facebook.com\/thecloset.co.diseno\/?fref=ts\">Facebook<\/a>,\u00a0<a href=\"https:\/\/www.instagram.com\/theclosetco\/\">Instagram<\/a><\/p>\n<p>&nbsp;<\/p>\n<p>Fuente imagen:\u00a0http:\/\/dealnews.com\/features\/Amazon-and-Newegg-Will-Offer-the-Best-Black-Friday-Deals-Online\/888212.html<\/p>\n<p>&nbsp;<\/p>\n","protected":false},"excerpt":{"rendered":"<p>Black Friday: El d\u00eda con m\u00e1s descuentos en Colombia El Black Friday (Viernes negro) es un concepto de compras con incre\u00edbles descuentos que se origino en Estados Unidos celebr\u00e1ndose un d\u00eda despu\u00e9s del d\u00eda de acci\u00f3n de gracias, poco a poco el Black Friday\u00a0se ha ido extendido por el mundo haciendo que muchos pa\u00edses adapten&#8230;<\/p>\n","protected":false},"author":3,"featured_media":1017,"comment_status":"open","ping_status":"open","sticky":false,"template":"","format":"standard","meta":{"footnotes":""},"categories":[99],"tags":[],"_links":{"self":[{"href":"https:\/\/thecloset.co\/blog\/wp-json\/wp\/v2\/posts\/1014"}],"collection":[{"href":"https:\/\/thecloset.co\/blog\/wp-json\/wp\/v2\/posts"}],"about":[{"href":"https:\/\/thecloset.co\/blog\/wp-json\/wp\/v2\/types\/post"}],"author":[{"embeddable":true,"href":"https:\/\/thecloset.co\/blog\/wp-json\/wp\/v2\/users\/3"}],"replies":[{"embeddable":true,"href":"https:\/\/thecloset.co\/blog\/wp-json\/wp\/v2\/comments?post=1014"}],"version-history":[{"count":4,"href":"https:\/\/thecloset.co\/blog\/wp-json\/wp\/v2\/posts\/1014\/revisions"}],"predecessor-version":[{"id":2000,"href":"https:\/\/thecloset.co\/blog\/wp-json\/wp\/v2\/posts\/1014\/revisions\/2000"}],"wp:featuredmedia":[{"embeddable":true,"href":"https:\/\/thecloset.co\/blog\/wp-json\/wp\/v2\/media\/1017"}],"wp:attachment":[{"href":"https:\/\/thecloset.co\/blog\/wp-json\/wp\/v2\/media?parent=1014"}],"wp:term":[{"taxonomy":"category","embeddable":true,"href":"https:\/\/thecloset.co\/blog\/wp-json\/wp\/v2\/categories?post=1014"},{"taxonomy":"post_tag","embeddable":true,"href":"https:\/\/thecloset.co\/blog\/wp-json\/wp\/v2\/tags?post=1014"}],"curies":[{"name":"wp","href":"https:\/\/api.w.org\/{rel}","templated":true}]}}