{"id":1030,"date":"2015-12-04T16:58:33","date_gmt":"2015-12-04T16:58:33","guid":{"rendered":"http:\/\/thecloset.co\/blog\/?p=1030"},"modified":"2017-08-23T17:28:49","modified_gmt":"2017-08-23T17:28:49","slug":"disena-tu-exito","status":"publish","type":"post","link":"https:\/\/thecloset.co\/blog\/disena-tu-exito\/","title":{"rendered":"DISE\u00d1A TU \u00c9XITO"},"content":{"rendered":"<h2 style=\"background: white; vertical-align: baseline; margin: 0cm 0cm 18.75pt 0cm;\">Dise\u00f1ar y crear tu camino al \u00e9xito<\/h2>\n<p style=\"background: white; vertical-align: baseline; margin: 0cm 0cm 18.75pt 0cm;\">Muchos de nosotros caemos en el error de esperar que el\u00a0\u00e9xito toque a nuestra puerta, pero no es as\u00ed, debemos denominar el \u00e9xito como si fuera un lugar, uno al que queremos llegar, pero tambi\u00e9n debemos pensar en el camino que debemos emprender para llegar hasta \u00e9l, la auto-realizaci\u00f3n de lograr nuestros sue\u00f1os y deseos es posible sin importan cual sea tu creencia, hoy queremos decirte que el \u00e9xito es un proceso de creaci\u00f3n.<\/p>\n<p style=\"background: white; vertical-align: baseline; margin: 0cm 0cm 18.75pt 0cm;\">Visualiza tu \u00e9xito, a donde quieres llegar y c\u00f3mo quieres hacerlo, busca siempre ser una persona inspiradora m\u00e1s que famosa, trabaja duro y aprende de las experiencias que te ofrecen las empresas pero es importante que luches por trabajar para ti mismo.<\/p>\n<p style=\"background: white; vertical-align: baseline; margin: 0cm 0cm 18.75pt 0cm;\"><!--more Leer m\u00e1s--><\/p>\n<p style=\"background: white; vertical-align: baseline; margin: 0cm 0cm 18.75pt 0cm;\">Hay un dicho que dice \u201cDos cabezas piensan m\u00e1s que una\u201d, si para lograr el \u00e9xito has pensando una y otra noche con la almohada sobre una empresa que se especialic\u00e9 en lo que sabes hacer mejor, empieza a escribir sobre ello, haz borradores sobre lo que te gustar\u00eda lograr, c\u00f3mo te gustar\u00eda impactar la sociedad y por sobre todo que te diferenciar\u00eda del resto, cuando est\u00e9s enamorado por completo de tu idea ases\u00f3rate.<\/p>\n<p style=\"background: white; vertical-align: baseline; margin: 0cm 0cm 18.75pt 0cm;\">Siempre es importante buscar la asesor\u00eda de los profesionales en el tema, busca muy bien en quien vas a confiar tus sue\u00f1os y si ellos son capaces de hacerlos realidad.<\/p>\n<p style=\"background: white; vertical-align: baseline; margin: 0cm 0cm 18.75pt 0cm;\">Por eso hoy queremos contarte que <a href=\"http:\/\/thecloset.co\/servicios\" target=\"_blank\">TheCloset.co<\/a> hace los sue\u00f1os realidad, entendemos la importancia de las marcas, trabajamos en la construcci\u00f3n de su imagen e identidad corporativa, nos interesa la comunicaci\u00f3n de sus productos y servicios, lo hacemos con dedicaci\u00f3n y amor.<\/p>\n<p style=\"background: white; vertical-align: baseline; margin: 0cm 0cm 18.75pt 0cm;\"><a href=\"http:\/\/thecloset.co\/servicios\" target=\"_blank\">\u00bfQu\u00e9 hacemos?<\/a><\/p>\n<p style=\"background: white; vertical-align: baseline; margin: 0cm 0cm 18.75pt 0cm;\">Nos especializamos en hacer branding y dise\u00f1o publicitario para empresas en crecimiento, buscando lograr un nivel de recordaci\u00f3n de su marca y una acogida en el grupo objetivo destinatario.<\/p>\n<p style=\"background: white; vertical-align: baseline; margin: 0cm 0cm 18.75pt 0cm;\"><a href=\"http:\/\/thecloset.co\/servicios\" target=\"_blank\"><img loading=\"lazy\" decoding=\"async\" class=\" size-medium wp-image-945 aligncenter\" src=\"http:\/\/thecloset.co\/blog\/wp-content\/uploads\/2015\/11\/theclosetco-facebook-300x163.jpg\" alt=\"theclosetco-facebook\" width=\"300\" height=\"163\" srcset=\"https:\/\/thecloset.co\/blog\/wp-content\/uploads\/2015\/11\/theclosetco-facebook-300x163.jpg 300w, https:\/\/thecloset.co\/blog\/wp-content\/uploads\/2015\/11\/theclosetco-facebook-600x327.jpg 600w, https:\/\/thecloset.co\/blog\/wp-content\/uploads\/2015\/11\/theclosetco-facebook.jpg 808w\" sizes=\"(max-width: 300px) 100vw, 300px\" \/><\/a><\/p>\n<p style=\"background: white; vertical-align: baseline; margin: 0cm 0cm 18.75pt 0cm;\"><a href=\"http:\/\/thecloset.co\/servicios\" target=\"_blank\">TRAE TU MARCA Y COMIENZA A VENDER EN L\u00cdNEA<\/a><\/p>\n<p style=\"background: white; vertical-align: baseline; margin: 0cm 0cm 18.75pt 0cm;\">El \u00e9xito esta en tus manos, atr\u00e9vete a vivirlo y disfrutarlo \u00a1PONTE LAS PILAS!<\/p>\n<p>Visita nuestra boutique\u00a0<a href=\"http:\/\/thecloset.co\/\">TheCloset.Co<\/a>\u00a0 Calle 80 # 13 &#8211; 09 en Bogot\u00e1-Colombia (detr\u00e1s del CC Atlantis Plaza) #Dise\u00f1oIndependiente #HechoEnColombia #MadeInColombia #CompraColombiano<\/p>\n<p><strong>\u00danete a nuestra red!<\/strong><\/p>\n<p>Si estas interesado en hacer parte de la #RedDeDise\u00f1adores escr\u00edbenos al correo\u00a0<a href=\"mailto:contacto@thecloset.co\">contacto@thecloset.co<\/a>\u00a0con informaci\u00f3n de tu marca y fotos de los productos.<\/p>\n<p>S\u00edguenos en nuestras redes:\u00a0<a href=\"https:\/\/www.facebook.com\/thecloset.co.diseno\/?fref=ts\">Facebook<\/a>,\u00a0<a href=\"https:\/\/www.instagram.com\/theclosetco\/\">Instagram<\/a><\/p>\n","protected":false},"excerpt":{"rendered":"<p>Dise\u00f1ar y crear tu camino al \u00e9xito Muchos de nosotros caemos en el error de esperar que el\u00a0\u00e9xito toque a nuestra puerta, pero no es as\u00ed, debemos denominar el \u00e9xito como si fuera un lugar, uno al que queremos llegar, pero tambi\u00e9n debemos pensar en el camino que debemos emprender para llegar hasta \u00e9l, la&#8230;<\/p>\n","protected":false},"author":3,"featured_media":1035,"comment_status":"open","ping_status":"open","sticky":false,"template":"","format":"standard","meta":{"footnotes":""},"categories":[1],"tags":[],"_links":{"self":[{"href":"https:\/\/thecloset.co\/blog\/wp-json\/wp\/v2\/posts\/1030"}],"collection":[{"href":"https:\/\/thecloset.co\/blog\/wp-json\/wp\/v2\/posts"}],"about":[{"href":"https:\/\/thecloset.co\/blog\/wp-json\/wp\/v2\/types\/post"}],"author":[{"embeddable":true,"href":"https:\/\/thecloset.co\/blog\/wp-json\/wp\/v2\/users\/3"}],"replies":[{"embeddable":true,"href":"https:\/\/thecloset.co\/blog\/wp-json\/wp\/v2\/comments?post=1030"}],"version-history":[{"count":9,"href":"https:\/\/thecloset.co\/blog\/wp-json\/wp\/v2\/posts\/1030\/revisions"}],"predecessor-version":[{"id":1998,"href":"https:\/\/thecloset.co\/blog\/wp-json\/wp\/v2\/posts\/1030\/revisions\/1998"}],"wp:featuredmedia":[{"embeddable":true,"href":"https:\/\/thecloset.co\/blog\/wp-json\/wp\/v2\/media\/1035"}],"wp:attachment":[{"href":"https:\/\/thecloset.co\/blog\/wp-json\/wp\/v2\/media?parent=1030"}],"wp:term":[{"taxonomy":"category","embeddable":true,"href":"https:\/\/thecloset.co\/blog\/wp-json\/wp\/v2\/categories?post=1030"},{"taxonomy":"post_tag","embeddable":true,"href":"https:\/\/thecloset.co\/blog\/wp-json\/wp\/v2\/tags?post=1030"}],"curies":[{"name":"wp","href":"https:\/\/api.w.org\/{rel}","templated":true}]}}