{"id":1045,"date":"2015-12-09T16:40:39","date_gmt":"2015-12-09T16:40:39","guid":{"rendered":"http:\/\/thecloset.co\/blog\/?p=1045"},"modified":"2017-08-23T17:27:03","modified_gmt":"2017-08-23T17:27:03","slug":"un-street-style-para-el-2016","status":"publish","type":"post","link":"https:\/\/thecloset.co\/blog\/un-street-style-para-el-2016\/","title":{"rendered":"UN STREET STYLE PARA EL 2016"},"content":{"rendered":"<h2>Street style (Estilo callejero)<\/h2>\n<p>El estilo callejero fue acogido en su inicio por la forma espont\u00e1nea de vestir de las celebridades, pero este fue cogiendo importancia hasta el punto en el que se volvi\u00f3 tendencia en la industria de la moda.<\/p>\n<p>Podemos decir que es un fen\u00f3meno que cambio la moda, que combin\u00f3 el glamour con la comodidad, volviendo cada prenda una elecci\u00f3n cuidadosa para llevar a las calles el mejor estilo.<\/p>\n<p><!--more Leer m\u00e1s--><\/p>\n<p>La b\u00fasqueda por optar y retratar este tipo de estilo se volvi\u00f3 una b\u00fasqueda por parte de los consumidores, buscando entre marcas y dise\u00f1adores prendas exclusivas para su cl\u00f3set, que no fuera en pocos t\u00e9rminos dise\u00f1ados exclusivamente para ellos.<\/p>\n<p>&nbsp;<\/p>\n<h3><a href=\"http:\/\/thecloset.co\/\" target=\"_blank\">\u00a1Por eso amamos el dise\u00f1o independiente!<\/a><\/h3>\n<p>Aqu\u00ed te traemos algunas prendas de nuestra <a href=\"http:\/\/thecloset.co\/\" target=\"_blank\">#RedDeDise\u00f1adores<\/a> que son perfectas para un Street Style \u00fanico y diferente.<\/p>\n<p>&nbsp;<\/p>\n<p>Para un street style perfecto no puede faltar un <a href=\"http:\/\/thecloset.co\/mujer\/chaquetas\" target=\"_blank\">chaqueta<\/a> que llene de brillo tu d\u00eda,\u00a0<a href=\"http:\/\/thecloset.co\/mujer\/chaquetas\/chaqueta-mangas-lentejuelas\" target=\"_blank\">Paola Alonso\u00a0<\/a>\u00a0tiene la mejor opci\u00f3n para el glamour.<\/p>\n<p><a href=\"http:\/\/thecloset.co\/mujer\/chaquetas\/chaqueta-mangas-lentejuelas\" target=\"_blank\"><img loading=\"lazy\" decoding=\"async\" class=\"alignnone size-medium wp-image-1049\" src=\"http:\/\/thecloset.co\/blog\/wp-content\/uploads\/2015\/12\/paolaalonso008-491x491-300x300.jpg\" alt=\"paolaalonso008-491x491\" width=\"300\" height=\"300\" srcset=\"https:\/\/thecloset.co\/blog\/wp-content\/uploads\/2015\/12\/paolaalonso008-491x491-300x300.jpg 300w, https:\/\/thecloset.co\/blog\/wp-content\/uploads\/2015\/12\/paolaalonso008-491x491-100x100.jpg 100w, https:\/\/thecloset.co\/blog\/wp-content\/uploads\/2015\/12\/paolaalonso008-491x491-150x150.jpg 150w, https:\/\/thecloset.co\/blog\/wp-content\/uploads\/2015\/12\/paolaalonso008-491x491.jpg 491w\" sizes=\"(max-width: 300px) 100vw, 300px\" \/><\/a><\/p>\n<p>Un <a href=\"http:\/\/thecloset.co\/mujer\/faldas-vestidos\" target=\"_blank\">vestido<\/a> no puede faltar ni en nuestro cl\u00f3set ni para un estilo callejero, un d\u00eda soleado en la ciudad es perfecto para usarlos,\u00a0<a href=\"http:\/\/thecloset.co\/mujer\/faldas-vestidos\/vestido-camisero\" target=\"_blank\">Soloci\u00a0<\/a>\u00a0ama entregarte prendas \u00fanicas como t\u00fa.<\/p>\n<p><a href=\"http:\/\/thecloset.co\/mujer\/faldas-vestidos\/vestido-camisero\" target=\"_blank\"><img loading=\"lazy\" decoding=\"async\" class=\"alignnone size-medium wp-image-1050\" src=\"http:\/\/thecloset.co\/blog\/wp-content\/uploads\/2015\/12\/siloci_theclosetco_soloci_vestido_camisero001-600x600-300x300.jpg\" alt=\"siloci_theclosetco_soloci_vestido_camisero001-600x600\" width=\"300\" height=\"300\" srcset=\"https:\/\/thecloset.co\/blog\/wp-content\/uploads\/2015\/12\/siloci_theclosetco_soloci_vestido_camisero001-600x600-300x300.jpg 300w, https:\/\/thecloset.co\/blog\/wp-content\/uploads\/2015\/12\/siloci_theclosetco_soloci_vestido_camisero001-600x600-100x100.jpg 100w, https:\/\/thecloset.co\/blog\/wp-content\/uploads\/2015\/12\/siloci_theclosetco_soloci_vestido_camisero001-600x600.jpg 600w, https:\/\/thecloset.co\/blog\/wp-content\/uploads\/2015\/12\/siloci_theclosetco_soloci_vestido_camisero001-600x600-150x150.jpg 150w\" sizes=\"(max-width: 300px) 100vw, 300px\" \/><\/a><\/p>\n<p>&nbsp;<\/p>\n<p>Los <a href=\"http:\/\/thecloset.co\/mujer\/zapatos-botas-tenis\" target=\"_blank\">botines<\/a> de\u00a0<a href=\"http:\/\/thecloset.co\/mujer\/zapatos-botas-tenis\/Botines-negros-marca-Disonti,en-cuero,%20altura-8-y-medio,plataforma-interna-roja-oscura,red-de-dise%C3%B1adores-independientes\" target=\"_blank\">Disonti<\/a>\u00a0son imprescindibles para un street style completo, puedes usarlos con un jean y una chaqueta elegante.<\/p>\n<p><a href=\"http:\/\/thecloset.co\/mujer\/zapatos-botas-tenis\/Botines-negros-marca-Disonti,en-cuero,%20altura-8-y-medio,plataforma-interna-roja-oscura,red-de-dise%C3%B1adores-independientes\" target=\"_blank\"><img loading=\"lazy\" decoding=\"async\" class=\"alignnone size-medium wp-image-1046\" src=\"http:\/\/thecloset.co\/blog\/wp-content\/uploads\/2015\/12\/disonti_theclosetco01-491x4911-300x300.jpg\" alt=\"disonti_theclosetco01-491x491\" width=\"300\" height=\"300\" srcset=\"https:\/\/thecloset.co\/blog\/wp-content\/uploads\/2015\/12\/disonti_theclosetco01-491x4911-300x300.jpg 300w, https:\/\/thecloset.co\/blog\/wp-content\/uploads\/2015\/12\/disonti_theclosetco01-491x4911-100x100.jpg 100w, https:\/\/thecloset.co\/blog\/wp-content\/uploads\/2015\/12\/disonti_theclosetco01-491x4911-150x150.jpg 150w, https:\/\/thecloset.co\/blog\/wp-content\/uploads\/2015\/12\/disonti_theclosetco01-491x4911.jpg 491w\" sizes=\"(max-width: 300px) 100vw, 300px\" \/><\/a><\/p>\n<p>&nbsp;<\/p>\n<p>Para los hombres que viven la moda al 100% \u00a0una <a href=\"http:\/\/thecloset.co\/hombre\/chaquetas-y-sacos\" target=\"_blank\">chaqueta<\/a> de\u00a0<a href=\"http:\/\/thecloset.co\/hombre\/chaquetas-y-sacos\/chaqueta-caval\" target=\"_blank\">Manuela Mill\u00e1n\u00a0<\/a>\u00a0para un street style de viernes en la tarde es perfecto.<\/p>\n<p>&nbsp;<\/p>\n<p><a href=\"http:\/\/thecloset.co\/hombre\/chaquetas-y-sacos\/chaqueta-caval\" target=\"_blank\"><img loading=\"lazy\" decoding=\"async\" class=\"alignnone size-medium wp-image-1048\" src=\"http:\/\/thecloset.co\/blog\/wp-content\/uploads\/2015\/12\/001manuelamillanchaquetacabalhombre-491x491-300x300.jpg\" alt=\"001manuelamillanchaquetacabalhombre-491x491\" width=\"300\" height=\"300\" srcset=\"https:\/\/thecloset.co\/blog\/wp-content\/uploads\/2015\/12\/001manuelamillanchaquetacabalhombre-491x491-300x300.jpg 300w, https:\/\/thecloset.co\/blog\/wp-content\/uploads\/2015\/12\/001manuelamillanchaquetacabalhombre-491x491-100x100.jpg 100w, https:\/\/thecloset.co\/blog\/wp-content\/uploads\/2015\/12\/001manuelamillanchaquetacabalhombre-491x491-150x150.jpg 150w, https:\/\/thecloset.co\/blog\/wp-content\/uploads\/2015\/12\/001manuelamillanchaquetacabalhombre-491x491.jpg 491w\" sizes=\"(max-width: 300px) 100vw, 300px\" \/><\/a><\/p>\n<p>&nbsp;<\/p>\n<p>Recuerda que el street style es sin\u00f3nimo de glamour y comodidad, unos <a href=\"http:\/\/thecloset.co\/hombre\/pantalones-y-jeans\" target=\"_blank\">jeans <\/a>de color de\u00a0<a href=\"http:\/\/thecloset.co\/hombre\/pantalones-y-jeans\/pantalon-hombre-vinotinto\" target=\"_blank\">Carlos Guerra<\/a>\u00a0son los indicados para llevarlos por la ciudad.<\/p>\n<p>&nbsp;<\/p>\n<p><a href=\"http:\/\/thecloset.co\/hombre\/pantalones-y-jeans\/pantalon-hombre-vinotinto\" target=\"_blank\"><img loading=\"lazy\" decoding=\"async\" class=\"alignnone size-medium wp-image-1047\" src=\"http:\/\/thecloset.co\/blog\/wp-content\/uploads\/2015\/12\/020pantalonvinotintocarlosguerratheclosetco-600x600-300x300.jpg\" alt=\"020pantalonvinotintocarlosguerratheclosetco-600x600\" width=\"300\" height=\"300\" srcset=\"https:\/\/thecloset.co\/blog\/wp-content\/uploads\/2015\/12\/020pantalonvinotintocarlosguerratheclosetco-600x600-300x300.jpg 300w, https:\/\/thecloset.co\/blog\/wp-content\/uploads\/2015\/12\/020pantalonvinotintocarlosguerratheclosetco-600x600-100x100.jpg 100w, https:\/\/thecloset.co\/blog\/wp-content\/uploads\/2015\/12\/020pantalonvinotintocarlosguerratheclosetco-600x600.jpg 600w, https:\/\/thecloset.co\/blog\/wp-content\/uploads\/2015\/12\/020pantalonvinotintocarlosguerratheclosetco-600x600-150x150.jpg 150w\" sizes=\"(max-width: 300px) 100vw, 300px\" \/><\/a><\/p>\n<p>&nbsp;<\/p>\n<p>&nbsp;<\/p>\n<h4>Ven, acomp\u00e1\u00f1anos a imponer la moda en las calles de nuestra ciudad<\/h4>\n<p>Visita nuestra boutique\u00a0<a href=\"http:\/\/thecloset.co\/\">TheCloset.Co<\/a>\u00a0 Calle 80 # 13 &#8211; 09 en Bogot\u00e1-Colombia (detr\u00e1s del CC Atlantis Plaza) #Dise\u00f1oIndependiente #HechoEnColombia #MadeInColombia #CompraColombiano<\/p>\n<p><strong>\u00danete a nuestra red!<\/strong><\/p>\n<p>Si estas interesado en hacer parte de la #RedDeDise\u00f1adores escr\u00edbenos al correo\u00a0<a href=\"mailto:contacto@thecloset.co\">contacto@thecloset.co<\/a>\u00a0con informaci\u00f3n de tu marca y fotos de los productos.<\/p>\n<p>S\u00edguenos en nuestras redes:\u00a0<a href=\"https:\/\/www.facebook.com\/thecloset.co.diseno\/?fref=ts\">Facebook<\/a>,\u00a0<a href=\"https:\/\/www.instagram.com\/theclosetco\/\">Instagram<\/a><\/p>\n","protected":false},"excerpt":{"rendered":"<p>Street style (Estilo callejero) El estilo callejero fue acogido en su inicio por la forma espont\u00e1nea de vestir de las celebridades, pero este fue cogiendo importancia hasta el punto en el que se volvi\u00f3 tendencia en la industria de la moda. Podemos decir que es un fen\u00f3meno que cambio la moda, que combin\u00f3 el glamour&#8230;<\/p>\n","protected":false},"author":3,"featured_media":1052,"comment_status":"open","ping_status":"open","sticky":false,"template":"","format":"standard","meta":{"footnotes":""},"categories":[14,1],"tags":[],"_links":{"self":[{"href":"https:\/\/thecloset.co\/blog\/wp-json\/wp\/v2\/posts\/1045"}],"collection":[{"href":"https:\/\/thecloset.co\/blog\/wp-json\/wp\/v2\/posts"}],"about":[{"href":"https:\/\/thecloset.co\/blog\/wp-json\/wp\/v2\/types\/post"}],"author":[{"embeddable":true,"href":"https:\/\/thecloset.co\/blog\/wp-json\/wp\/v2\/users\/3"}],"replies":[{"embeddable":true,"href":"https:\/\/thecloset.co\/blog\/wp-json\/wp\/v2\/comments?post=1045"}],"version-history":[{"count":6,"href":"https:\/\/thecloset.co\/blog\/wp-json\/wp\/v2\/posts\/1045\/revisions"}],"predecessor-version":[{"id":1996,"href":"https:\/\/thecloset.co\/blog\/wp-json\/wp\/v2\/posts\/1045\/revisions\/1996"}],"wp:featuredmedia":[{"embeddable":true,"href":"https:\/\/thecloset.co\/blog\/wp-json\/wp\/v2\/media\/1052"}],"wp:attachment":[{"href":"https:\/\/thecloset.co\/blog\/wp-json\/wp\/v2\/media?parent=1045"}],"wp:term":[{"taxonomy":"category","embeddable":true,"href":"https:\/\/thecloset.co\/blog\/wp-json\/wp\/v2\/categories?post=1045"},{"taxonomy":"post_tag","embeddable":true,"href":"https:\/\/thecloset.co\/blog\/wp-json\/wp\/v2\/tags?post=1045"}],"curies":[{"name":"wp","href":"https:\/\/api.w.org\/{rel}","templated":true}]}}