{"id":1056,"date":"2015-12-09T17:01:39","date_gmt":"2015-12-09T17:01:39","guid":{"rendered":"http:\/\/thecloset.co\/blog\/?p=1056"},"modified":"2017-08-23T17:18:02","modified_gmt":"2017-08-23T17:18:02","slug":"accesorios-imprecindibles","status":"publish","type":"post","link":"https:\/\/thecloset.co\/blog\/accesorios-imprecindibles\/","title":{"rendered":"ACCESORIOS IMPRESCINDIBLES"},"content":{"rendered":"<h2>Nuevo a\u00f1o, nueva temporada<\/h2>\n<p>Para este nuevo a\u00f1o busquemos transmitir nuestros pensamientos y sentimientos, los accesorios a parte de ser imprescindibles para complementar nuestro outfit son parte de nosotros, reflejan nuestro estilo y nuestra personalidad.<\/p>\n<p><!--more Leer m\u00e1s--><\/p>\n<p>Definir que tipo de accesorios es importante, esto habla mucho de tu personalidad y tu estilo, escoge cada uno de ellos muy bien, usalos bien que no sumen ni resten, que sean perfectos para tu outfit.<\/p>\n<p><a href=\"http:\/\/thecloset.co\/accesorios-disenadores-independientes\/collares\" target=\"_blank\">Collares<\/a> <a href=\"http:\/\/thecloset.co\/accesorios-disenadores-independientes\/collares%20\/collar-corazon\" target=\"_blank\">Enfok2<\/a><\/p>\n<p>Seg\u00fan el\u00a0outfit que hayas elegido para el d\u00eda, utiliza un collar que resalte tu escote, es importante que estos localicen la atenci\u00f3n en tu rostro y no en otras zonas.<\/p>\n<p><a href=\"http:\/\/thecloset.co\/accesorios-disenadores-independientes\/collares%20\/collar-corazon\" target=\"_blank\"><img loading=\"lazy\" decoding=\"async\" class=\"alignnone size-medium wp-image-1058\" src=\"http:\/\/thecloset.co\/blog\/wp-content\/uploads\/2015\/12\/enfok2bananashoot00211-491x491-300x300.jpg\" alt=\"enfok2bananashoot00211-491x491\" width=\"300\" height=\"300\" srcset=\"https:\/\/thecloset.co\/blog\/wp-content\/uploads\/2015\/12\/enfok2bananashoot00211-491x491-300x300.jpg 300w, https:\/\/thecloset.co\/blog\/wp-content\/uploads\/2015\/12\/enfok2bananashoot00211-491x491-100x100.jpg 100w, https:\/\/thecloset.co\/blog\/wp-content\/uploads\/2015\/12\/enfok2bananashoot00211-491x491-150x150.jpg 150w, https:\/\/thecloset.co\/blog\/wp-content\/uploads\/2015\/12\/enfok2bananashoot00211-491x491.jpg 491w\" sizes=\"(max-width: 300px) 100vw, 300px\" \/><\/a><\/p>\n<p><a href=\"http:\/\/thecloset.co\/accesorios-disenadores-independientes\/aretes\" target=\"_blank\">Aretes <\/a><a href=\"http:\/\/thecloset.co\/accesorios-disenadores-independientes\/aretes\/aretes-amatista\" target=\"_blank\">P\u00e1jaro de Fuego<\/a><\/p>\n<p>Los <a href=\"http:\/\/thecloset.co\/accesorios-disenadores-independientes\/aretes\" target=\"_blank\">aretes<\/a> peque\u00f1os son perfectos para cuando quieres recogerte el cabello, perfectos para una fiesta o un d\u00eda de street style.<\/p>\n<p><a href=\"http:\/\/thecloset.co\/accesorios-disenadores-independientes\/aretes\/aretes-amatista\" target=\"_blank\"><img loading=\"lazy\" decoding=\"async\" class=\"alignnone size-medium wp-image-1057\" src=\"http:\/\/thecloset.co\/blog\/wp-content\/uploads\/2015\/12\/pajarodefuegoretocadas019-600x600-300x300.jpg\" alt=\"pajarodefuegoretocadas019-600x600\" width=\"300\" height=\"300\" srcset=\"https:\/\/thecloset.co\/blog\/wp-content\/uploads\/2015\/12\/pajarodefuegoretocadas019-600x600-300x300.jpg 300w, https:\/\/thecloset.co\/blog\/wp-content\/uploads\/2015\/12\/pajarodefuegoretocadas019-600x600-100x100.jpg 100w, https:\/\/thecloset.co\/blog\/wp-content\/uploads\/2015\/12\/pajarodefuegoretocadas019-600x600.jpg 600w, https:\/\/thecloset.co\/blog\/wp-content\/uploads\/2015\/12\/pajarodefuegoretocadas019-600x600-150x150.jpg 150w\" sizes=\"(max-width: 300px) 100vw, 300px\" \/><\/a><\/p>\n<p><a href=\"http:\/\/thecloset.co\/accesorios-disenadores-independientes\/anillos-pulseras\" target=\"_blank\">Pulseras<\/a> <a href=\"http:\/\/thecloset.co\/accesorios-disenadores-independientes\/anillos-pulseras\/brazalete-grande-dorado\" target=\"_blank\">Bareke<\/a><\/p>\n<p>Las <a href=\"http:\/\/thecloset.co\/accesorios-disenadores-independientes\/anillos-pulseras\" target=\"_blank\">pulseras<\/a> le brindan mucho estilo a tu atuendo, un secreto de la moda que te revelamos es que puedes usarlas siempre y cuando tu atuendo sea sobrio y a un solo tono.<\/p>\n<p><a href=\"http:\/\/thecloset.co\/accesorios-disenadores-independientes\/anillos-pulseras\/brazalete-grande-dorado\" target=\"_blank\"><img loading=\"lazy\" decoding=\"async\" class=\"alignnone size-medium wp-image-1059\" src=\"http:\/\/thecloset.co\/blog\/wp-content\/uploads\/2015\/12\/barekedisenotheclosetcobrazaletegrandedorado001-600x600-300x300.jpg\" alt=\"barekedisenotheclosetcobrazaletegrandedorado001-600x600\" width=\"300\" height=\"300\" srcset=\"https:\/\/thecloset.co\/blog\/wp-content\/uploads\/2015\/12\/barekedisenotheclosetcobrazaletegrandedorado001-600x600-300x300.jpg 300w, https:\/\/thecloset.co\/blog\/wp-content\/uploads\/2015\/12\/barekedisenotheclosetcobrazaletegrandedorado001-600x600-100x100.jpg 100w, https:\/\/thecloset.co\/blog\/wp-content\/uploads\/2015\/12\/barekedisenotheclosetcobrazaletegrandedorado001-600x600.jpg 600w, https:\/\/thecloset.co\/blog\/wp-content\/uploads\/2015\/12\/barekedisenotheclosetcobrazaletegrandedorado001-600x600-150x150.jpg 150w\" sizes=\"(max-width: 300px) 100vw, 300px\" \/><\/a><\/p>\n<p>Visita nuestra boutique\u00a0<a href=\"http:\/\/thecloset.co\/\">TheCloset.Co<\/a>\u00a0 Calle 80 # 13 &#8211; 09 en Bogot\u00e1-Colombia (detr\u00e1s del CC Atlantis Plaza) #Dise\u00f1oIndependiente #HechoEnColombia #MadeInColombia #CompraColombiano<\/p>\n<p><strong>\u00danete a nuestra red!<\/strong><\/p>\n<p>Si estas interesado en hacer parte de la #RedDeDise\u00f1adores escr\u00edbenos al correo\u00a0<a href=\"mailto:contacto@thecloset.co\">contacto@thecloset.co<\/a>\u00a0con informaci\u00f3n de tu marca y fotos de los productos.<\/p>\n<p>S\u00edguenos en nuestras redes:\u00a0<a href=\"https:\/\/www.facebook.com\/thecloset.co.diseno\/?fref=ts\">Facebook<\/a>,\u00a0<a href=\"https:\/\/www.instagram.com\/theclosetco\/\">Instagram<\/a><\/p>\n","protected":false},"excerpt":{"rendered":"<p>Nuevo a\u00f1o, nueva temporada Para este nuevo a\u00f1o busquemos transmitir nuestros pensamientos y sentimientos, los accesorios a parte de ser imprescindibles para complementar nuestro outfit son parte de nosotros, reflejan nuestro estilo y nuestra personalidad.<\/p>\n","protected":false},"author":3,"featured_media":1053,"comment_status":"open","ping_status":"open","sticky":false,"template":"","format":"standard","meta":{"footnotes":""},"categories":[1],"tags":[],"_links":{"self":[{"href":"https:\/\/thecloset.co\/blog\/wp-json\/wp\/v2\/posts\/1056"}],"collection":[{"href":"https:\/\/thecloset.co\/blog\/wp-json\/wp\/v2\/posts"}],"about":[{"href":"https:\/\/thecloset.co\/blog\/wp-json\/wp\/v2\/types\/post"}],"author":[{"embeddable":true,"href":"https:\/\/thecloset.co\/blog\/wp-json\/wp\/v2\/users\/3"}],"replies":[{"embeddable":true,"href":"https:\/\/thecloset.co\/blog\/wp-json\/wp\/v2\/comments?post=1056"}],"version-history":[{"count":8,"href":"https:\/\/thecloset.co\/blog\/wp-json\/wp\/v2\/posts\/1056\/revisions"}],"predecessor-version":[{"id":1995,"href":"https:\/\/thecloset.co\/blog\/wp-json\/wp\/v2\/posts\/1056\/revisions\/1995"}],"wp:featuredmedia":[{"embeddable":true,"href":"https:\/\/thecloset.co\/blog\/wp-json\/wp\/v2\/media\/1053"}],"wp:attachment":[{"href":"https:\/\/thecloset.co\/blog\/wp-json\/wp\/v2\/media?parent=1056"}],"wp:term":[{"taxonomy":"category","embeddable":true,"href":"https:\/\/thecloset.co\/blog\/wp-json\/wp\/v2\/categories?post=1056"},{"taxonomy":"post_tag","embeddable":true,"href":"https:\/\/thecloset.co\/blog\/wp-json\/wp\/v2\/tags?post=1056"}],"curies":[{"name":"wp","href":"https:\/\/api.w.org\/{rel}","templated":true}]}}