{"id":1065,"date":"2015-12-10T16:45:33","date_gmt":"2015-12-10T16:45:33","guid":{"rendered":"http:\/\/thecloset.co\/blog\/?p=1065"},"modified":"2017-08-23T17:17:16","modified_gmt":"2017-08-23T17:17:16","slug":"el-estilo-boho-con-thecloset-co","status":"publish","type":"post","link":"https:\/\/thecloset.co\/blog\/el-estilo-boho-con-thecloset-co\/","title":{"rendered":"EL ESTILO BOHO CON THECLOSET.CO"},"content":{"rendered":"<h2>Un estilo Boho Chic<\/h2>\n<p>Este tipo de estilo no referencia una prenda como tal, es m\u00e1s que todo el riesgo que tomamos a la hora de vestirnos, con prendas con movimiento y accesorios \u00fanicos en su dise\u00f1o.<\/p>\n<p>Pero si tiene una esencia que lo caracteriza como estilo, las prendas por lo general son c\u00f3modas y los <a href=\"http:\/\/thecloset.co\/accesorios-disenadores-independientes\" target=\"_blank\">accesorios<\/a> encuentran la perfecci\u00f3n de la magia, muchas veces al llegar la noche nos preguntamos que debemos utilizar de acuerdo a la ma\u00f1ana siguiente, el evento pr\u00f3ximo o la cita esperada, pues te aconsejamos que pienses en todo lo que sea que refleje lo que tu eres, siempre difer\u00e9nciate del resto por ser \u00fanico en todo sentido.<\/p>\n<p><!--more Leer m\u00e1s--><\/p>\n<p>Sin embargo hay d\u00edas en los que los colores sobrios y los complementos imponentes hacen un estilo espectacular, esta tendencia tiene como protagonista los <a href=\"http:\/\/thecloset.co\/mujer\/faldas-vestidos\" target=\"_blank\">vestidos <\/a>con estampados, cinturones grandes, el movimiento en las prendas nos brinda un\u00a0aire relajado pero muy sofisticado.<\/p>\n<p>Atr\u00e9vete y busca nuevas alternativas que se acerca cada vez m\u00e1s a lo que eres en esencia y por como quieres ser recordado.<\/p>\n<p>Aqu\u00ed te mostramos algunas prendas que van perfecto con un estilo <strong>Boho Chic<\/strong> perfecto para cualquier ocasi\u00f3n.<\/p>\n<p><a href=\"http:\/\/thecloset.co\/mujer\/faldas-vestidos\/falda-larga-a-rayas\" target=\"_blank\">Soloci<\/a> es experto en las prendas con movimientos, al igual que ellos toma riesgos y utiliza un falda que te brinde un estilo Boho chic para un s\u00e1bado con amigos.<\/p>\n<p>&nbsp;<\/p>\n<p>&nbsp;<\/p>\n<p>&nbsp;<\/p>\n<p><a href=\"http:\/\/thecloset.co\/mujer\/faldas-vestidos\/falda-larga-a-rayas\" target=\"_blank\"><img loading=\"lazy\" decoding=\"async\" class=\"alignnone size-medium wp-image-1071\" src=\"http:\/\/thecloset.co\/blog\/wp-content\/uploads\/2015\/12\/siloci_theclosetco_falda_larga001-491x491-300x300.jpg\" alt=\"siloci_theclosetco_falda_larga001-491x491\" width=\"300\" height=\"300\" srcset=\"https:\/\/thecloset.co\/blog\/wp-content\/uploads\/2015\/12\/siloci_theclosetco_falda_larga001-491x491-300x300.jpg 300w, https:\/\/thecloset.co\/blog\/wp-content\/uploads\/2015\/12\/siloci_theclosetco_falda_larga001-491x491-100x100.jpg 100w, https:\/\/thecloset.co\/blog\/wp-content\/uploads\/2015\/12\/siloci_theclosetco_falda_larga001-491x491-150x150.jpg 150w, https:\/\/thecloset.co\/blog\/wp-content\/uploads\/2015\/12\/siloci_theclosetco_falda_larga001-491x491.jpg 491w\" sizes=\"(max-width: 300px) 100vw, 300px\" \/><\/a><\/p>\n<p>&nbsp;<\/p>\n<p>&nbsp;<\/p>\n<p><a href=\"http:\/\/thecloset.co\/mujer\/blusas-camisetas\/crop-top-tejido-negro\" target=\"_blank\">Tianna<\/a> no solo te brinda comodidad con este <a href=\"http:\/\/thecloset.co\/mujer\/blusas-camisetas\/crop-top-tejido-negro\" target=\"_blank\">croptop <\/a>tejido, sino un estilo muy Boho chic, estar c\u00f3moda y ser sofisticada al mismo tiempo es posible.<\/p>\n<p><a href=\"http:\/\/thecloset.co\/mujer\/blusas-camisetas\/crop-top-tejido-negro\" target=\"_blank\"><img loading=\"lazy\" decoding=\"async\" class=\"alignnone size-medium wp-image-1072\" src=\"http:\/\/thecloset.co\/blog\/wp-content\/uploads\/2015\/12\/croptoptejidotiannanegro01-491x491-300x300.jpg\" alt=\"croptoptejidotiannanegro01-491x491\" width=\"300\" height=\"300\" srcset=\"https:\/\/thecloset.co\/blog\/wp-content\/uploads\/2015\/12\/croptoptejidotiannanegro01-491x491-300x300.jpg 300w, https:\/\/thecloset.co\/blog\/wp-content\/uploads\/2015\/12\/croptoptejidotiannanegro01-491x491-100x100.jpg 100w, https:\/\/thecloset.co\/blog\/wp-content\/uploads\/2015\/12\/croptoptejidotiannanegro01-491x491-150x150.jpg 150w, https:\/\/thecloset.co\/blog\/wp-content\/uploads\/2015\/12\/croptoptejidotiannanegro01-491x491.jpg 491w\" sizes=\"(max-width: 300px) 100vw, 300px\" \/><\/a><\/p>\n<p>&nbsp;<\/p>\n<p>Visita nuestra boutique\u00a0<a href=\"http:\/\/thecloset.co\/\">TheCloset.Co<\/a>\u00a0 Calle 80 # 13 &#8211; 09 en Bogot\u00e1-Colombia (detr\u00e1s del CC Atlantis Plaza) #Dise\u00f1oIndependiente #HechoEnColombia #MadeInColombia #CompraColombiano<\/p>\n<p><strong>\u00danete a nuestra red!<\/strong><\/p>\n<p>Si estas interesado en hacer parte de la #RedDeDise\u00f1adores escr\u00edbenos al correo\u00a0<a href=\"mailto:contacto@thecloset.co\">contacto@thecloset.co<\/a>\u00a0con informaci\u00f3n de tu marca y fotos de los productos.<\/p>\n<p>S\u00edguenos en nuestras redes:\u00a0<a href=\"https:\/\/www.facebook.com\/thecloset.co.diseno\/?fref=ts\">Facebook<\/a>,\u00a0<a href=\"https:\/\/www.instagram.com\/theclosetco\/\">Instagram<\/a><\/p>\n","protected":false},"excerpt":{"rendered":"<p>Un estilo Boho Chic Este tipo de estilo no referencia una prenda como tal, es m\u00e1s que todo el riesgo que tomamos a la hora de vestirnos, con prendas con movimiento y accesorios \u00fanicos en su dise\u00f1o. Pero si tiene una esencia que lo caracteriza como estilo, las prendas por lo general son c\u00f3modas y&#8230;<\/p>\n","protected":false},"author":3,"featured_media":1067,"comment_status":"open","ping_status":"open","sticky":false,"template":"","format":"standard","meta":{"footnotes":""},"categories":[1],"tags":[],"_links":{"self":[{"href":"https:\/\/thecloset.co\/blog\/wp-json\/wp\/v2\/posts\/1065"}],"collection":[{"href":"https:\/\/thecloset.co\/blog\/wp-json\/wp\/v2\/posts"}],"about":[{"href":"https:\/\/thecloset.co\/blog\/wp-json\/wp\/v2\/types\/post"}],"author":[{"embeddable":true,"href":"https:\/\/thecloset.co\/blog\/wp-json\/wp\/v2\/users\/3"}],"replies":[{"embeddable":true,"href":"https:\/\/thecloset.co\/blog\/wp-json\/wp\/v2\/comments?post=1065"}],"version-history":[{"count":3,"href":"https:\/\/thecloset.co\/blog\/wp-json\/wp\/v2\/posts\/1065\/revisions"}],"predecessor-version":[{"id":1994,"href":"https:\/\/thecloset.co\/blog\/wp-json\/wp\/v2\/posts\/1065\/revisions\/1994"}],"wp:featuredmedia":[{"embeddable":true,"href":"https:\/\/thecloset.co\/blog\/wp-json\/wp\/v2\/media\/1067"}],"wp:attachment":[{"href":"https:\/\/thecloset.co\/blog\/wp-json\/wp\/v2\/media?parent=1065"}],"wp:term":[{"taxonomy":"category","embeddable":true,"href":"https:\/\/thecloset.co\/blog\/wp-json\/wp\/v2\/categories?post=1065"},{"taxonomy":"post_tag","embeddable":true,"href":"https:\/\/thecloset.co\/blog\/wp-json\/wp\/v2\/tags?post=1065"}],"curies":[{"name":"wp","href":"https:\/\/api.w.org\/{rel}","templated":true}]}}