{"id":1114,"date":"2015-12-14T17:36:15","date_gmt":"2015-12-14T17:36:15","guid":{"rendered":"http:\/\/thecloset.co\/blog\/?p=1114"},"modified":"2017-08-23T17:11:54","modified_gmt":"2017-08-23T17:11:54","slug":"ideas-para-vestirte-en-navidad","status":"publish","type":"post","link":"https:\/\/thecloset.co\/blog\/ideas-para-vestirte-en-navidad\/","title":{"rendered":"IDEAS PARA VESTIRTE EN NAVIDAD"},"content":{"rendered":"<h1>Vestir para navidad con mucho estilo<\/h1>\n<p>Se acerca el d\u00eda m\u00e1s bonito del a\u00f1o para compartir en familia y dar regalos a todos nuestros seres queridos, un d\u00eda tambi\u00e9n en el que nos matamos la cabeza pensando&#8230; \u00a1\u00bfQu\u00e9 me pongo?! una y mil veces la pregunta al igual que unas cuantas miradas a nuestros cl\u00f3set. Bueno deja de preocuparte y disfruta de estas ideas que te damos para que te vistas al mejor estilo del dise\u00f1o independiente en navidad.<\/p>\n<p><!--more Leer m\u00e1s--><\/p>\n<p>Tu estilo esa noche depende del lugar en donde vayas a celebras navidad, ya que cada outfit es diferente para una cena familiar a una celebraci\u00f3n con mucha gente en un restaurante.<\/p>\n<p>Si es una ocasi\u00f3n que requiere de un outfit m\u00e1s formal opta por utilizar un vestido que resalte tu silueta pero tambi\u00e9n retrate tu personalidad al 100%, aqu\u00ed te dejamos una idea perfecta para sorprender a todos esa noche.<\/p>\n<h3><a href=\"http:\/\/thecloset.co\/mujer\/faldas-vestidos\/vestido-lentejuelas-degrade\" target=\"_blank\">Paola Alonso\u00a0&#8211; Vestido lentejuelas<\/a><\/h3>\n<p><a href=\"http:\/\/thecloset.co\/mujer\/faldas-vestidos\/vestido-lentejuelas-degrade\" target=\"_blank\"><img loading=\"lazy\" decoding=\"async\" class=\"alignnone size-medium wp-image-708\" src=\"http:\/\/thecloset.co\/blog\/wp-content\/uploads\/2015\/11\/paola-alonso-014-491x491-300x300.jpg\" alt=\"paola-alonso-014-491x491\" width=\"300\" height=\"300\" srcset=\"https:\/\/thecloset.co\/blog\/wp-content\/uploads\/2015\/11\/paola-alonso-014-491x491-300x300.jpg 300w, https:\/\/thecloset.co\/blog\/wp-content\/uploads\/2015\/11\/paola-alonso-014-491x491-100x100.jpg 100w, https:\/\/thecloset.co\/blog\/wp-content\/uploads\/2015\/11\/paola-alonso-014-491x491-150x150.jpg 150w, https:\/\/thecloset.co\/blog\/wp-content\/uploads\/2015\/11\/paola-alonso-014-491x491.jpg 491w\" sizes=\"(max-width: 300px) 100vw, 300px\" \/><\/a><\/p>\n<p>&nbsp;<\/p>\n<p>Si la ocasi\u00f3n amerita un outfit m\u00e1s informal, una buena idea por la que puedes optar es por utilizar un vestido no tan formal pero que te haga lucir muy bien, bella y con mucho estilo.<\/p>\n<h3><a href=\"http:\/\/thecloset.co\/mujer\/faldas-vestidos\/vestido-estampado-rosado\" target=\"_blank\">Alter+Native\u00a0&#8211; Vestido Estampado Rosado<\/a><\/h3>\n<p><a href=\"http:\/\/thecloset.co\/mujer\/faldas-vestidos\/vestido-estampado-rosado\" target=\"_blank\"><img loading=\"lazy\" decoding=\"async\" class=\"alignnone size-medium wp-image-1119\" src=\"http:\/\/thecloset.co\/blog\/wp-content\/uploads\/2015\/12\/alter-native-thecloset-vestido-estampado-rosado-001-491x491-300x300.jpg\" alt=\"alter-native-thecloset-vestido-estampado-rosado-001-491x491\" width=\"300\" height=\"300\" srcset=\"https:\/\/thecloset.co\/blog\/wp-content\/uploads\/2015\/12\/alter-native-thecloset-vestido-estampado-rosado-001-491x491-300x300.jpg 300w, https:\/\/thecloset.co\/blog\/wp-content\/uploads\/2015\/12\/alter-native-thecloset-vestido-estampado-rosado-001-491x491-100x100.jpg 100w, https:\/\/thecloset.co\/blog\/wp-content\/uploads\/2015\/12\/alter-native-thecloset-vestido-estampado-rosado-001-491x491-150x150.jpg 150w, https:\/\/thecloset.co\/blog\/wp-content\/uploads\/2015\/12\/alter-native-thecloset-vestido-estampado-rosado-001-491x491.jpg 491w\" sizes=\"(max-width: 300px) 100vw, 300px\" \/><\/a><\/p>\n<p>&nbsp;<\/p>\n<p>Si vas a pasar esa noche en una rumba total con tus amigos m\u00e1s cercanos, bueno encuentra algo que te haga sentir c\u00f3moda y resalte tus curvas.<\/p>\n<p><a href=\"http:\/\/thecloset.co\/mujer\/faldas-vestidos\/vestido-princesa\" target=\"_blank\">Manuela Millan -Vestido Princesa<\/a><\/p>\n<p><a href=\"http:\/\/thecloset.co\/mujer\/faldas-vestidos\/vestido-princesa\" target=\"_blank\"><img loading=\"lazy\" decoding=\"async\" class=\"alignnone size-medium wp-image-1120\" src=\"http:\/\/thecloset.co\/blog\/wp-content\/uploads\/2015\/12\/manuelamillanvestidoprincesathecloset020-491x491-300x300.jpg\" alt=\"manuelamillanvestidoprincesathecloset020-491x491\" width=\"300\" height=\"300\" srcset=\"https:\/\/thecloset.co\/blog\/wp-content\/uploads\/2015\/12\/manuelamillanvestidoprincesathecloset020-491x491-300x300.jpg 300w, https:\/\/thecloset.co\/blog\/wp-content\/uploads\/2015\/12\/manuelamillanvestidoprincesathecloset020-491x491-100x100.jpg 100w, https:\/\/thecloset.co\/blog\/wp-content\/uploads\/2015\/12\/manuelamillanvestidoprincesathecloset020-491x491-150x150.jpg 150w, https:\/\/thecloset.co\/blog\/wp-content\/uploads\/2015\/12\/manuelamillanvestidoprincesathecloset020-491x491.jpg 491w\" sizes=\"(max-width: 300px) 100vw, 300px\" \/><\/a><\/p>\n<h2><\/h2>\n<section class=\"\"><\/section>\n<p>Ideas\u00a0diferentes, para cada ocasi\u00f3n, para cada estilo.<\/p>\n<p>Visita nuestra boutique\u00a0<a href=\"http:\/\/thecloset.co\/mujer\">TheCloset.Co<\/a>\u00a0 Calle 80 # 13 &#8211; 09 en Bogot\u00e1-Colombia (detr\u00e1s del CC Atlantis Plaza) #Dise\u00f1oIndependiente #HechoEnColombia #MadeInColombia #CompraColombiano<\/p>\n<p><strong>\u00danete a nuestra red!<\/strong><\/p>\n<p>Si estas interesado en hacer parte de la #RedDeDise\u00f1adores escr\u00edbenos al correo\u00a0<a href=\"mailto:contacto@thecloset.co\">contacto@thecloset.co<\/a>\u00a0con informaci\u00f3n de tu marca y fotos de los productos.<\/p>\n<p>S\u00edguenos en nuestras redes:\u00a0<a href=\"https:\/\/www.facebook.com\/thecloset.co.diseno\/?fref=ts\">Facebook<\/a>,\u00a0<a href=\"https:\/\/www.instagram.com\/theclosetco\/\">Instagram<\/a><\/p>\n","protected":false},"excerpt":{"rendered":"<p>Vestir para navidad con mucho estilo Se acerca el d\u00eda m\u00e1s bonito del a\u00f1o para compartir en familia y dar regalos a todos nuestros seres queridos, un d\u00eda tambi\u00e9n en el que nos matamos la cabeza pensando&#8230; \u00a1\u00bfQu\u00e9 me pongo?! una y mil veces la pregunta al igual que unas cuantas miradas a nuestros cl\u00f3set&#8230;.<\/p>\n","protected":false},"author":3,"featured_media":1116,"comment_status":"open","ping_status":"open","sticky":false,"template":"","format":"standard","meta":{"footnotes":""},"categories":[5],"tags":[],"_links":{"self":[{"href":"https:\/\/thecloset.co\/blog\/wp-json\/wp\/v2\/posts\/1114"}],"collection":[{"href":"https:\/\/thecloset.co\/blog\/wp-json\/wp\/v2\/posts"}],"about":[{"href":"https:\/\/thecloset.co\/blog\/wp-json\/wp\/v2\/types\/post"}],"author":[{"embeddable":true,"href":"https:\/\/thecloset.co\/blog\/wp-json\/wp\/v2\/users\/3"}],"replies":[{"embeddable":true,"href":"https:\/\/thecloset.co\/blog\/wp-json\/wp\/v2\/comments?post=1114"}],"version-history":[{"count":2,"href":"https:\/\/thecloset.co\/blog\/wp-json\/wp\/v2\/posts\/1114\/revisions"}],"predecessor-version":[{"id":1989,"href":"https:\/\/thecloset.co\/blog\/wp-json\/wp\/v2\/posts\/1114\/revisions\/1989"}],"wp:featuredmedia":[{"embeddable":true,"href":"https:\/\/thecloset.co\/blog\/wp-json\/wp\/v2\/media\/1116"}],"wp:attachment":[{"href":"https:\/\/thecloset.co\/blog\/wp-json\/wp\/v2\/media?parent=1114"}],"wp:term":[{"taxonomy":"category","embeddable":true,"href":"https:\/\/thecloset.co\/blog\/wp-json\/wp\/v2\/categories?post=1114"},{"taxonomy":"post_tag","embeddable":true,"href":"https:\/\/thecloset.co\/blog\/wp-json\/wp\/v2\/tags?post=1114"}],"curies":[{"name":"wp","href":"https:\/\/api.w.org\/{rel}","templated":true}]}}