{"id":1145,"date":"2015-12-17T00:17:09","date_gmt":"2015-12-17T00:17:09","guid":{"rendered":"http:\/\/thecloset.co\/blog\/?p=1145"},"modified":"2017-08-23T17:03:42","modified_gmt":"2017-08-23T17:03:42","slug":"color-en-nuestros-outfits","status":"publish","type":"post","link":"https:\/\/thecloset.co\/blog\/color-en-nuestros-outfits\/","title":{"rendered":"COLOR EN NUESTROS OUTFITS"},"content":{"rendered":"<h2>Agr\u00e9gale color a tus outfits diarios<\/h2>\n<p>Utilizar prendas con colores vivos a veces no es una tarea f\u00e1cil, debes tener cuidado de no pasarte de la raya, existen miles de opciones y combinaciones que podr\u00e1n hacer de tu outfit uno distinto a los que normalmente utilizas.<\/p>\n<p>Muchas veces combinamos prendas que sean derivados a un tono ya que no sabemos como combinarlas con un color vivo, combinar adecuadamente los colores llamativos puede lograr el look que quieras ya sea casual, formal, relajado o divertido.<\/p>\n<p><!--more Leer m\u00e1s--><\/p>\n<p>Amamos vernos diferentes y \u00fanicos ante el resto, por eso hoy queremos dejarles una gu\u00eda b\u00e1sica para que puedan utilizar cuantos colores quieran.<\/p>\n<p>Para mantener un look neutral y formal, debes mantener tus prendas de colores neutrals como negro, blanco o gris, pero puedes a\u00f1adirle un toque de color con un <a href=\"http:\/\/thecloset.co\/accesorios-disenadores-independientes\" target=\"_blank\">accesorio<\/a> como un <a href=\"http:\/\/thecloset.co\/accesorios-disenadores-independientes\/bolsos-maletas\" target=\"_blank\">bolso<\/a> de tonalidad verde.<\/p>\n<p><a href=\"http:\/\/thecloset.co\/bareke\/bolso-baul-prada-pequeno-verde-fluorecente\" target=\"_blank\">Bolso ba\u00fal &#8211; Bareke<\/a><\/p>\n<p><a href=\"http:\/\/thecloset.co\/bareke\/bolso-baul-prada-pequeno-verde-fluorecente\" target=\"_blank\"><img loading=\"lazy\" decoding=\"async\" class=\"alignnone size-medium wp-image-1156\" src=\"http:\/\/thecloset.co\/blog\/wp-content\/uploads\/2015\/12\/barekedisenotheclosetcobolsobaulverdefluorecente001-491x491-300x300.jpg\" alt=\"barekedisenotheclosetcobolsobaulverdefluorecente001-491x491\" width=\"300\" height=\"300\" srcset=\"https:\/\/thecloset.co\/blog\/wp-content\/uploads\/2015\/12\/barekedisenotheclosetcobolsobaulverdefluorecente001-491x491-300x300.jpg 300w, https:\/\/thecloset.co\/blog\/wp-content\/uploads\/2015\/12\/barekedisenotheclosetcobolsobaulverdefluorecente001-491x491-100x100.jpg 100w, https:\/\/thecloset.co\/blog\/wp-content\/uploads\/2015\/12\/barekedisenotheclosetcobolsobaulverdefluorecente001-491x491-150x150.jpg 150w, https:\/\/thecloset.co\/blog\/wp-content\/uploads\/2015\/12\/barekedisenotheclosetcobolsobaulverdefluorecente001-491x491.jpg 491w\" sizes=\"(max-width: 300px) 100vw, 300px\" \/><\/a><\/p>\n<p>&nbsp;<\/p>\n<p>Si quieres salir un s\u00e1bado con amigos y cambiar de tipo de estilo al que has venido llevando toda la semana, puedes optar por una prenda con estampado, como un <a href=\"http:\/\/thecloset.co\/hombre\/chaquetas-y-sacos\" target=\"_blank\">saco<\/a>, util\u00edzalo con un <a href=\"http:\/\/thecloset.co\/hombre\/pantalones-y-jeans\" target=\"_blank\">pantal\u00f3n<\/a> a un solo tono al igual que tus <a href=\"http:\/\/thecloset.co\/hombre\/zapatos-cuero-botas-tenis\" target=\"_blank\">zapatos<\/a>.<\/p>\n<p><a href=\"http:\/\/thecloset.co\/alter-native\/saco-palmeras-2\" target=\"_blank\">Saco Palmeras &#8211; Alter+Native<\/a><\/p>\n<p><a href=\"http:\/\/thecloset.co\/alter-native\/saco-palmeras-2\" target=\"_blank\"><img loading=\"lazy\" decoding=\"async\" class=\"alignnone size-medium wp-image-1154\" src=\"http:\/\/thecloset.co\/blog\/wp-content\/uploads\/2015\/12\/alternativetheclosetsacopalmerasnegro001-491x491-300x300.jpg\" alt=\"alternativetheclosetsacopalmerasnegro001-491x491\" width=\"300\" height=\"300\" srcset=\"https:\/\/thecloset.co\/blog\/wp-content\/uploads\/2015\/12\/alternativetheclosetsacopalmerasnegro001-491x491-300x300.jpg 300w, https:\/\/thecloset.co\/blog\/wp-content\/uploads\/2015\/12\/alternativetheclosetsacopalmerasnegro001-491x491-100x100.jpg 100w, https:\/\/thecloset.co\/blog\/wp-content\/uploads\/2015\/12\/alternativetheclosetsacopalmerasnegro001-491x491-150x150.jpg 150w, https:\/\/thecloset.co\/blog\/wp-content\/uploads\/2015\/12\/alternativetheclosetsacopalmerasnegro001-491x491.jpg 491w\" sizes=\"(max-width: 300px) 100vw, 300px\" \/><\/a><\/p>\n<p>&nbsp;<\/p>\n<p>Si quieres tener varios colores en un mismo outfit, opta por una <a href=\"http:\/\/thecloset.co\/hombre\/camisetas\" target=\"_blank\">camiseta<\/a> personalizada, estas te dan la opci\u00f3n de color que buscas, ya que dentro de sus dise\u00f1os cuentan con los colores adecuados para hacer de esta prenda la perfecta para un look casual.<\/p>\n<p><a href=\"http:\/\/thecloset.co\/rolo-ok-camisetas\/camiseta-orko-amarilla-c-v\" target=\"_blank\">Camiseta orko &#8211; Rolo-ok<\/a><\/p>\n<p><a href=\"http:\/\/thecloset.co\/rolo-ok-camisetas\/camiseta-orko-amarilla-c-v\" target=\"_blank\"><img loading=\"lazy\" decoding=\"async\" class=\"alignnone size-medium wp-image-1155\" src=\"http:\/\/thecloset.co\/blog\/wp-content\/uploads\/2015\/12\/019rolookcamisetaamarillaconestampadorojothecloset-491x491-300x300.jpg\" alt=\"019rolookcamisetaamarillaconestampadorojothecloset-491x491\" width=\"300\" height=\"300\" srcset=\"https:\/\/thecloset.co\/blog\/wp-content\/uploads\/2015\/12\/019rolookcamisetaamarillaconestampadorojothecloset-491x491-300x300.jpg 300w, https:\/\/thecloset.co\/blog\/wp-content\/uploads\/2015\/12\/019rolookcamisetaamarillaconestampadorojothecloset-491x491-100x100.jpg 100w, https:\/\/thecloset.co\/blog\/wp-content\/uploads\/2015\/12\/019rolookcamisetaamarillaconestampadorojothecloset-491x491-150x150.jpg 150w, https:\/\/thecloset.co\/blog\/wp-content\/uploads\/2015\/12\/019rolookcamisetaamarillaconestampadorojothecloset-491x491.jpg 491w\" sizes=\"(max-width: 300px) 100vw, 300px\" \/><\/a><\/p>\n<p>&nbsp;<\/p>\n<p>Disfruta de tus outfits llenos de color con las prendas adecuadas al mejor estilo del dise\u00f1o independiente.<\/p>\n<p>&nbsp;<\/p>\n<p>Visita nuestra boutique\u00a0<a href=\"http:\/\/thecloset.co\/mujer\">TheCloset.Co<\/a>\u00a0 Calle 80 # 13 &#8211; 09 en Bogot\u00e1-Colombia (detr\u00e1s del CC Atlantis Plaza) #Dise\u00f1oIndependiente #HechoEnColombia #MadeInColombia #CompraColombiano<\/p>\n<p><strong>\u00danete a nuestra red!<\/strong><\/p>\n<p>Si estas interesado en hacer parte de la #RedDeDise\u00f1adores escr\u00edbenos al correo\u00a0<a href=\"mailto:contacto@thecloset.co\">contacto@thecloset.co<\/a>\u00a0con informaci\u00f3n de tu marca y fotos de los productos.<\/p>\n<p>S\u00edguenos en nuestras redes:\u00a0<a href=\"https:\/\/www.facebook.com\/thecloset.co.diseno\/?fref=ts\">Facebook<\/a>,\u00a0<a href=\"https:\/\/www.instagram.com\/theclosetco\/\">Instagram<\/a><\/p>\n<p>&nbsp;<\/p>\n","protected":false},"excerpt":{"rendered":"<p>Agr\u00e9gale color a tus outfits diarios Utilizar prendas con colores vivos a veces no es una tarea f\u00e1cil, debes tener cuidado de no pasarte de la raya, existen miles de opciones y combinaciones que podr\u00e1n hacer de tu outfit uno distinto a los que normalmente utilizas. Muchas veces combinamos prendas que sean derivados a un&#8230;<\/p>\n","protected":false},"author":3,"featured_media":1146,"comment_status":"open","ping_status":"open","sticky":false,"template":"","format":"standard","meta":{"footnotes":""},"categories":[1,4],"tags":[],"_links":{"self":[{"href":"https:\/\/thecloset.co\/blog\/wp-json\/wp\/v2\/posts\/1145"}],"collection":[{"href":"https:\/\/thecloset.co\/blog\/wp-json\/wp\/v2\/posts"}],"about":[{"href":"https:\/\/thecloset.co\/blog\/wp-json\/wp\/v2\/types\/post"}],"author":[{"embeddable":true,"href":"https:\/\/thecloset.co\/blog\/wp-json\/wp\/v2\/users\/3"}],"replies":[{"embeddable":true,"href":"https:\/\/thecloset.co\/blog\/wp-json\/wp\/v2\/comments?post=1145"}],"version-history":[{"count":3,"href":"https:\/\/thecloset.co\/blog\/wp-json\/wp\/v2\/posts\/1145\/revisions"}],"predecessor-version":[{"id":1983,"href":"https:\/\/thecloset.co\/blog\/wp-json\/wp\/v2\/posts\/1145\/revisions\/1983"}],"wp:featuredmedia":[{"embeddable":true,"href":"https:\/\/thecloset.co\/blog\/wp-json\/wp\/v2\/media\/1146"}],"wp:attachment":[{"href":"https:\/\/thecloset.co\/blog\/wp-json\/wp\/v2\/media?parent=1145"}],"wp:term":[{"taxonomy":"category","embeddable":true,"href":"https:\/\/thecloset.co\/blog\/wp-json\/wp\/v2\/categories?post=1145"},{"taxonomy":"post_tag","embeddable":true,"href":"https:\/\/thecloset.co\/blog\/wp-json\/wp\/v2\/tags?post=1145"}],"curies":[{"name":"wp","href":"https:\/\/api.w.org\/{rel}","templated":true}]}}