{"id":1158,"date":"2015-12-17T17:04:54","date_gmt":"2015-12-17T17:04:54","guid":{"rendered":"http:\/\/thecloset.co\/blog\/?p=1158"},"modified":"2017-08-23T17:02:51","modified_gmt":"2017-08-23T17:02:51","slug":"un-par-de-aretes-para-cada-dia","status":"publish","type":"post","link":"https:\/\/thecloset.co\/blog\/un-par-de-aretes-para-cada-dia\/","title":{"rendered":"UN PAR DE ARETES PARA CADA D\u00cdA"},"content":{"rendered":"<h2>Aretes que revelan tu outfit del d\u00eda<\/h2>\n<p>Lo maravilloso de estos peque\u00f1os pero importantes accesorios es que hay diferentes clases para todos, para fiestas elegantes c\u00f3mo para un peque\u00f1a salida al parque que hacen resaltar lo que se quiere demostrar y\u00a0 lo que nuestros l\u00f3bulos tambi\u00e9n pueden vestir.<\/p>\n<p>Un par de aretes, pendientes, zarcillos, no s\u00f3lo son un adorno ni mucho menos una pieza aparte del rompecabezas, son puntos claves para definir con exactitud para que ocasi\u00f3n te preparas o hacia d\u00f3nde te diriges solo con tu forma de vestir ya que si combinas una ropa casual con unos aretes equivocados, autom\u00e1ticamente tu figura parecer\u00e1 que se dividieran en dos partes distintas.<\/p>\n<p><!--more Leer m\u00e1s--><\/p>\n<p>Pero unos pendientes o aretes tan sencillos pueden hacer de tu figura una escultura armoniosa vestida con lo m\u00e1s sencillo de tu armario.<\/p>\n<p>As\u00ed que un par de aretes para cada d\u00eda son tan importantes como el tipo\u00a0de zapatos que llevar\u00e1s puestos en el d\u00eda.<\/p>\n<p>Para un look casual pero formal puedes optar por llevar unos <a href=\"http:\/\/thecloset.co\/pajaro-de-fuego\/aretes-hoja-gold\" target=\"_blank\">aretes tipo hoja<\/a> de<a href=\"http:\/\/thecloset.co\/pajaro-de-fuego\/aretes-hoja-gold\" target=\"_blank\"> P\u00e1jaro de fuego<\/a>, lucir\u00e1n genial.<\/p>\n<p><a href=\"http:\/\/thecloset.co\/pajaro-de-fuego\/aretes-hoja-gold\" target=\"_blank\"><img loading=\"lazy\" decoding=\"async\" class=\"alignnone size-medium wp-image-1164\" src=\"http:\/\/thecloset.co\/blog\/wp-content\/uploads\/2015\/12\/pajarodefuegoretocadas011-600x600-300x300.jpg\" alt=\"pajarodefuegoretocadas011-600x600\" width=\"300\" height=\"300\" srcset=\"https:\/\/thecloset.co\/blog\/wp-content\/uploads\/2015\/12\/pajarodefuegoretocadas011-600x600-300x300.jpg 300w, https:\/\/thecloset.co\/blog\/wp-content\/uploads\/2015\/12\/pajarodefuegoretocadas011-600x600-100x100.jpg 100w, https:\/\/thecloset.co\/blog\/wp-content\/uploads\/2015\/12\/pajarodefuegoretocadas011-600x600.jpg 600w, https:\/\/thecloset.co\/blog\/wp-content\/uploads\/2015\/12\/pajarodefuegoretocadas011-600x600-150x150.jpg 150w\" sizes=\"(max-width: 300px) 100vw, 300px\" \/><\/a><\/p>\n<p>Si un fin de semana quieres experimentar con estilos diferentes, atr\u00e9vete y utiliza unos aretes que sean tan geeks como<a href=\"http:\/\/thecloset.co\/Maromero-accesorios-aretes-anillos\/Aretes-Hongo\" target=\"_blank\"> maromero<\/a> y sus<a href=\"http:\/\/thecloset.co\/Maromero-accesorios-aretes-anillos\/Aretes-Hongo\" target=\"_blank\"> aretes hongo.\u00a0<\/a><\/p>\n<p><a href=\"http:\/\/thecloset.co\/Maromero-accesorios-aretes-anillos\/Aretes-Hongo\" target=\"_blank\"><img loading=\"lazy\" decoding=\"async\" class=\"alignnone size-medium wp-image-1165\" src=\"http:\/\/thecloset.co\/blog\/wp-content\/uploads\/2015\/12\/maromero_thecloset_001_arete_hongo_001-491x491-300x300.jpg\" alt=\"maromero_thecloset_001_arete_hongo_001-491x491\" width=\"300\" height=\"300\" srcset=\"https:\/\/thecloset.co\/blog\/wp-content\/uploads\/2015\/12\/maromero_thecloset_001_arete_hongo_001-491x491-300x300.jpg 300w, https:\/\/thecloset.co\/blog\/wp-content\/uploads\/2015\/12\/maromero_thecloset_001_arete_hongo_001-491x491-100x100.jpg 100w, https:\/\/thecloset.co\/blog\/wp-content\/uploads\/2015\/12\/maromero_thecloset_001_arete_hongo_001-491x491-150x150.jpg 150w, https:\/\/thecloset.co\/blog\/wp-content\/uploads\/2015\/12\/maromero_thecloset_001_arete_hongo_001-491x491.jpg 491w\" sizes=\"(max-width: 300px) 100vw, 300px\" \/><\/a><\/p>\n<p>Si tienes un evento c\u00f3mo la fiesta de fin de a\u00f1o de tu empresa y debes vestir de gala, utiliza unos aretes largos con el cabello recogido, te har\u00e1n lucir muy glamourosa y perfecta para la ocasi\u00f3n, elige lo unos <a href=\"http:\/\/thecloset.co\/om_joyas_filigrana_plata_oro\/Aretes-siete-bolas\" target=\"_blank\">aretes siete bolas <\/a>de<a href=\"http:\/\/thecloset.co\/om_joyas_filigrana_plata_oro\/Aretes-siete-bolas\" target=\"_blank\"> P\u00e1jaro de fuego.<\/a><\/p>\n<p>&nbsp;<\/p>\n<p>&nbsp;<\/p>\n<p>&nbsp;<\/p>\n<p><a href=\"http:\/\/thecloset.co\/om_joyas_filigrana_plata_oro\/Aretes-siete-bolas\" target=\"_blank\"><img loading=\"lazy\" decoding=\"async\" class=\"alignnone size-medium wp-image-1166\" src=\"http:\/\/thecloset.co\/blog\/wp-content\/uploads\/2015\/12\/om_joyas_thecloset_01_aretes_7_bolas_01-491x491-300x300.jpg\" alt=\"om_joyas_thecloset_01_aretes_7_bolas_01-491x491\" width=\"300\" height=\"300\" srcset=\"https:\/\/thecloset.co\/blog\/wp-content\/uploads\/2015\/12\/om_joyas_thecloset_01_aretes_7_bolas_01-491x491-300x300.jpg 300w, https:\/\/thecloset.co\/blog\/wp-content\/uploads\/2015\/12\/om_joyas_thecloset_01_aretes_7_bolas_01-491x491-100x100.jpg 100w, https:\/\/thecloset.co\/blog\/wp-content\/uploads\/2015\/12\/om_joyas_thecloset_01_aretes_7_bolas_01-491x491-150x150.jpg 150w, https:\/\/thecloset.co\/blog\/wp-content\/uploads\/2015\/12\/om_joyas_thecloset_01_aretes_7_bolas_01-491x491.jpg 491w\" sizes=\"(max-width: 300px) 100vw, 300px\" \/><\/a><\/p>\n<p>Luce incre\u00edble y haz de tus aretes parte esencial para complementar adecuadamente tu outfit.<\/p>\n<p>Visita nuestra boutique\u00a0<a href=\"http:\/\/thecloset.co\/mujer\">TheCloset.Co<\/a>\u00a0 Calle 80 # 13 &#8211; 09 en Bogot\u00e1-Colombia (detr\u00e1s del CC Atlantis Plaza) #Dise\u00f1oIndependiente #HechoEnColombia #MadeInColombia #CompraColombiano<\/p>\n<p><strong>\u00danete a nuestra red!<\/strong><\/p>\n<p>Si estas interesado en hacer parte de la #RedDeDise\u00f1adores escr\u00edbenos al correo\u00a0<a href=\"mailto:contacto@thecloset.co\">contacto@thecloset.co<\/a>\u00a0con informaci\u00f3n de tu marca y fotos de los productos.<\/p>\n<p>S\u00edguenos en nuestras redes:\u00a0<a href=\"https:\/\/www.facebook.com\/thecloset.co.diseno\/?fref=ts\">Facebook<\/a>,\u00a0<a href=\"https:\/\/www.instagram.com\/theclosetco\/\">Instagram<\/a><\/p>\n","protected":false},"excerpt":{"rendered":"<p>Aretes que revelan tu outfit del d\u00eda Lo maravilloso de estos peque\u00f1os pero importantes accesorios es que hay diferentes clases para todos, para fiestas elegantes c\u00f3mo para un peque\u00f1a salida al parque que hacen resaltar lo que se quiere demostrar y\u00a0 lo que nuestros l\u00f3bulos tambi\u00e9n pueden vestir. Un par de aretes, pendientes, zarcillos, no&#8230;<\/p>\n","protected":false},"author":3,"featured_media":1161,"comment_status":"open","ping_status":"open","sticky":false,"template":"","format":"standard","meta":{"footnotes":""},"categories":[3],"tags":[],"_links":{"self":[{"href":"https:\/\/thecloset.co\/blog\/wp-json\/wp\/v2\/posts\/1158"}],"collection":[{"href":"https:\/\/thecloset.co\/blog\/wp-json\/wp\/v2\/posts"}],"about":[{"href":"https:\/\/thecloset.co\/blog\/wp-json\/wp\/v2\/types\/post"}],"author":[{"embeddable":true,"href":"https:\/\/thecloset.co\/blog\/wp-json\/wp\/v2\/users\/3"}],"replies":[{"embeddable":true,"href":"https:\/\/thecloset.co\/blog\/wp-json\/wp\/v2\/comments?post=1158"}],"version-history":[{"count":4,"href":"https:\/\/thecloset.co\/blog\/wp-json\/wp\/v2\/posts\/1158\/revisions"}],"predecessor-version":[{"id":1982,"href":"https:\/\/thecloset.co\/blog\/wp-json\/wp\/v2\/posts\/1158\/revisions\/1982"}],"wp:featuredmedia":[{"embeddable":true,"href":"https:\/\/thecloset.co\/blog\/wp-json\/wp\/v2\/media\/1161"}],"wp:attachment":[{"href":"https:\/\/thecloset.co\/blog\/wp-json\/wp\/v2\/media?parent=1158"}],"wp:term":[{"taxonomy":"category","embeddable":true,"href":"https:\/\/thecloset.co\/blog\/wp-json\/wp\/v2\/categories?post=1158"},{"taxonomy":"post_tag","embeddable":true,"href":"https:\/\/thecloset.co\/blog\/wp-json\/wp\/v2\/tags?post=1158"}],"curies":[{"name":"wp","href":"https:\/\/api.w.org\/{rel}","templated":true}]}}