{"id":1170,"date":"2015-12-18T16:40:42","date_gmt":"2015-12-18T16:40:42","guid":{"rendered":"http:\/\/thecloset.co\/blog\/?p=1170"},"modified":"2017-08-23T17:02:07","modified_gmt":"2017-08-23T17:02:07","slug":"el-diseno-de-la-chaqueta","status":"publish","type":"post","link":"https:\/\/thecloset.co\/blog\/el-diseno-de-la-chaqueta\/","title":{"rendered":"EL DISE\u00d1O DE LA CHAQUETA"},"content":{"rendered":"<h2>Una historia de la moda<\/h2>\n<p>La llamamos de muchas maneras, chamarra, cazadora, campera o chaqueta, pero para todos los\u00a0que vivimos en ciudades fr\u00edas, las chaquetas son esenciales en nuestros outfits para protegernos del fr\u00edo, por eso es que estas cuentan ahora con dise\u00f1os que nos hagan ver perfectos hasta en los d\u00edas lluviosos.<\/p>\n<p>En la antig\u00fcedad fueron concebidos como abrigos que serv\u00edan exclusivamente para protegernos del fr\u00edo y alejar las enfermedades que este produc\u00eda, pero poco a poco estas fueron tomando fuerza en las capitales principales del mundo, en donde muchos dise\u00f1adores reconocidos tomaron a las chaquetas como parte de su inventario de dise\u00f1o.<\/p>\n<p><!--more Leer m\u00e1s--><\/p>\n<p>Para el dise\u00f1o independiente las chaquetas son una parte esencial para lograr un outfit adecuado d\u00eda a d\u00eda, por eso queremos dejarte aqu\u00ed algunas recomendaciones que no solo te quitar\u00e1n el fr\u00edo sino tambi\u00e9n le dar\u00e1n mucho estilo a tu guardaropa.<\/p>\n<p><a href=\"http:\/\/thecloset.co\/hombre\/chaquetas-y-sacos\/chaqueta-caval\" target=\"_blank\">Chaqueta Caval &#8211; Manuela Mill\u00e1n<\/a>\u00a0Esta chaqueta para hombre es perfecta tanto para un look casual como para uno m\u00e1s formal, su color y estilo te brindan personalidad.<\/p>\n<p><a href=\"http:\/\/thecloset.co\/hombre\/chaquetas-y-sacos\/chaqueta-caval\" target=\"_blank\"><img loading=\"lazy\" decoding=\"async\" class=\"alignnone size-medium wp-image-1177\" src=\"http:\/\/thecloset.co\/blog\/wp-content\/uploads\/2015\/12\/001manuelamillanchaquetacabalhombre-600x600-300x300.jpg\" alt=\"001manuelamillanchaquetacabalhombre-600x600\" width=\"300\" height=\"300\" srcset=\"https:\/\/thecloset.co\/blog\/wp-content\/uploads\/2015\/12\/001manuelamillanchaquetacabalhombre-600x600-300x300.jpg 300w, https:\/\/thecloset.co\/blog\/wp-content\/uploads\/2015\/12\/001manuelamillanchaquetacabalhombre-600x600-100x100.jpg 100w, https:\/\/thecloset.co\/blog\/wp-content\/uploads\/2015\/12\/001manuelamillanchaquetacabalhombre-600x600.jpg 600w, https:\/\/thecloset.co\/blog\/wp-content\/uploads\/2015\/12\/001manuelamillanchaquetacabalhombre-600x600-150x150.jpg 150w\" sizes=\"(max-width: 300px) 100vw, 300px\" \/><\/a><\/p>\n<p><a href=\"http:\/\/thecloset.co\/hombre\/chaquetas-y-sacos\/chaqueta-caval\" target=\"_blank\">Chaqueta de cuero verde &#8211; Antonio Duarte\u00a0<\/a>A veces nos asusta utilizar colores vivos en nuestro outfit, pero esta chaqueta de cuero verde es perfecta para los d\u00eda lluviosos, le dar\u00e1n color a tu d\u00eda en definitiva.<\/p>\n<p><a href=\"http:\/\/thecloset.co\/hombre\/chaquetas-y-sacos\/chaqueta-caval\" target=\"_blank\"><img loading=\"lazy\" decoding=\"async\" class=\"alignnone size-medium wp-image-1178\" src=\"http:\/\/thecloset.co\/blog\/wp-content\/uploads\/2015\/12\/antonio_duarte0004-491x491-300x300.jpg\" alt=\"antonio_duarte0004-491x491\" width=\"300\" height=\"300\" srcset=\"https:\/\/thecloset.co\/blog\/wp-content\/uploads\/2015\/12\/antonio_duarte0004-491x491-300x300.jpg 300w, https:\/\/thecloset.co\/blog\/wp-content\/uploads\/2015\/12\/antonio_duarte0004-491x491-100x100.jpg 100w, https:\/\/thecloset.co\/blog\/wp-content\/uploads\/2015\/12\/antonio_duarte0004-491x491-150x150.jpg 150w, https:\/\/thecloset.co\/blog\/wp-content\/uploads\/2015\/12\/antonio_duarte0004-491x491.jpg 491w\" sizes=\"(max-width: 300px) 100vw, 300px\" \/><\/a><\/p>\n<p><a href=\"http:\/\/thecloset.co\/antonio-duarte-chaqueta-en-cuero\/chaqueta-de-cuero-capucha\" target=\"_blank\">Chaqueta de cuero capucha &#8211; Antonio Duarte<\/a>\u00a0Por supuesto que la capucha no puede faltar y que mejor que una chaqueta de cuero cuente con una.<\/p>\n<p>&nbsp;<\/p>\n<p><a href=\"http:\/\/thecloset.co\/antonio-duarte-chaqueta-en-cuero\/chaqueta-de-cuero-capucha\" target=\"_blank\"><img loading=\"lazy\" decoding=\"async\" class=\"alignnone size-medium wp-image-1179\" src=\"http:\/\/thecloset.co\/blog\/wp-content\/uploads\/2015\/12\/antonio_duarte0007-600x600-300x300.jpg\" alt=\"antonio_duarte0007-600x600\" width=\"300\" height=\"300\" srcset=\"https:\/\/thecloset.co\/blog\/wp-content\/uploads\/2015\/12\/antonio_duarte0007-600x600-300x300.jpg 300w, https:\/\/thecloset.co\/blog\/wp-content\/uploads\/2015\/12\/antonio_duarte0007-600x600-100x100.jpg 100w, https:\/\/thecloset.co\/blog\/wp-content\/uploads\/2015\/12\/antonio_duarte0007-600x600.jpg 600w, https:\/\/thecloset.co\/blog\/wp-content\/uploads\/2015\/12\/antonio_duarte0007-600x600-150x150.jpg 150w\" sizes=\"(max-width: 300px) 100vw, 300px\" \/><\/a><\/p>\n<p><a href=\"http:\/\/thecloset.co\/Paola-alonso-sequin-art-cojines-lentejuelas\/Blazer-dorado-y-plateado\" target=\"_blank\">Blazer dorado &#8211; Paola Alonso\u00a0<\/a>Para los d\u00edas en donde el fr\u00edo no es tan fuerte, podemos utilizar un blazer que combine muy bien con nuestro outfit para las salidas por la noche.<\/p>\n<p><a href=\"http:\/\/thecloset.co\/blog\/wp-content\/uploads\/2015\/12\/paolaalonso009-491x491.jpg\" data-rel=\"lightbox-image-0\" data-rl_title=\"\" data-rl_caption=\"\" title=\"\"><img loading=\"lazy\" decoding=\"async\" class=\"alignnone size-medium wp-image-1180\" src=\"http:\/\/thecloset.co\/blog\/wp-content\/uploads\/2015\/12\/paolaalonso009-491x491-300x300.jpg\" alt=\"paolaalonso009-491x491\" width=\"300\" height=\"300\" srcset=\"https:\/\/thecloset.co\/blog\/wp-content\/uploads\/2015\/12\/paolaalonso009-491x491-300x300.jpg 300w, https:\/\/thecloset.co\/blog\/wp-content\/uploads\/2015\/12\/paolaalonso009-491x491-100x100.jpg 100w, https:\/\/thecloset.co\/blog\/wp-content\/uploads\/2015\/12\/paolaalonso009-491x491-150x150.jpg 150w, https:\/\/thecloset.co\/blog\/wp-content\/uploads\/2015\/12\/paolaalonso009-491x491.jpg 491w\" sizes=\"(max-width: 300px) 100vw, 300px\" \/><\/a><\/p>\n<p>Ven y disfruta de uno dise\u00f1os que actualizar\u00e1n tu cl\u00f3set con la chaqueta perfecta para ti.<\/p>\n<p>Visita nuestra boutique\u00a0<a href=\"http:\/\/thecloset.co\/mujer\">TheCloset.Co<\/a>\u00a0 Calle 80 # 13 &#8211; 09 en Bogot\u00e1-Colombia (detr\u00e1s del CC Atlantis Plaza) #Dise\u00f1oIndependiente #HechoEnColombia #MadeInColombia #CompraColombiano<\/p>\n<p><strong>\u00danete a nuestra red!<\/strong><\/p>\n<p>Si estas interesado en hacer parte de la #RedDeDise\u00f1adores escr\u00edbenos al correo\u00a0<a href=\"mailto:contacto@thecloset.co\">contacto@thecloset.co<\/a>\u00a0con informaci\u00f3n de tu marca y fotos de los productos.<\/p>\n<p>S\u00edguenos en nuestras redes:\u00a0<a href=\"https:\/\/www.facebook.com\/thecloset.co.diseno\/?fref=ts\">Facebook<\/a>,\u00a0<a href=\"https:\/\/www.instagram.com\/theclosetco\/\">Instagram<\/a><\/p>\n","protected":false},"excerpt":{"rendered":"<p>Una historia de la moda La llamamos de muchas maneras, chamarra, cazadora, campera o chaqueta, pero para todos los\u00a0que vivimos en ciudades fr\u00edas, las chaquetas son esenciales en nuestros outfits para protegernos del fr\u00edo, por eso es que estas cuentan ahora con dise\u00f1os que nos hagan ver perfectos hasta en los d\u00edas lluviosos. En la&#8230;<\/p>\n","protected":false},"author":3,"featured_media":1173,"comment_status":"open","ping_status":"open","sticky":false,"template":"","format":"standard","meta":{"footnotes":""},"categories":[1,4],"tags":[],"_links":{"self":[{"href":"https:\/\/thecloset.co\/blog\/wp-json\/wp\/v2\/posts\/1170"}],"collection":[{"href":"https:\/\/thecloset.co\/blog\/wp-json\/wp\/v2\/posts"}],"about":[{"href":"https:\/\/thecloset.co\/blog\/wp-json\/wp\/v2\/types\/post"}],"author":[{"embeddable":true,"href":"https:\/\/thecloset.co\/blog\/wp-json\/wp\/v2\/users\/3"}],"replies":[{"embeddable":true,"href":"https:\/\/thecloset.co\/blog\/wp-json\/wp\/v2\/comments?post=1170"}],"version-history":[{"count":4,"href":"https:\/\/thecloset.co\/blog\/wp-json\/wp\/v2\/posts\/1170\/revisions"}],"predecessor-version":[{"id":1981,"href":"https:\/\/thecloset.co\/blog\/wp-json\/wp\/v2\/posts\/1170\/revisions\/1981"}],"wp:featuredmedia":[{"embeddable":true,"href":"https:\/\/thecloset.co\/blog\/wp-json\/wp\/v2\/media\/1173"}],"wp:attachment":[{"href":"https:\/\/thecloset.co\/blog\/wp-json\/wp\/v2\/media?parent=1170"}],"wp:term":[{"taxonomy":"category","embeddable":true,"href":"https:\/\/thecloset.co\/blog\/wp-json\/wp\/v2\/categories?post=1170"},{"taxonomy":"post_tag","embeddable":true,"href":"https:\/\/thecloset.co\/blog\/wp-json\/wp\/v2\/tags?post=1170"}],"curies":[{"name":"wp","href":"https:\/\/api.w.org\/{rel}","templated":true}]}}