{"id":1172,"date":"2015-12-19T15:15:30","date_gmt":"2015-12-19T15:15:30","guid":{"rendered":"http:\/\/thecloset.co\/blog\/?p=1172"},"modified":"2017-08-23T16:58:32","modified_gmt":"2017-08-23T16:58:32","slug":"convertirnos-en-artistas","status":"publish","type":"post","link":"https:\/\/thecloset.co\/blog\/convertirnos-en-artistas\/","title":{"rendered":"CONVERTIRNOS EN ARTISTAS"},"content":{"rendered":"<h1>Decidir amar nuestro trabajo toda la vida<\/h1>\n<p>Muchos en la vida amamos hacer arte o nos complace admirarlo, para los que decidimos hacer arte, plasmar nuestras ideas y llevar nuestros sue\u00f1os a cabo m\u00e1s all\u00e1 de nuestras expectativas debemos formularnos en alg\u00fan momento esta pregunta \u00bfRealmente soy feliz con lo que hago?<\/p>\n<p>Decidir convertirnos en artistas no es tarea f\u00e1cil, siempre tendremos que luchar en el camino por controversiales pensamientos negativos que puedan llevarnos a una derrota, pero esto solo es parte del proceso, no importa que tan dif\u00edcil sea dar a conocer nuestro arte, lo importante es complacernos haciendo lo que amamos, convirti\u00e9ndonos poco a poco en artistas que inspiraran al mundo.<\/p>\n<p><!--more Leer m\u00e1s--><\/p>\n<p><a href=\"http:\/\/thecloset.co\/\" target=\"_blank\">TheCloset.co <\/a>ama en todo su esplendor el arte y apoya a artistas colombianos que han decido emprender su camino al \u00e9xito.<\/p>\n<p>Hoy queremos mostrarles algunos que ya hacen parte de la <a href=\"http:\/\/thecloset.co\/quieres-vender\" target=\"_blank\">#RedDeDise\u00f1adores<\/a>, artistas que llevaron sus ideas al mercado y sus sue\u00f1os a la cima.<\/p>\n<p><a href=\"http:\/\/thecloset.co\/rolo-ok-camisetas\" target=\"_blank\">Rolo-Ok<\/a>, es un dise\u00f1ador que se especializa en camisetas personalizadas, que lleva a cabo sus ilustraciones en camisetas que se a\u00f1aden a la figura masculina y el estilo de vida.<\/p>\n<h3><a href=\"http:\/\/thecloset.co\/rolo-ok-camisetas\/camiseta-pete-amarilla-c-redondo\" target=\"_blank\">Camiseta Pete Amarilla<\/a><\/h3>\n<p><a href=\"http:\/\/thecloset.co\/blog\/wp-content\/uploads\/2015\/12\/012rolookcamisetaamarillaconestampadonegrothecloset-491x491.jpg\" data-rel=\"lightbox-image-0\" data-rl_title=\"\" data-rl_caption=\"\" title=\"\"><img loading=\"lazy\" decoding=\"async\" class=\"alignnone size-medium wp-image-1193\" src=\"http:\/\/thecloset.co\/blog\/wp-content\/uploads\/2015\/12\/012rolookcamisetaamarillaconestampadonegrothecloset-491x491-300x300.jpg\" alt=\"012rolookcamisetaamarillaconestampadonegrothecloset-491x491\" width=\"300\" height=\"300\" srcset=\"https:\/\/thecloset.co\/blog\/wp-content\/uploads\/2015\/12\/012rolookcamisetaamarillaconestampadonegrothecloset-491x491-300x300.jpg 300w, https:\/\/thecloset.co\/blog\/wp-content\/uploads\/2015\/12\/012rolookcamisetaamarillaconestampadonegrothecloset-491x491-100x100.jpg 100w, https:\/\/thecloset.co\/blog\/wp-content\/uploads\/2015\/12\/012rolookcamisetaamarillaconestampadonegrothecloset-491x491-150x150.jpg 150w, https:\/\/thecloset.co\/blog\/wp-content\/uploads\/2015\/12\/012rolookcamisetaamarillaconestampadonegrothecloset-491x491.jpg 491w\" sizes=\"(max-width: 300px) 100vw, 300px\" \/><\/a><\/p>\n<p><a href=\"http:\/\/thecloset.co\/The-kamper,%20ilustrador-digital,%20god,%20bee-free,%20merry-xmass,%20ilustrador-bogot%C3%A1\" target=\"_blank\">The Kamper<\/a>, decidi\u00f3 llegar al mercado con ilustraciones que pudieran llenar nuestros hogares u oficinas con dise\u00f1o \u00fanico y exclusivo.<\/p>\n<h3><a href=\"http:\/\/thecloset.co\/The-kamper,%20ilustrador-digital,%20god,%20bee-free,%20merry-xmass,%20ilustrador-bogot%C3%A1\/ilustraci%C3%B3n-digital,%20Shenbones,%20serpiente%20esferas,%20marca-the-kamper,%20lienzo-cuadro,%20ilustraci%C3%B3n-independiente-para-thecloset.co\" target=\"_blank\">Ilustraci\u00f3n Shebones<\/a><\/h3>\n<p><a href=\"http:\/\/thecloset.co\/The-kamper,%20ilustrador-digital,%20god,%20bee-free,%20merry-xmass,%20ilustrador-bogot%C3%A1\/ilustraci%C3%B3n-digital,%20Shenbones,%20serpiente%20esferas,%20marca-the-kamper,%20lienzo-cuadro,%20ilustraci%C3%B3n-independiente-para-thecloset.co\" target=\"_blank\"><img loading=\"lazy\" decoding=\"async\" class=\"alignnone size-medium wp-image-1194\" src=\"http:\/\/thecloset.co\/blog\/wp-content\/uploads\/2015\/12\/cuadro_vertical_the_kamper_snake1-600x600-300x300.jpg\" alt=\"cuadro_vertical_the_kamper_snake1-600x600\" width=\"300\" height=\"300\" srcset=\"https:\/\/thecloset.co\/blog\/wp-content\/uploads\/2015\/12\/cuadro_vertical_the_kamper_snake1-600x600-300x300.jpg 300w, https:\/\/thecloset.co\/blog\/wp-content\/uploads\/2015\/12\/cuadro_vertical_the_kamper_snake1-600x600-100x100.jpg 100w, https:\/\/thecloset.co\/blog\/wp-content\/uploads\/2015\/12\/cuadro_vertical_the_kamper_snake1-600x600.jpg 600w, https:\/\/thecloset.co\/blog\/wp-content\/uploads\/2015\/12\/cuadro_vertical_the_kamper_snake1-600x600-150x150.jpg 150w\" sizes=\"(max-width: 300px) 100vw, 300px\" \/><\/a><\/p>\n<p><a href=\"http:\/\/thecloset.co\/Primavara-objetos-con-dise%C3%B1o\" target=\"_blank\">Primavara<\/a>, quizo hacer de lo cotidiano un momento para disfrutar, llevando utiles b\u00e1sicos a un nivel de dise\u00f1o que hace que seamos diferentes al resto.<\/p>\n<h3><a href=\"http:\/\/thecloset.co\/Primavara-objetos-con-dise%C3%B1o\/carpeta-smarty\" target=\"_blank\">Carpeta smarty<\/a><\/h3>\n<p>&nbsp;<\/p>\n<p>&nbsp;<\/p>\n<p><a href=\"http:\/\/thecloset.co\/Primavara-objetos-con-dise%C3%B1o\/carpeta-smarty\" target=\"_blank\"><img loading=\"lazy\" decoding=\"async\" class=\"alignnone size-medium wp-image-1195\" src=\"http:\/\/thecloset.co\/blog\/wp-content\/uploads\/2015\/12\/primavara_theclosetco_smarty002-600x600-300x300.jpg\" alt=\"primavara_theclosetco_smarty002-600x600\" width=\"300\" height=\"300\" srcset=\"https:\/\/thecloset.co\/blog\/wp-content\/uploads\/2015\/12\/primavara_theclosetco_smarty002-600x600-300x300.jpg 300w, https:\/\/thecloset.co\/blog\/wp-content\/uploads\/2015\/12\/primavara_theclosetco_smarty002-600x600-100x100.jpg 100w, https:\/\/thecloset.co\/blog\/wp-content\/uploads\/2015\/12\/primavara_theclosetco_smarty002-600x600.jpg 600w, https:\/\/thecloset.co\/blog\/wp-content\/uploads\/2015\/12\/primavara_theclosetco_smarty002-600x600-150x150.jpg 150w\" sizes=\"(max-width: 300px) 100vw, 300px\" \/><\/a><\/p>\n<p>&nbsp;<\/p>\n<p><a href=\"http:\/\/thecloset.co\/soloci\" target=\"_blank\">Soloci<\/a>, llevo sus ideas a la ropa femenina, llevado estilismo y personalidad al cl\u00f3set de muchas mujeres.<\/p>\n<h3><a href=\"http:\/\/thecloset.co\/soloci\/croptop-fucsia-combinado\" target=\"_blank\">Croptop fucsia combinado<\/a><\/h3>\n<p>&nbsp;<\/p>\n<p>&nbsp;<\/p>\n<p><a href=\"http:\/\/thecloset.co\/soloci\/croptop-fucsia-combinado\" target=\"_blank\"><img loading=\"lazy\" decoding=\"async\" class=\"alignnone size-medium wp-image-1196\" src=\"http:\/\/thecloset.co\/blog\/wp-content\/uploads\/2015\/12\/silocitheclosetblusaroja006-600x600-300x300.jpg\" alt=\"silocitheclosetblusaroja006-600x600\" width=\"300\" height=\"300\" srcset=\"https:\/\/thecloset.co\/blog\/wp-content\/uploads\/2015\/12\/silocitheclosetblusaroja006-600x600-300x300.jpg 300w, https:\/\/thecloset.co\/blog\/wp-content\/uploads\/2015\/12\/silocitheclosetblusaroja006-600x600-100x100.jpg 100w, https:\/\/thecloset.co\/blog\/wp-content\/uploads\/2015\/12\/silocitheclosetblusaroja006-600x600.jpg 600w, https:\/\/thecloset.co\/blog\/wp-content\/uploads\/2015\/12\/silocitheclosetblusaroja006-600x600-150x150.jpg 150w\" sizes=\"(max-width: 300px) 100vw, 300px\" \/><\/a><\/p>\n<p>&nbsp;<\/p>\n<p>Visita nuestra boutique\u00a0<a href=\"http:\/\/thecloset.co\/mujer\">TheCloset.Co<\/a>\u00a0 Calle 80 # 13 &#8211; 09 en Bogot\u00e1-Colombia (detr\u00e1s del CC Atlantis Plaza) #Dise\u00f1oIndependiente #HechoEnColombia #MadeInColombia #CompraColombiano<\/p>\n<p><strong>\u00danete a nuestra red!<\/strong><\/p>\n<p>Si estas interesado en hacer parte de la #RedDeDise\u00f1adores escr\u00edbenos al correo\u00a0<a href=\"mailto:contacto@thecloset.co\">contacto@thecloset.co<\/a>\u00a0con informaci\u00f3n de tu marca y fotos de los productos.<\/p>\n<p>S\u00edguenos en nuestras redes:\u00a0<a href=\"https:\/\/www.facebook.com\/thecloset.co.diseno\/?fref=ts\">Facebook<\/a>,\u00a0<a href=\"https:\/\/www.instagram.com\/theclosetco\/\">Instagram<\/a><\/p>\n","protected":false},"excerpt":{"rendered":"<p>Decidir amar nuestro trabajo toda la vida Muchos en la vida amamos hacer arte o nos complace admirarlo, para los que decidimos hacer arte, plasmar nuestras ideas y llevar nuestros sue\u00f1os a cabo m\u00e1s all\u00e1 de nuestras expectativas debemos formularnos en alg\u00fan momento esta pregunta \u00bfRealmente soy feliz con lo que hago? Decidir convertirnos en&#8230;<\/p>\n","protected":false},"author":3,"featured_media":1174,"comment_status":"open","ping_status":"open","sticky":false,"template":"","format":"standard","meta":{"footnotes":""},"categories":[6,1],"tags":[],"_links":{"self":[{"href":"https:\/\/thecloset.co\/blog\/wp-json\/wp\/v2\/posts\/1172"}],"collection":[{"href":"https:\/\/thecloset.co\/blog\/wp-json\/wp\/v2\/posts"}],"about":[{"href":"https:\/\/thecloset.co\/blog\/wp-json\/wp\/v2\/types\/post"}],"author":[{"embeddable":true,"href":"https:\/\/thecloset.co\/blog\/wp-json\/wp\/v2\/users\/3"}],"replies":[{"embeddable":true,"href":"https:\/\/thecloset.co\/blog\/wp-json\/wp\/v2\/comments?post=1172"}],"version-history":[{"count":3,"href":"https:\/\/thecloset.co\/blog\/wp-json\/wp\/v2\/posts\/1172\/revisions"}],"predecessor-version":[{"id":1979,"href":"https:\/\/thecloset.co\/blog\/wp-json\/wp\/v2\/posts\/1172\/revisions\/1979"}],"wp:featuredmedia":[{"embeddable":true,"href":"https:\/\/thecloset.co\/blog\/wp-json\/wp\/v2\/media\/1174"}],"wp:attachment":[{"href":"https:\/\/thecloset.co\/blog\/wp-json\/wp\/v2\/media?parent=1172"}],"wp:term":[{"taxonomy":"category","embeddable":true,"href":"https:\/\/thecloset.co\/blog\/wp-json\/wp\/v2\/categories?post=1172"},{"taxonomy":"post_tag","embeddable":true,"href":"https:\/\/thecloset.co\/blog\/wp-json\/wp\/v2\/tags?post=1172"}],"curies":[{"name":"wp","href":"https:\/\/api.w.org\/{rel}","templated":true}]}}