{"id":1198,"date":"2015-12-21T22:06:38","date_gmt":"2015-12-21T22:06:38","guid":{"rendered":"http:\/\/thecloset.co\/blog\/?p=1198"},"modified":"2017-08-23T16:57:02","modified_gmt":"2017-08-23T16:57:02","slug":"vestir-para-festejar","status":"publish","type":"post","link":"https:\/\/thecloset.co\/blog\/vestir-para-festejar\/","title":{"rendered":"VESTIR PARA FESTEJAR"},"content":{"rendered":"<h2>Lucir original y diferente<\/h2>\n<p>Encontrar el look perfecto para la noche de navidad debe ser una cuesti\u00f3n de estilo y moda, definir muy bien las prendas que te acompa\u00f1ar\u00e1n y que har\u00e1n juego con tu personalidad es super importante, busca mantener la comodidad ya que son noches en las que vamos de un lado al otro.<\/p>\n<p>No importa donde festejes navidad, ya sea una mega fiesta o una reuni\u00f3n peque\u00f1a en casa de tus familiares, lo que si es seguro es que es una noche \u00fanica en donde debes vestir y representar tu personalidad lo mejor posible, destaca tu belleza y femineidad<\/p>\n<p>&nbsp;<\/p>\n<p><!--more Leer m\u00e1s--><\/p>\n<p>Vestir original y diferente en la noche de navidad debe ser la meta para este a\u00f1o, demostrar el estilo por el que te defines ante el mundo y por el cu\u00e1l atraes miradas.<\/p>\n<p>Aqu\u00ed te dejamos algunas opciones que puedes utilizar para la noche m\u00e1s bonita del a\u00f1o.<\/p>\n<p>Una <a href=\"http:\/\/thecloset.co\/mujer\/faldas-vestidos\" target=\"_blank\">falda <\/a>es una muy buena opci\u00f3n, ya que esta te brinda comodidad y mucho estilo, escoge un color que haga juego con tus accesorios y zapatos.<\/p>\n<p><a href=\"http:\/\/thecloset.co\/soloci\/falda-gabardina-uva\" target=\"_blank\">Falda gabardina &#8211; Soloci<\/a><\/p>\n<p><a href=\"http:\/\/thecloset.co\/soloci\/falda-gabardina-uva\" target=\"_blank\"><img loading=\"lazy\" decoding=\"async\" class=\"alignnone size-medium wp-image-1211\" src=\"http:\/\/thecloset.co\/blog\/wp-content\/uploads\/2015\/12\/imagenesretocadassoloci008-600x600-300x300.jpg\" alt=\"imagenesretocadassoloci008-600x600\" width=\"300\" height=\"300\" srcset=\"https:\/\/thecloset.co\/blog\/wp-content\/uploads\/2015\/12\/imagenesretocadassoloci008-600x600-300x300.jpg 300w, https:\/\/thecloset.co\/blog\/wp-content\/uploads\/2015\/12\/imagenesretocadassoloci008-600x600-100x100.jpg 100w, https:\/\/thecloset.co\/blog\/wp-content\/uploads\/2015\/12\/imagenesretocadassoloci008-600x600.jpg 600w, https:\/\/thecloset.co\/blog\/wp-content\/uploads\/2015\/12\/imagenesretocadassoloci008-600x600-150x150.jpg 150w\" sizes=\"(max-width: 300px) 100vw, 300px\" \/><\/a><\/p>\n<p>Una <a href=\"http:\/\/thecloset.co\/mujer\/chaquetas\" target=\"_blank\">chaqueta<\/a> es important\u00edsima para este 24 de diciembre ya que contaremos con una hermosa luna llena que nos acompa\u00f1ara a celebrar en compa\u00f1\u00eda de nuestra familia, este <a href=\"http:\/\/thecloset.co\/mujer\/chaquetas\" target=\"_blank\">blazer <\/a>puedes utilizarlo con un vestido corto negro elegante.<\/p>\n<p><a href=\"http:\/\/thecloset.co\/mujer\/chaquetas\/Blazer-dorado-y-plateado\" target=\"_blank\">Blazer dorado &#8211; Paola Alonso<\/a><\/p>\n<p><a href=\"http:\/\/thecloset.co\/mujer\/chaquetas\/Blazer-dorado-y-plateado\" target=\"_blank\"><img loading=\"lazy\" decoding=\"async\" class=\"alignnone size-medium wp-image-1206\" src=\"http:\/\/thecloset.co\/blog\/wp-content\/uploads\/2015\/12\/c\u0327-300x300.jpg\" alt=\"c\u0327\" width=\"300\" height=\"300\" srcset=\"https:\/\/thecloset.co\/blog\/wp-content\/uploads\/2015\/12\/c\u0327-300x300.jpg 300w, https:\/\/thecloset.co\/blog\/wp-content\/uploads\/2015\/12\/c\u0327-100x100.jpg 100w, https:\/\/thecloset.co\/blog\/wp-content\/uploads\/2015\/12\/c\u0327-150x150.jpg 150w, https:\/\/thecloset.co\/blog\/wp-content\/uploads\/2015\/12\/c\u0327.jpg 491w\" sizes=\"(max-width: 300px) 100vw, 300px\" \/><\/a><\/p>\n<p>Si decidiste pasar navidad fuera de la ciudad en un lugar de alta temperatura, puedes optar por un <a href=\"http:\/\/thecloset.co\/mujer\/blusas-camisetas\" target=\"_blank\">croptop <\/a>que puedes utilizar con una falda larga y unos tacones a tono que te har\u00e1n ver muy original.<\/p>\n<p><a href=\"http:\/\/thecloset.co\/rotten-muztard\/crop-top-azul-seda\" target=\"_blank\">Croptop azul seda &#8211; Rotten Muztard<\/a><\/p>\n<p><a href=\"http:\/\/thecloset.co\/rotten-muztard\/crop-top-azul-seda\" target=\"_blank\"><img loading=\"lazy\" decoding=\"async\" class=\"alignnone size-medium wp-image-1205\" src=\"http:\/\/thecloset.co\/blog\/wp-content\/uploads\/2015\/12\/040rottenmuztardcropazulsedathecloset-491x491-300x300.jpg\" alt=\"040rottenmuztardcropazulsedathecloset-491x491\" width=\"300\" height=\"300\" srcset=\"https:\/\/thecloset.co\/blog\/wp-content\/uploads\/2015\/12\/040rottenmuztardcropazulsedathecloset-491x491-300x300.jpg 300w, https:\/\/thecloset.co\/blog\/wp-content\/uploads\/2015\/12\/040rottenmuztardcropazulsedathecloset-491x491-100x100.jpg 100w, https:\/\/thecloset.co\/blog\/wp-content\/uploads\/2015\/12\/040rottenmuztardcropazulsedathecloset-491x491-150x150.jpg 150w, https:\/\/thecloset.co\/blog\/wp-content\/uploads\/2015\/12\/040rottenmuztardcropazulsedathecloset-491x491.jpg 491w\" sizes=\"(max-width: 300px) 100vw, 300px\" \/><\/a><\/p>\n<p>Probar nuevos colores es parte de la meta de este a\u00f1o, utiliza un <a href=\"http:\/\/thecloset.co\/hombre\/pantalones-y-jeans\" target=\"_blank\">pantal\u00f3n<\/a> que haga la diferencia en tu outfit.<\/p>\n<p><a href=\"http:\/\/thecloset.co\/carlos-guerra-1990\/pantalon-hombre-vinotinto\" target=\"_blank\">Pantalon vinotinto &#8211; Carlos Guerra<\/a><\/p>\n<p><a href=\"http:\/\/thecloset.co\/carlos-guerra-1990\/pantalon-hombre-vinotinto\" target=\"_blank\"><img loading=\"lazy\" decoding=\"async\" class=\"alignnone size-medium wp-image-1204\" src=\"http:\/\/thecloset.co\/blog\/wp-content\/uploads\/2015\/12\/019pantalonvinotintocarlosguerratheclosetco-491x491-300x300.jpg\" alt=\"019pantalonvinotintocarlosguerratheclosetco-491x491\" width=\"300\" height=\"300\" srcset=\"https:\/\/thecloset.co\/blog\/wp-content\/uploads\/2015\/12\/019pantalonvinotintocarlosguerratheclosetco-491x491-300x300.jpg 300w, https:\/\/thecloset.co\/blog\/wp-content\/uploads\/2015\/12\/019pantalonvinotintocarlosguerratheclosetco-491x491-100x100.jpg 100w, https:\/\/thecloset.co\/blog\/wp-content\/uploads\/2015\/12\/019pantalonvinotintocarlosguerratheclosetco-491x491-150x150.jpg 150w, https:\/\/thecloset.co\/blog\/wp-content\/uploads\/2015\/12\/019pantalonvinotintocarlosguerratheclosetco-491x491.jpg 491w\" sizes=\"(max-width: 300px) 100vw, 300px\" \/><\/a><\/p>\n<p>Una camisa siempre es una buena opci\u00f3n, pero una camisa estampada es la mejor opci\u00f3n, \u00fasalo con unos <a href=\"http:\/\/thecloset.co\/hombre\/zapatos-cuero-botas-tenis\" target=\"_blank\">zapatos <\/a>que hagan juego con su dise\u00f1o.<\/p>\n<p><a href=\"http:\/\/thecloset.co\/carlos-guerra-1990\/camisa-verde-oliva-estampada\" target=\"_blank\">Camisa verde estampada &#8211; Carlos Guerra<\/a><\/p>\n<p><a href=\"http:\/\/thecloset.co\/carlos-guerra-1990\/camisa-verde-oliva-estampada\" target=\"_blank\"><img loading=\"lazy\" decoding=\"async\" class=\"alignnone size-medium wp-image-1203\" src=\"http:\/\/thecloset.co\/blog\/wp-content\/uploads\/2015\/12\/014camisaverdeblancocarlosguerratheclosetco-600x600-300x300.jpg\" alt=\"014camisaverdeblancocarlosguerratheclosetco-600x600\" width=\"300\" height=\"300\" srcset=\"https:\/\/thecloset.co\/blog\/wp-content\/uploads\/2015\/12\/014camisaverdeblancocarlosguerratheclosetco-600x600-300x300.jpg 300w, https:\/\/thecloset.co\/blog\/wp-content\/uploads\/2015\/12\/014camisaverdeblancocarlosguerratheclosetco-600x600-100x100.jpg 100w, https:\/\/thecloset.co\/blog\/wp-content\/uploads\/2015\/12\/014camisaverdeblancocarlosguerratheclosetco-600x600.jpg 600w, https:\/\/thecloset.co\/blog\/wp-content\/uploads\/2015\/12\/014camisaverdeblancocarlosguerratheclosetco-600x600-150x150.jpg 150w\" sizes=\"(max-width: 300px) 100vw, 300px\" \/><\/a><\/p>\n<p>&nbsp;<\/p>\n<p>Arma tu pinta con TheCloset.co y su #RedDeDise\u00f1adores para la noche de navidad.<\/p>\n<p>Visita nuestra boutique\u00a0<a href=\"http:\/\/thecloset.co\/mujer\">TheCloset.Co<\/a>\u00a0 Calle 80 # 13 &#8211; 09 en Bogot\u00e1-Colombia (detr\u00e1s del CC Atlantis Plaza) #Dise\u00f1oIndependiente #HechoEnColombia #MadeInColombia #CompraColombiano<\/p>\n<p><strong>\u00danete a nuestra red!<\/strong><\/p>\n<p>Si estas interesado en hacer parte de la #RedDeDise\u00f1adores escr\u00edbenos al correo\u00a0<a href=\"mailto:contacto@thecloset.co\">contacto@thecloset.co<\/a>\u00a0con informaci\u00f3n de tu marca y fotos de los productos.<\/p>\n<p>S\u00edguenos en nuestras redes:\u00a0<a href=\"https:\/\/www.facebook.com\/thecloset.co.diseno\/?fref=ts\">Facebook<\/a>,\u00a0<a href=\"https:\/\/www.instagram.com\/theclosetco\/\">Instagram<\/a><\/p>\n","protected":false},"excerpt":{"rendered":"<p>Lucir original y diferente Encontrar el look perfecto para la noche de navidad debe ser una cuesti\u00f3n de estilo y moda, definir muy bien las prendas que te acompa\u00f1ar\u00e1n y que har\u00e1n juego con tu personalidad es super importante, busca mantener la comodidad ya que son noches en las que vamos de un lado al&#8230;<\/p>\n","protected":false},"author":3,"featured_media":1200,"comment_status":"open","ping_status":"open","sticky":false,"template":"","format":"standard","meta":{"footnotes":""},"categories":[1],"tags":[],"_links":{"self":[{"href":"https:\/\/thecloset.co\/blog\/wp-json\/wp\/v2\/posts\/1198"}],"collection":[{"href":"https:\/\/thecloset.co\/blog\/wp-json\/wp\/v2\/posts"}],"about":[{"href":"https:\/\/thecloset.co\/blog\/wp-json\/wp\/v2\/types\/post"}],"author":[{"embeddable":true,"href":"https:\/\/thecloset.co\/blog\/wp-json\/wp\/v2\/users\/3"}],"replies":[{"embeddable":true,"href":"https:\/\/thecloset.co\/blog\/wp-json\/wp\/v2\/comments?post=1198"}],"version-history":[{"count":7,"href":"https:\/\/thecloset.co\/blog\/wp-json\/wp\/v2\/posts\/1198\/revisions"}],"predecessor-version":[{"id":1977,"href":"https:\/\/thecloset.co\/blog\/wp-json\/wp\/v2\/posts\/1198\/revisions\/1977"}],"wp:featuredmedia":[{"embeddable":true,"href":"https:\/\/thecloset.co\/blog\/wp-json\/wp\/v2\/media\/1200"}],"wp:attachment":[{"href":"https:\/\/thecloset.co\/blog\/wp-json\/wp\/v2\/media?parent=1198"}],"wp:term":[{"taxonomy":"category","embeddable":true,"href":"https:\/\/thecloset.co\/blog\/wp-json\/wp\/v2\/categories?post=1198"},{"taxonomy":"post_tag","embeddable":true,"href":"https:\/\/thecloset.co\/blog\/wp-json\/wp\/v2\/tags?post=1198"}],"curies":[{"name":"wp","href":"https:\/\/api.w.org\/{rel}","templated":true}]}}