{"id":1222,"date":"2015-12-22T19:20:49","date_gmt":"2015-12-22T19:20:49","guid":{"rendered":"http:\/\/thecloset.co\/blog\/?p=1222"},"modified":"2017-08-23T16:44:09","modified_gmt":"2017-08-23T16:44:09","slug":"una-chaqueta-para-acampar","status":"publish","type":"post","link":"https:\/\/thecloset.co\/blog\/una-chaqueta-para-acampar\/","title":{"rendered":"UNA CHAQUETA PARA ACAMPAR"},"content":{"rendered":"<h2>Disfrutar el a\u00f1o nuevo acampando<\/h2>\n<p>Muchos buscamos salir de la cotidianidad y encontrar el lugar perfecto para meditar, que mejor plan que hacerlo el 31 de diciembre, es un d\u00eda perfecto para encontrarte a ti mismo, visualizar nuevas metas para el a\u00f1o nuevo y mejorar aspectos que nos vuelvan mejor persona.<\/p>\n<p>Acampar es un plan que puedes compartir con tu pareja o un par de amigos, esperar el a\u00f1o nuevo y disfrutar de una noche lejos de la civilizaci\u00f3n y en contacto 100% con la naturaleza, eso si no te olvides de llevar todo lo necesario para que ese d\u00eda sea inolvidables.<\/p>\n<p><!--more Leer m\u00e1s--><\/p>\n<p>Nuestra recomendaci\u00f3n principal es antes de salir de viaje has un check list, en donde verifiques que todo lo que necesitas para irte de camping est\u00e1 completo y empacado.<\/p>\n<p>Tambi\u00e9n es muy importante que lleves ropa adecuada m\u00e1s si es una zona fria, llevate un buen guardaropa de medias, pantalones y por supuesto chaquetas.<\/p>\n<p>Aqu\u00ed te dejamos algunas recomendaciones que puedes utilizar para irte de camping, evitar el frio y por supuesto vivir tu estilo a toda hora.<\/p>\n<p>Una muy buena opci\u00f3n para pasar delicioso el 31 acampando es una chaqueta que te protege del sereno y la lluvia.<\/p>\n<h3><a href=\"http:\/\/thecloset.co\/mujer\/chaquetas\/chaqueta-snake-cherry\" target=\"_blank\">Chaqueta Snake Cherry &#8211; Rotten Muztard<\/a><\/h3>\n<p>&nbsp;<\/p>\n<p><a href=\"http:\/\/thecloset.co\/mujer\/chaquetas\/chaqueta-snake-cherry\" target=\"_blank\"><img loading=\"lazy\" decoding=\"async\" class=\"alignnone size-medium wp-image-1227\" src=\"http:\/\/thecloset.co\/blog\/wp-content\/uploads\/2015\/12\/rottenmuztardtheclosetsacocapotafucsia001-491x491-300x300.jpg\" alt=\"rottenmuztardtheclosetsacocapotafucsia001-491x491\" width=\"300\" height=\"300\" srcset=\"https:\/\/thecloset.co\/blog\/wp-content\/uploads\/2015\/12\/rottenmuztardtheclosetsacocapotafucsia001-491x491-300x300.jpg 300w, https:\/\/thecloset.co\/blog\/wp-content\/uploads\/2015\/12\/rottenmuztardtheclosetsacocapotafucsia001-491x491-100x100.jpg 100w, https:\/\/thecloset.co\/blog\/wp-content\/uploads\/2015\/12\/rottenmuztardtheclosetsacocapotafucsia001-491x491-150x150.jpg 150w, https:\/\/thecloset.co\/blog\/wp-content\/uploads\/2015\/12\/rottenmuztardtheclosetsacocapotafucsia001-491x491.jpg 491w\" sizes=\"(max-width: 300px) 100vw, 300px\" \/><\/a><\/p>\n<p>&nbsp;<\/p>\n<p>Puedes utilizarlo con una chaqueta, aparte de combinar muy bien te cubrir\u00e1n a\u00fan m\u00e1s del fri\u00f3 a la hora de dormir.<\/p>\n<h3><a href=\"http:\/\/thecloset.co\/mujer\/chaquetas\/saco-capota-gris-marca-The-Eleven-Company,%20elaborado-en-algod%C3%B3n,%20color-gris,%20estampado-eleven,%20disponible-en-Bogot%C3%A1-y-Colombia,%20dise%C3%B1ado-para-la-red-de-dise%C3%B1adores-independientes-www.thecloset.co\" target=\"_blank\">Saco de capota gris &#8211; The Eleven Company<\/a><\/h3>\n<p>&nbsp;<\/p>\n<p><a href=\"http:\/\/thecloset.co\/mujer\/chaquetas\/saco-capota-gris-marca-The-Eleven-Company,%20elaborado-en-algod%C3%B3n,%20color-gris,%20estampado-eleven,%20disponible-en-Bogot%C3%A1-y-Colombia,%20dise%C3%B1ado-para-la-red-de-dise%C3%B1adores-independientes-www.thecloset.co\" target=\"_blank\"><img loading=\"lazy\" decoding=\"async\" class=\"alignnone size-medium wp-image-1228\" src=\"http:\/\/thecloset.co\/blog\/wp-content\/uploads\/2015\/12\/elevencompany_theclosetco_saco_gris002-491x491-300x300.jpg\" alt=\"elevencompany_theclosetco_saco_gris002-491x491\" width=\"300\" height=\"300\" srcset=\"https:\/\/thecloset.co\/blog\/wp-content\/uploads\/2015\/12\/elevencompany_theclosetco_saco_gris002-491x491-300x300.jpg 300w, https:\/\/thecloset.co\/blog\/wp-content\/uploads\/2015\/12\/elevencompany_theclosetco_saco_gris002-491x491-100x100.jpg 100w, https:\/\/thecloset.co\/blog\/wp-content\/uploads\/2015\/12\/elevencompany_theclosetco_saco_gris002-491x491-150x150.jpg 150w, https:\/\/thecloset.co\/blog\/wp-content\/uploads\/2015\/12\/elevencompany_theclosetco_saco_gris002-491x491.jpg 491w\" sizes=\"(max-width: 300px) 100vw, 300px\" \/><\/a><\/p>\n<p>Un accesorio que no puede faltar cuando vamos de camping, no ocupa mucho espacio, puedes llevarlo en el bolsillo de tu chaqueta.<\/p>\n<h3><a href=\"http:\/\/thecloset.co\/tianna-accesorios\/gorro-urbano-tianna-negro-rojo-beige\" target=\"_blank\">Gorro tejido &#8211; Tianna\u00a0<\/a><\/h3>\n<p><a href=\"http:\/\/thecloset.co\/tianna-accesorios\/gorro-urbano-tianna-negro-rojo-beige\" target=\"_blank\"><img loading=\"lazy\" decoding=\"async\" class=\"alignnone size-medium wp-image-1229\" src=\"http:\/\/thecloset.co\/blog\/wp-content\/uploads\/2015\/12\/gorrotejidotiannabeigerojonegro02-491x491-1-300x300.jpg\" alt=\"gorrotejidotiannabeigerojonegro02-491x491 (1)\" width=\"300\" height=\"300\" srcset=\"https:\/\/thecloset.co\/blog\/wp-content\/uploads\/2015\/12\/gorrotejidotiannabeigerojonegro02-491x491-1-300x300.jpg 300w, https:\/\/thecloset.co\/blog\/wp-content\/uploads\/2015\/12\/gorrotejidotiannabeigerojonegro02-491x491-1-100x100.jpg 100w, https:\/\/thecloset.co\/blog\/wp-content\/uploads\/2015\/12\/gorrotejidotiannabeigerojonegro02-491x491-1-150x150.jpg 150w, https:\/\/thecloset.co\/blog\/wp-content\/uploads\/2015\/12\/gorrotejidotiannabeigerojonegro02-491x491-1.jpg 491w\" sizes=\"(max-width: 300px) 100vw, 300px\" \/><\/a><\/p>\n<p>Para los hombres un saco es perfecto para ir de camping, ya que puedes utilizar encima una chaqueta a tono que te combine muy bien.<\/p>\n<h3><a href=\"http:\/\/thecloset.co\/hombre\/chaquetas-y-sacos\/saco-coffee\" target=\"_blank\">Saco coffee &#8211; Manuela Mill\u00e1n\u00a0<\/a><\/h3>\n<p><a href=\"http:\/\/thecloset.co\/hombre\/chaquetas-y-sacos\/saco-coffee\" target=\"_blank\"><img loading=\"lazy\" decoding=\"async\" class=\"alignnone size-medium wp-image-1230\" src=\"http:\/\/thecloset.co\/blog\/wp-content\/uploads\/2015\/12\/016manuelamillansacocoffee-491x491-300x300.jpg\" alt=\"016manuelamillansacocoffee-491x491\" width=\"300\" height=\"300\" srcset=\"https:\/\/thecloset.co\/blog\/wp-content\/uploads\/2015\/12\/016manuelamillansacocoffee-491x491-300x300.jpg 300w, https:\/\/thecloset.co\/blog\/wp-content\/uploads\/2015\/12\/016manuelamillansacocoffee-491x491-100x100.jpg 100w, https:\/\/thecloset.co\/blog\/wp-content\/uploads\/2015\/12\/016manuelamillansacocoffee-491x491-150x150.jpg 150w, https:\/\/thecloset.co\/blog\/wp-content\/uploads\/2015\/12\/016manuelamillansacocoffee-491x491.jpg 491w\" sizes=\"(max-width: 300px) 100vw, 300px\" \/><\/a><\/p>\n<p>Y por supuesto una chaqueta para los hombres es imprescindible, recuerda buscar una que te protega del sereno y la lluvia.<\/p>\n<h3><a href=\"http:\/\/thecloset.co\/hombre\/chaquetas-y-sacos\/chaqueta-estampado-puntos\" target=\"_blank\">Chaqueta estampada &#8211; Carlos Guerra<\/a><\/h3>\n<p>&nbsp;<\/p>\n<p><a href=\"http:\/\/thecloset.co\/hombre\/chaquetas-y-sacos\/chaqueta-estampado-puntos\" target=\"_blank\"><img loading=\"lazy\" decoding=\"async\" class=\"alignnone size-medium wp-image-1226\" src=\"http:\/\/thecloset.co\/blog\/wp-content\/uploads\/2015\/12\/033chaquetanegrapuntosblancoscarlosguerratheclosetco-491x491-300x300.jpg\" alt=\"033chaquetanegrapuntosblancoscarlosguerratheclosetco-491x491\" width=\"300\" height=\"300\" srcset=\"https:\/\/thecloset.co\/blog\/wp-content\/uploads\/2015\/12\/033chaquetanegrapuntosblancoscarlosguerratheclosetco-491x491-300x300.jpg 300w, https:\/\/thecloset.co\/blog\/wp-content\/uploads\/2015\/12\/033chaquetanegrapuntosblancoscarlosguerratheclosetco-491x491-100x100.jpg 100w, https:\/\/thecloset.co\/blog\/wp-content\/uploads\/2015\/12\/033chaquetanegrapuntosblancoscarlosguerratheclosetco-491x491-150x150.jpg 150w, https:\/\/thecloset.co\/blog\/wp-content\/uploads\/2015\/12\/033chaquetanegrapuntosblancoscarlosguerratheclosetco-491x491.jpg 491w\" sizes=\"(max-width: 300px) 100vw, 300px\" \/><\/a><\/p>\n<p>Feliz Navidad y Feliz A\u00f1o Nuevo te deseo <a href=\"http:\/\/thecloset.co\/\" target=\"_blank\">TheCloset.co<\/a> y su <a href=\"http:\/\/thecloset.co\/quieres-vender\" target=\"_blank\">#RedDeDise\u00f1adores<\/a><\/p>\n<p>Visita nuestra boutique\u00a0<a href=\"http:\/\/thecloset.co\/mujer\">TheCloset.Co<\/a>\u00a0 Calle 80 # 13 &#8211; 09 en Bogot\u00e1-Colombia (detr\u00e1s del CC Atlantis Plaza) #Dise\u00f1oIndependiente #HechoEnColombia #MadeInColombia #CompraColombiano<\/p>\n<p><strong>\u00danete a nuestra red!<\/strong><\/p>\n<p>Si estas interesado en hacer parte de la #RedDeDise\u00f1adores escr\u00edbenos al correo\u00a0<a href=\"mailto:contacto@thecloset.co\">contacto@thecloset.co<\/a>\u00a0con informaci\u00f3n de tu marca y fotos de los productos.<\/p>\n<p>S\u00edguenos en nuestras redes:\u00a0<a href=\"https:\/\/www.facebook.com\/thecloset.co.diseno\/?fref=ts\">Facebook<\/a>,\u00a0<a href=\"https:\/\/www.instagram.com\/theclosetco\/\">Instagram<\/a><\/p>\n","protected":false},"excerpt":{"rendered":"<p>Disfrutar el a\u00f1o nuevo acampando Muchos buscamos salir de la cotidianidad y encontrar el lugar perfecto para meditar, que mejor plan que hacerlo el 31 de diciembre, es un d\u00eda perfecto para encontrarte a ti mismo, visualizar nuevas metas para el a\u00f1o nuevo y mejorar aspectos que nos vuelvan mejor persona. Acampar es un plan&#8230;<\/p>\n","protected":false},"author":3,"featured_media":1225,"comment_status":"open","ping_status":"open","sticky":false,"template":"","format":"standard","meta":{"footnotes":""},"categories":[1],"tags":[],"_links":{"self":[{"href":"https:\/\/thecloset.co\/blog\/wp-json\/wp\/v2\/posts\/1222"}],"collection":[{"href":"https:\/\/thecloset.co\/blog\/wp-json\/wp\/v2\/posts"}],"about":[{"href":"https:\/\/thecloset.co\/blog\/wp-json\/wp\/v2\/types\/post"}],"author":[{"embeddable":true,"href":"https:\/\/thecloset.co\/blog\/wp-json\/wp\/v2\/users\/3"}],"replies":[{"embeddable":true,"href":"https:\/\/thecloset.co\/blog\/wp-json\/wp\/v2\/comments?post=1222"}],"version-history":[{"count":3,"href":"https:\/\/thecloset.co\/blog\/wp-json\/wp\/v2\/posts\/1222\/revisions"}],"predecessor-version":[{"id":1976,"href":"https:\/\/thecloset.co\/blog\/wp-json\/wp\/v2\/posts\/1222\/revisions\/1976"}],"wp:featuredmedia":[{"embeddable":true,"href":"https:\/\/thecloset.co\/blog\/wp-json\/wp\/v2\/media\/1225"}],"wp:attachment":[{"href":"https:\/\/thecloset.co\/blog\/wp-json\/wp\/v2\/media?parent=1222"}],"wp:term":[{"taxonomy":"category","embeddable":true,"href":"https:\/\/thecloset.co\/blog\/wp-json\/wp\/v2\/categories?post=1222"},{"taxonomy":"post_tag","embeddable":true,"href":"https:\/\/thecloset.co\/blog\/wp-json\/wp\/v2\/tags?post=1222"}],"curies":[{"name":"wp","href":"https:\/\/api.w.org\/{rel}","templated":true}]}}