{"id":14,"date":"2015-08-03T07:00:26","date_gmt":"2015-08-03T07:00:26","guid":{"rendered":"http:\/\/wp.magnium-themes.com\/piemont\/piemont-2\/?p=14"},"modified":"2017-08-23T21:10:21","modified_gmt":"2017-08-23T21:10:21","slug":"bolsos-y-billeteras-maximma","status":"publish","type":"post","link":"https:\/\/thecloset.co\/blog\/bolsos-y-billeteras-maximma\/","title":{"rendered":"Bolsos y billeteras de Maximma by Carolina Bernal"},"content":{"rendered":"<h3><strong>Conoce nuestras marcas y \u00fanete a la #RedDeDise\u00f1adores<\/strong><\/h3>\n<p><strong>1.<\/strong><strong>\u00bfQui\u00e9n es Carolina Bernal?<\/strong><\/p>\n<p>Carolina o la mona como me dicen mis amigos m\u00e1s cercanos, es una opita criada a achira y doble an\u00eds. Lleva 3 d\u00e9cadas en este planeta donde ha tenido la oportunidad de hacer de todo, entre esas, tener un peque\u00f1o compa\u00f1ero de vida juguet\u00f3n y parlanch\u00edn. No trabajo, solo me divierto y hago lo que amo.<!--more Leer m\u00e1s--><\/p>\n<p>Estudie algo que mi familia no comprend\u00eda y el d\u00eda de hoy tampoco tienen claro, dise\u00f1o industrial, en una Universidad muy buena; pero como adem\u00e1s de todo me mandaron con un cerebro muy curioso que le encanta aprender, despu\u00e9s he hecho un mont\u00f3n de cursos, un MBA y una especializaci\u00f3n&#8230;. Pero eso no acaba ah\u00ed, apenas voy comenzando. Los d\u00edas me los paso y me los gano haciendo moda traducida en accesorios, leyendo, escribiendo para el blog, haciendo ejercicio&#8230;. mucho ejercicio, hablando con la gente que es af\u00edn a mis productos, unos les dicen clientes yo les digo amigos y con mis ni\u00f1as hermosas Diva y Reina (las perras). Despu\u00e9s de ir por este mundo metiendo la pata con la excusa de la juventud y queriendo coger experiencia, hace 4 a\u00f1os arranque una de las locuras de la que me siento m\u00e1s orgullosa que es MAXIMMA y as\u00ed, entre libros, perros, moda, amigos y familia paso los d\u00edas feliz.<\/p>\n<h3><strong>1.<\/strong><strong>\u00bfQu\u00e9 es Maximma?, cu\u00e9ntanos sobre tu marca\u2026<br \/>\n<\/strong><\/h3>\n<p><strong>MAXIMMA<\/strong> es una marca que nace de la necesidad de crear bolsos y billeteras con una personalidad fuerte y decidida sin perder la identidad colombiana, esa es la raz\u00f3n por la cual trabajamos con tejidos y materiales nacionales; y por supuesto, est\u00e1n realizados por manos expertas de artesanos de tradici\u00f3n. Para darle una identidad fuerte y decidida a nuestros productos, nos inspiramos en las mujeres actuales, exitosas,\u00a0esas que salen a comerse el mundo. La mujer actual que es empresaria, gerente, que nada le queda grande y que necesita demostrar su empoderamiento en cada mil\u00edmetro de su cuerpo, de su actitud y por supuesto de sus complementos; \u00bfQu\u00e9 mujer exitosa lleva un bolso aburrido, barato o sin dinamismo? Ninguna! As\u00ed es <strong>MAXIMMA<\/strong>, una mujer que sabe que el mundo le pertenece.<\/p>\n<h3><strong>2.<\/strong><strong>\u00bfPor qu\u00e9 decidiste emprender en el sector de la moda?<\/strong><\/h3>\n<p>Pues cuando comenc\u00e9 a hacer mis pr\u00e1cticas entend\u00ed que, hay muchas empresas que no conciben correctamente la labor del dise\u00f1ador dentro de ellas. Cuando estos encuentran peque\u00f1as fallas o fortalezas dentro de la empresa, generalmente no son escuchados y prefieren seguir cometiendo el mismo error o desperdiciando la oportunidad que se les presenta. En el sector de la marroquiner\u00eda pasa que las marcas quieren hacer dise\u00f1o italiano o dise\u00f1o chino, pero se olvidan de todo lo que hay en Colombia y que se puede utilizar para generar una identidad propia; dejando de lado los oficios manuales y\u00a0la tradici\u00f3n de nuestro pueblo. No se han dado cuenta que la situaci\u00f3n del sector, no se debe al ingreso de competencias extranjeras, sino a la falta de identidad propia. Para mi reconocer eso fue y\u00a0ha sido el hilo conductor de dise\u00f1o que, a trav\u00e9s de los a\u00f1os, ha ido madurando hasta poder sacar mi colecci\u00f3n en fibra de pindo, la cual en este momento es mi gran apuesta.<\/p>\n<h3><strong>3.<\/strong><strong>\u00bfPara ti que es el dise\u00f1o?<\/strong><\/h3>\n<p>El dise\u00f1o es el arte de hacer objetos est\u00e9ticamente agradables y totalmente funcionales. Es el juego entre el arte y la ingenier\u00eda, la tecnolog\u00eda y las humanidades, donde claramente el usuario y las tendencias son las protagonistas.<\/p>\n<h3><strong>4.<\/strong><strong>\u00bfQu\u00e9 cosas inspiran tu lado creativo?<\/strong><\/h3>\n<p>La inspiraci\u00f3n me llega de cualquier lugar, de las cosas que me gustan pero sobre todo de mi paz interior. Cuando encuentro el equilibrio perfecto entre mi ambiente externo e interno es de donde han salido mis mejores creaciones.<\/p>\n<h3><strong>5.<\/strong><strong>\u00bfA qu\u00e9 dise\u00f1ador\u00a0admiras y por qu\u00e9?<\/strong><\/h3>\n<p>Tengo varios. Pero creo que indudablemente y aunque suene clich\u00e9 mi gran favorita es Coco Chanel, pues inicio un legado de dise\u00f1o en una \u00e9poca donde la mujer a\u00fan se encontraba muy limitada y logr\u00f3\u00a0construir un emporio que perdura y que es un \u00edcono de elegancia, fortaleza y autenticidad.<\/p>\n<h3><strong>6.<\/strong><strong>\u00bfUn libro que recomiendes y por qu\u00e9?<\/strong><\/h3>\n<p>Me encanta la lectura y hay muchos que podr\u00eda recomendar. \u00ab<em>El Principito<\/em>\u00bb es mi libro favorito y eso jam\u00e1s lo he puesto en tela de juicio. Sin embargo, recomendar\u00eda\u00a0\u00ab<em>De la ruptura a la sutura<\/em>\u00bb de Isabella Santo Domingo\u00a0o \u00ab<em>El manual de la perfecta cabrona<\/em>\u00bb de Elizabeth Hilts,\u00a0para aquellas que quieren coger un poco de impulso en una fase jarta o de duelo. Si es para ponerse a pensar un poco m\u00e1s \u00ab<em>Biocentrismo<\/em>\u00bb de Robert Lanza. Novelas como \u00ab<em>En el amor y la guerra<\/em>\u00bb de Ernest Hemingway o \u00ab<em>El Coronel no tiene que le escriba<\/em>\u00ab; y s\u00ed es para encontrarse a s\u00ed mismo, \u00ab<em>Siddharta<\/em>\u00bb de Hermann Hesse. Los libros son parte de la banda sonora de la vida, cada momento tiene uno.<\/p>\n<h3><strong>7.<\/strong><strong>\u00bfQu\u00e9 ciudad\/pa\u00eds te gustar\u00eda conocer y por qu\u00e9?<\/strong><\/h3>\n<p>Hay muchos. Me encantan los viajes de aventura y en este momento tengo en la mira Machu Picchu.<\/p>\n<h3><strong>8.<\/strong><strong>\u00bfQu\u00e9 nuevos proyectos vienen para tu marca?<\/strong><\/h3>\n<p>Bueno como dije anteriormente, estamos apost\u00e1ndole a nuestra nueva l\u00ednea de bolsos hechos en fibras naturales, queremos bolsos con identidad colombiana pero\u00a0intervenidos desde el dise\u00f1o para conquistar mercados internacionales.<\/p>\n<h3><strong>9.<\/strong><strong>Por \u00faltimo, qu\u00e9 guardas en tu Cl\u00f3set?<\/strong><\/h3>\n<p>Uy!!!! Pues hay muchas cosas. Uno de mis grandes tesoros es un bolso heredado de mi abuela, mis zapatos ne\u00f3n que son sin duda mis preferidos, una chaqueta de jean que es a mi juicio la prenda m\u00e1s vers\u00e1til que conozco y ropa interior muy sexy que jam\u00e1s me puede faltar. Los bolsos de mi marca no est\u00e1n en mi closet, est\u00e1n por toda la casa pues me encanta exhibirlos.<\/p>\n<p>Visita nuestra boutique\u00a0<a href=\"http:\/\/thecloset.co\/mujer\">TheCloset.Co<\/a>\u00a0 Calle 80 # 13 &#8211; 09 en Bogot\u00e1-Colombia (detr\u00e1s del CC Atlantis Plaza) #Dise\u00f1oIndependiente #HechoEnColombia #MadeInColombia #CompraColombiano<\/p>\n<p><strong>\u00danete a nuestra red!<\/strong><\/p>\n<p>Si estas interesado en hacer parte de la #RedDeDise\u00f1adores escr\u00edbenos al correo\u00a0<a href=\"mailto:contacto@thecloset.co\">contacto@thecloset.co<\/a>\u00a0con informaci\u00f3n de tu marca y fotos de los productos.<\/p>\n<p>S\u00edguenos en nuestras redes:\u00a0<a href=\"https:\/\/www.facebook.com\/thecloset.co.diseno\/?fref=ts\">Facebook<\/a>,\u00a0<a href=\"https:\/\/www.instagram.com\/theclosetco\/\">Instagram<\/a><\/p>\n<p>&nbsp;<\/p>\n<p>&nbsp;<\/p>\n","protected":false},"excerpt":{"rendered":"<p>Conoce nuestras marcas y \u00fanete a la #RedDeDise\u00f1adores 1.\u00bfQui\u00e9n es Carolina Bernal? Carolina o la mona como me dicen mis amigos m\u00e1s cercanos, es una opita criada a achira y doble an\u00eds. Lleva 3 d\u00e9cadas en este planeta donde ha tenido la oportunidad de hacer de todo, entre esas, tener un peque\u00f1o compa\u00f1ero de vida&#8230;<\/p>\n","protected":false},"author":1,"featured_media":418,"comment_status":"open","ping_status":"open","sticky":false,"template":"","format":"standard","meta":{"footnotes":""},"categories":[90],"tags":[61,62,58],"_links":{"self":[{"href":"https:\/\/thecloset.co\/blog\/wp-json\/wp\/v2\/posts\/14"}],"collection":[{"href":"https:\/\/thecloset.co\/blog\/wp-json\/wp\/v2\/posts"}],"about":[{"href":"https:\/\/thecloset.co\/blog\/wp-json\/wp\/v2\/types\/post"}],"author":[{"embeddable":true,"href":"https:\/\/thecloset.co\/blog\/wp-json\/wp\/v2\/users\/1"}],"replies":[{"embeddable":true,"href":"https:\/\/thecloset.co\/blog\/wp-json\/wp\/v2\/comments?post=14"}],"version-history":[{"count":8,"href":"https:\/\/thecloset.co\/blog\/wp-json\/wp\/v2\/posts\/14\/revisions"}],"predecessor-version":[{"id":2048,"href":"https:\/\/thecloset.co\/blog\/wp-json\/wp\/v2\/posts\/14\/revisions\/2048"}],"wp:featuredmedia":[{"embeddable":true,"href":"https:\/\/thecloset.co\/blog\/wp-json\/wp\/v2\/media\/418"}],"wp:attachment":[{"href":"https:\/\/thecloset.co\/blog\/wp-json\/wp\/v2\/media?parent=14"}],"wp:term":[{"taxonomy":"category","embeddable":true,"href":"https:\/\/thecloset.co\/blog\/wp-json\/wp\/v2\/categories?post=14"},{"taxonomy":"post_tag","embeddable":true,"href":"https:\/\/thecloset.co\/blog\/wp-json\/wp\/v2\/tags?post=14"}],"curies":[{"name":"wp","href":"https:\/\/api.w.org\/{rel}","templated":true}]}}