{"id":1511,"date":"2016-01-21T16:51:34","date_gmt":"2016-01-21T16:51:34","guid":{"rendered":"http:\/\/thecloset.co\/blog\/?p=1511"},"modified":"2017-08-23T16:13:17","modified_gmt":"2017-08-23T16:13:17","slug":"como-es-la-moda-hoy-dia","status":"publish","type":"post","link":"https:\/\/thecloset.co\/blog\/como-es-la-moda-hoy-dia\/","title":{"rendered":"\u00bfC\u00d3MO ES LA MODA HOY D\u00cdA?"},"content":{"rendered":"<h2 class=\"subheader hide-for-small\">Encaminarte en el mundo de la moda<\/h2>\n<p>Muchas veces como dise\u00f1adores nos parece distante llegar a triunfar en el mercado con nuestras colecciones, dejando de so\u00f1ar e innovar en nuestros dise\u00f1os y llegando al punto de imitar y vender por vitrina a un p\u00fablico incoherente.<\/p>\n<p>Queremos que cuentes historias a trav\u00e9s de tus colecciones, que cuando el p\u00fablico empiece a mirar tu colecci\u00f3n m\u00e1s de cerca y a entenderla, pueda ver ilustrados tus sentimientos y emociones en las siluetas, los colores. En ese momento es\u00a0cu\u00e1ndo podr\u00e1s ver como la moda del dise\u00f1o independiente atrae todo el triunfo de lo que llamamos \u00e9xito.<\/p>\n<p><!--more Leer m\u00e1s--><\/p>\n<p>Hoy queremos que la identidad de tu marca sea tu esencia como dise\u00f1ador, m\u00e1s all\u00e1 de lo que sea exhibir un producto para activar la caja registradora, queremos brindarte la ayuda necesaria y la experticia para encaminarte en el mundo de la moda a trav\u00e9s del e-commerce, que puedas descifrar y entender como la venta ha innovado sus formas al igual que el mundo de la moda innova en sus tendencias.<\/p>\n<p><a href=\"http:\/\/thecloset.co\/\" target=\"_blank\">TheCloset.co<\/a> se especializa en armonizar y llevar tu idea de marca al mercado, somos un e-commerce que entiende y vive el dise\u00f1o independiente, que lleva a el mundo las propuestas de la <a href=\"http:\/\/thecloset.co\/quieres-vender\" target=\"_blank\">#RedDeDise\u00f1adores<\/a> para que nuestro publico encuentre un equilibrio entre su estilo y personalidad.<\/p>\n<p>Permite que los expertos te asesoren, te muestren el mundo de la moda para que te ayuden a balancear tus ideas y tus ingresos, que tengas libertad de pensamiento y seguridad en ti mismo para que tu marca llegue al mundo de la moda tal cual lo so\u00f1aste cuando te propusiste ser independiente y luchar por tus ideales.<\/p>\n<p><a href=\"http:\/\/thecloset.co\/servicios\" target=\"_blank\"><img loading=\"lazy\" decoding=\"async\" class=\"alignnone size-full wp-image-1345\" src=\"http:\/\/thecloset.co\/blog\/wp-content\/uploads\/2016\/01\/banner-servicios-2.jpg\" alt=\"banner-servicios-2\" width=\"980\" height=\"502\" srcset=\"https:\/\/thecloset.co\/blog\/wp-content\/uploads\/2016\/01\/banner-servicios-2.jpg 980w, https:\/\/thecloset.co\/blog\/wp-content\/uploads\/2016\/01\/banner-servicios-2-600x307.jpg 600w, https:\/\/thecloset.co\/blog\/wp-content\/uploads\/2016\/01\/banner-servicios-2-300x154.jpg 300w\" sizes=\"(max-width: 980px) 100vw, 980px\" \/><\/a><\/p>\n<p>Visita nuestra boutique\u00a0<a href=\"http:\/\/thecloset.co\/mujer\">TheCloset.Co<\/a>\u00a0 Calle 80 # 13 &#8211; 09 en Bogot\u00e1-Colombia (detr\u00e1s del CC Atlantis Plaza) #Dise\u00f1oIndependiente #HechoEnColombia #MadeInColombia #CompraColombiano<\/p>\n<p><strong>\u00danete a nuestra red!<\/strong><\/p>\n<p>Si estas interesado en hacer parte de la #RedDeDise\u00f1adores escr\u00edbenos al correo\u00a0<a href=\"mailto:contacto@thecloset.co\">contacto@thecloset.co<\/a>\u00a0con informaci\u00f3n de tu marca y fotos de los productos.<\/p>\n<p>S\u00edguenos en nuestras redes:\u00a0<a href=\"https:\/\/www.facebook.com\/thecloset.co.diseno\/?fref=ts\">Facebook<\/a>,\u00a0<a href=\"https:\/\/www.instagram.com\/theclosetco\/\">Instagram<\/a><\/p>\n","protected":false},"excerpt":{"rendered":"<p>Encaminarte en el mundo de la moda Muchas veces como dise\u00f1adores nos parece distante llegar a triunfar en el mercado con nuestras colecciones, dejando de so\u00f1ar e innovar en nuestros dise\u00f1os y llegando al punto de imitar y vender por vitrina a un p\u00fablico incoherente. Queremos que cuentes historias a trav\u00e9s de tus colecciones, que&#8230;<\/p>\n","protected":false},"author":3,"featured_media":1513,"comment_status":"open","ping_status":"open","sticky":false,"template":"","format":"standard","meta":{"footnotes":""},"categories":[1],"tags":[],"_links":{"self":[{"href":"https:\/\/thecloset.co\/blog\/wp-json\/wp\/v2\/posts\/1511"}],"collection":[{"href":"https:\/\/thecloset.co\/blog\/wp-json\/wp\/v2\/posts"}],"about":[{"href":"https:\/\/thecloset.co\/blog\/wp-json\/wp\/v2\/types\/post"}],"author":[{"embeddable":true,"href":"https:\/\/thecloset.co\/blog\/wp-json\/wp\/v2\/users\/3"}],"replies":[{"embeddable":true,"href":"https:\/\/thecloset.co\/blog\/wp-json\/wp\/v2\/comments?post=1511"}],"version-history":[{"count":4,"href":"https:\/\/thecloset.co\/blog\/wp-json\/wp\/v2\/posts\/1511\/revisions"}],"predecessor-version":[{"id":1944,"href":"https:\/\/thecloset.co\/blog\/wp-json\/wp\/v2\/posts\/1511\/revisions\/1944"}],"wp:featuredmedia":[{"embeddable":true,"href":"https:\/\/thecloset.co\/blog\/wp-json\/wp\/v2\/media\/1513"}],"wp:attachment":[{"href":"https:\/\/thecloset.co\/blog\/wp-json\/wp\/v2\/media?parent=1511"}],"wp:term":[{"taxonomy":"category","embeddable":true,"href":"https:\/\/thecloset.co\/blog\/wp-json\/wp\/v2\/categories?post=1511"},{"taxonomy":"post_tag","embeddable":true,"href":"https:\/\/thecloset.co\/blog\/wp-json\/wp\/v2\/tags?post=1511"}],"curies":[{"name":"wp","href":"https:\/\/api.w.org\/{rel}","templated":true}]}}