{"id":1521,"date":"2016-01-29T16:46:00","date_gmt":"2016-01-29T16:46:00","guid":{"rendered":"http:\/\/thecloset.co\/blog\/?p=1521"},"modified":"2017-08-23T16:04:27","modified_gmt":"2017-08-23T16:04:27","slug":"el-lenguaje-de-la-moda","status":"publish","type":"post","link":"https:\/\/thecloset.co\/blog\/el-lenguaje-de-la-moda\/","title":{"rendered":"EL LENGUAJE DE LA MODA"},"content":{"rendered":"<h2>Un tema para todos<\/h2>\n<p>El tema de la moda para algunos es algo superficial y muchas veces se torna en algo vanidoso, pero m\u00e1s all\u00e1 del significado que nosotros queramos darle, nosotros todos los d\u00edas y todo el d\u00eda hablamos y expresamos moda.<\/p>\n<p><!--more Leer m\u00e1s--><\/p>\n<p>La moda es una forma de comunicaci\u00f3n, quiz\u00e1s algunos en su camino han decidido tornarse en contra de las tendencias y vestir ciertas prendas, pero si lo piensan dos veces la forma en la que est\u00e1n expresando su opini\u00f3n frente a algunos aspectos lo est\u00e1n haciendo a trav\u00e9s de sus prendas de vestir y eso es el lenguaje de la moda.<\/p>\n<p>Por eso es que el dise\u00f1o independiente se ha tornado en modo de vivir para los j\u00f3venes que buscan un estilo diferente, exclusivo y por supuesto con sentido y valor.<\/p>\n<p>La moda se ha convertido en una gran herramienta desde cubrir del fr\u00edo o el sol hasta ser una forma para hacer realidad proyectos y metas; la moda a trav\u00e9s del dise\u00f1o independiente es una fuente importante de informaci\u00f3n para quienes viven de forma diferente, comunicando individualismo, cultura y perspectivas siendo esto una modernidad convirti\u00e9ndose en historia.<\/p>\n<p>&nbsp;<\/p>\n<p><em>\u00abEste deseo ha existido desde lo m\u00e1s intr\u00ednseco del ser humano, desde siempre y para siempre la moda ser\u00e1 parte de nosotros\u00bb<\/em><\/p>\n<p>Visita nuestra boutique\u00a0<a href=\"http:\/\/thecloset.co\/mujer\">TheCloset.Co<\/a>\u00a0 Calle 80 # 13 &#8211; 09 en Bogot\u00e1-Colombia (detr\u00e1s del CC Atlantis Plaza) #Dise\u00f1oIndependiente #HechoEnColombia #MadeInColombia #CompraColombiano<\/p>\n<p><strong>\u00danete a nuestra red!<\/strong><\/p>\n<p>Si estas interesado en hacer parte de la #RedDeDise\u00f1adores escr\u00edbenos al correo\u00a0<a href=\"mailto:contacto@thecloset.co\">contacto@thecloset.co<\/a>\u00a0con informaci\u00f3n de tu marca y fotos de los productos.<\/p>\n<p>S\u00edguenos en nuestras redes:\u00a0<a href=\"https:\/\/www.facebook.com\/thecloset.co.diseno\/?fref=ts\">Facebook<\/a>,\u00a0<a href=\"https:\/\/www.instagram.com\/theclosetco\/\">Instagram<\/a><\/p>\n","protected":false},"excerpt":{"rendered":"<p>Un tema para todos El tema de la moda para algunos es algo superficial y muchas veces se torna en algo vanidoso, pero m\u00e1s all\u00e1 del significado que nosotros queramos darle, nosotros todos los d\u00edas y todo el d\u00eda hablamos y expresamos moda.<\/p>\n","protected":false},"author":3,"featured_media":1534,"comment_status":"open","ping_status":"open","sticky":false,"template":"","format":"standard","meta":{"footnotes":""},"categories":[1],"tags":[],"_links":{"self":[{"href":"https:\/\/thecloset.co\/blog\/wp-json\/wp\/v2\/posts\/1521"}],"collection":[{"href":"https:\/\/thecloset.co\/blog\/wp-json\/wp\/v2\/posts"}],"about":[{"href":"https:\/\/thecloset.co\/blog\/wp-json\/wp\/v2\/types\/post"}],"author":[{"embeddable":true,"href":"https:\/\/thecloset.co\/blog\/wp-json\/wp\/v2\/users\/3"}],"replies":[{"embeddable":true,"href":"https:\/\/thecloset.co\/blog\/wp-json\/wp\/v2\/comments?post=1521"}],"version-history":[{"count":5,"href":"https:\/\/thecloset.co\/blog\/wp-json\/wp\/v2\/posts\/1521\/revisions"}],"predecessor-version":[{"id":1933,"href":"https:\/\/thecloset.co\/blog\/wp-json\/wp\/v2\/posts\/1521\/revisions\/1933"}],"wp:featuredmedia":[{"embeddable":true,"href":"https:\/\/thecloset.co\/blog\/wp-json\/wp\/v2\/media\/1534"}],"wp:attachment":[{"href":"https:\/\/thecloset.co\/blog\/wp-json\/wp\/v2\/media?parent=1521"}],"wp:term":[{"taxonomy":"category","embeddable":true,"href":"https:\/\/thecloset.co\/blog\/wp-json\/wp\/v2\/categories?post=1521"},{"taxonomy":"post_tag","embeddable":true,"href":"https:\/\/thecloset.co\/blog\/wp-json\/wp\/v2\/tags?post=1521"}],"curies":[{"name":"wp","href":"https:\/\/api.w.org\/{rel}","templated":true}]}}