{"id":1524,"date":"2016-01-23T22:38:34","date_gmt":"2016-01-23T22:38:34","guid":{"rendered":"http:\/\/thecloset.co\/blog\/?p=1524"},"modified":"2017-08-23T16:11:12","modified_gmt":"2017-08-23T16:11:12","slug":"un-sueno-posible","status":"publish","type":"post","link":"https:\/\/thecloset.co\/blog\/un-sueno-posible\/","title":{"rendered":"UN SUE\u00d1O POSIBLE"},"content":{"rendered":"<h2>No importa la fecha ni el d\u00eda<\/h2>\n<p>Sin importar si hoy llueve, si hace sol o si simplemente sientes que el d\u00eda no es el d\u00eda para ti; sal, m\u00f3jate, bronc\u00e9ate, pero no permitas que nada detenga tu creatividad ni las ganas de salir adelante.<\/p>\n<p><!--more Leer m\u00e1s--><\/p>\n<p>Hoy es el d\u00eda ideal para empezar a vivir tus sue\u00f1os, todos los d\u00edas tenemos que esforzarnos y trazar un plan razonable que tengamos que leer d\u00eda a d\u00eda para mejorarlo ya que en el proceso nosotros nos volveremos mejores personas y m\u00e1s exitosos.<\/p>\n<p>Toma peque\u00f1os pasos que te lleven rumbo al \u00e9xito, lo \u00fanico que tiene que tener seguro es cu\u00e1l es el camino que quieres tomar, por supuesto que habr\u00e1 dificultades en el camino, pero si aprendes a llevar los contratiempo, todo ser\u00e1 probablemente al final una gran experiencia.<\/p>\n<p>Hoy<a href=\"http:\/\/thecloset.co\/\" target=\"_blank\"> TheCloset.co<\/a> quiere que leas esto y sientas la motivaci\u00f3n necesaria para empezar y as\u00ed en un futuro poder llegar a realizar proyectos juntos.<\/p>\n<p>\u00a1Haz un sue\u00f1o posible hoy!<\/p>\n<p><a href=\"http:\/\/thecloset.co\/servicios\" target=\"_blank\"><img loading=\"lazy\" decoding=\"async\" class=\"alignnone size-full wp-image-1345\" src=\"http:\/\/thecloset.co\/blog\/wp-content\/uploads\/2016\/01\/banner-servicios-2.jpg\" alt=\"banner-servicios-2\" width=\"980\" height=\"502\" srcset=\"https:\/\/thecloset.co\/blog\/wp-content\/uploads\/2016\/01\/banner-servicios-2.jpg 980w, https:\/\/thecloset.co\/blog\/wp-content\/uploads\/2016\/01\/banner-servicios-2-600x307.jpg 600w, https:\/\/thecloset.co\/blog\/wp-content\/uploads\/2016\/01\/banner-servicios-2-300x154.jpg 300w\" sizes=\"(max-width: 980px) 100vw, 980px\" \/><\/a><\/p>\n<p>Visita nuestra boutique\u00a0<a href=\"http:\/\/thecloset.co\/mujer\">TheCloset.Co<\/a>\u00a0 Calle 80 # 13 &#8211; 09 en Bogot\u00e1-Colombia (detr\u00e1s del CC Atlantis Plaza) #Dise\u00f1oIndependiente #HechoEnColombia #MadeInColombia #CompraColombiano<\/p>\n<p><strong>\u00danete a nuestra red!<\/strong><\/p>\n<p>Si estas interesado en hacer parte de la #RedDeDise\u00f1adores escr\u00edbenos al correo\u00a0<a href=\"mailto:contacto@thecloset.co\">contacto@thecloset.co<\/a>\u00a0con informaci\u00f3n de tu marca y fotos de los productos.<\/p>\n<p>S\u00edguenos en nuestras redes:\u00a0<a href=\"https:\/\/www.facebook.com\/thecloset.co.diseno\/?fref=ts\">Facebook<\/a>,\u00a0<a href=\"https:\/\/www.instagram.com\/theclosetco\/\">Instagram<\/a><\/p>\n","protected":false},"excerpt":{"rendered":"<p>No importa la fecha ni el d\u00eda Sin importar si hoy llueve, si hace sol o si simplemente sientes que el d\u00eda no es el d\u00eda para ti; sal, m\u00f3jate, bronc\u00e9ate, pero no permitas que nada detenga tu creatividad ni las ganas de salir adelante.<\/p>\n","protected":false},"author":3,"featured_media":1550,"comment_status":"open","ping_status":"open","sticky":false,"template":"","format":"standard","meta":{"footnotes":""},"categories":[1],"tags":[],"_links":{"self":[{"href":"https:\/\/thecloset.co\/blog\/wp-json\/wp\/v2\/posts\/1524"}],"collection":[{"href":"https:\/\/thecloset.co\/blog\/wp-json\/wp\/v2\/posts"}],"about":[{"href":"https:\/\/thecloset.co\/blog\/wp-json\/wp\/v2\/types\/post"}],"author":[{"embeddable":true,"href":"https:\/\/thecloset.co\/blog\/wp-json\/wp\/v2\/users\/3"}],"replies":[{"embeddable":true,"href":"https:\/\/thecloset.co\/blog\/wp-json\/wp\/v2\/comments?post=1524"}],"version-history":[{"count":3,"href":"https:\/\/thecloset.co\/blog\/wp-json\/wp\/v2\/posts\/1524\/revisions"}],"predecessor-version":[{"id":1942,"href":"https:\/\/thecloset.co\/blog\/wp-json\/wp\/v2\/posts\/1524\/revisions\/1942"}],"wp:featuredmedia":[{"embeddable":true,"href":"https:\/\/thecloset.co\/blog\/wp-json\/wp\/v2\/media\/1550"}],"wp:attachment":[{"href":"https:\/\/thecloset.co\/blog\/wp-json\/wp\/v2\/media?parent=1524"}],"wp:term":[{"taxonomy":"category","embeddable":true,"href":"https:\/\/thecloset.co\/blog\/wp-json\/wp\/v2\/categories?post=1524"},{"taxonomy":"post_tag","embeddable":true,"href":"https:\/\/thecloset.co\/blog\/wp-json\/wp\/v2\/tags?post=1524"}],"curies":[{"name":"wp","href":"https:\/\/api.w.org\/{rel}","templated":true}]}}