{"id":1556,"date":"2016-01-25T15:44:57","date_gmt":"2016-01-25T15:44:57","guid":{"rendered":"http:\/\/thecloset.co\/blog\/?p=1556"},"modified":"2017-08-23T16:12:29","modified_gmt":"2017-08-23T16:12:29","slug":"como-entender-la-moda","status":"publish","type":"post","link":"https:\/\/thecloset.co\/blog\/como-entender-la-moda\/","title":{"rendered":"C\u00d3MO ENTENDER LA MODA"},"content":{"rendered":"<h2>Entenderla y emplearla<\/h2>\n<p>Cuando en reuniones con nuestros amigos tenemos esas pl\u00e1ticas en las que nos gusta definir el mundo y filosofar sobre ello entre tanto temas uno que tambi\u00e9n cabe en la conversaci\u00f3n es la moda, muchos se quejar\u00e1n sobre algunas tendencias y otros las defender\u00e1n.<\/p>\n<p><!--more Leer m\u00e1s--><\/p>\n<p>Encontramos conversaciones en donde decimos\u00a0\u00a1Yo nunca lo usar\u00eda! o quiz\u00e1s cuestionando el estilo de alguien diciendo \u00bfEnserio se atreve a lucirlo?<\/p>\n<p>Buenos pues m\u00e1s all\u00e1 de un gusto en particular o un pensamiento com\u00fan sobre la moda, entenderla no es para todo el mundo, es normal que nos dejemos abarrotar por lo primero que veamos en grandes medios y bajo el nombre de moda, algo que hace que nos acostumbremos a algo en particular y definamos reglas de vestuario para entrar en sociedad.<\/p>\n<p>Buenos pues hoy les decimos que el dise\u00f1o independiente rompe reglas, expone la moda enfocada hac\u00eda las personalidades, experiencias y emociones, as\u00ed mismo la moda no solo abarca la ropa que se usa, tambi\u00e9n depende mucho de los accesorios, los peinados, las joyas, el maquillaje, la ropa interior etc. as\u00ed mismo el aspecto cultural tambi\u00e9n es crucial para entender el por qu\u00e9 del estilo de alguien.<\/p>\n<p>Queremos que cada uno disfrute la moda como m\u00e1s c\u00f3modo se sienta, por eso queremos invitarte a relacionarte con el dise\u00f1o independiente, una apuesta ganadora para entrar a un mundo diferente en donde no solo encontraras marcas con productos excepcionales si no tambi\u00e9n donde podr\u00e1s encontrarte a ti mismo frente a muchas cosas que no sab\u00edas que quedaban bien en ti.<\/p>\n<p>Inf\u00f3rmate m\u00e1s sobre el dise\u00f1o independiente de seguro te sorprender\u00e1s.<\/p>\n<p>Haz <a href=\"http:\/\/thecloset.co\/blog\/general\/diseno-independiente\/\" target=\"_blank\">clic<\/a> en la imagen.<\/p>\n<p><a href=\"http:\/\/thecloset.co\/blog\/general\/diseno-independiente\/\" target=\"_blank\"><img loading=\"lazy\" decoding=\"async\" class=\"alignnone size-full wp-image-1551\" src=\"http:\/\/thecloset.co\/blog\/wp-content\/uploads\/2016\/01\/articulo-diseno-independiente-thecloset-1.jpg\" alt=\"articulo-diseno-independiente-thecloset (1)\" width=\"1140\" height=\"660\" srcset=\"https:\/\/thecloset.co\/blog\/wp-content\/uploads\/2016\/01\/articulo-diseno-independiente-thecloset-1.jpg 1140w, https:\/\/thecloset.co\/blog\/wp-content\/uploads\/2016\/01\/articulo-diseno-independiente-thecloset-1-600x347.jpg 600w, https:\/\/thecloset.co\/blog\/wp-content\/uploads\/2016\/01\/articulo-diseno-independiente-thecloset-1-300x174.jpg 300w, https:\/\/thecloset.co\/blog\/wp-content\/uploads\/2016\/01\/articulo-diseno-independiente-thecloset-1-1024x593.jpg 1024w, https:\/\/thecloset.co\/blog\/wp-content\/uploads\/2016\/01\/articulo-diseno-independiente-thecloset-1-100x58.jpg 100w, https:\/\/thecloset.co\/blog\/wp-content\/uploads\/2016\/01\/articulo-diseno-independiente-thecloset-1-200x116.jpg 200w\" sizes=\"(max-width: 1140px) 100vw, 1140px\" \/><\/a><\/p>\n<p>Visita nuestra boutique\u00a0<a href=\"http:\/\/thecloset.co\/mujer\">TheCloset.Co<\/a>\u00a0 Calle 80 # 13 &#8211; 09 en Bogot\u00e1-Colombia (detr\u00e1s del CC Atlantis Plaza) #Dise\u00f1oIndependiente #HechoEnColombia #MadeInColombia #CompraColombiano<\/p>\n<p><strong>\u00danete a nuestra red!<\/strong><\/p>\n<p>Si estas interesado en hacer parte de la #RedDeDise\u00f1adores escr\u00edbenos al correo\u00a0<a href=\"mailto:contacto@thecloset.co\">contacto@thecloset.co<\/a>\u00a0con informaci\u00f3n de tu marca y fotos de los productos.<\/p>\n<p>S\u00edguenos en nuestras redes:\u00a0<a href=\"https:\/\/www.facebook.com\/thecloset.co.diseno\/?fref=ts\">Facebook<\/a>,\u00a0<a href=\"https:\/\/www.instagram.com\/theclosetco\/\">Instagram<\/a><\/p>\n","protected":false},"excerpt":{"rendered":"<p>Entenderla y emplearla Cuando en reuniones con nuestros amigos tenemos esas pl\u00e1ticas en las que nos gusta definir el mundo y filosofar sobre ello entre tanto temas uno que tambi\u00e9n cabe en la conversaci\u00f3n es la moda, muchos se quejar\u00e1n sobre algunas tendencias y otros las defender\u00e1n.<\/p>\n","protected":false},"author":3,"featured_media":1562,"comment_status":"open","ping_status":"open","sticky":false,"template":"","format":"standard","meta":{"footnotes":""},"categories":[1],"tags":[],"_links":{"self":[{"href":"https:\/\/thecloset.co\/blog\/wp-json\/wp\/v2\/posts\/1556"}],"collection":[{"href":"https:\/\/thecloset.co\/blog\/wp-json\/wp\/v2\/posts"}],"about":[{"href":"https:\/\/thecloset.co\/blog\/wp-json\/wp\/v2\/types\/post"}],"author":[{"embeddable":true,"href":"https:\/\/thecloset.co\/blog\/wp-json\/wp\/v2\/users\/3"}],"replies":[{"embeddable":true,"href":"https:\/\/thecloset.co\/blog\/wp-json\/wp\/v2\/comments?post=1556"}],"version-history":[{"count":5,"href":"https:\/\/thecloset.co\/blog\/wp-json\/wp\/v2\/posts\/1556\/revisions"}],"predecessor-version":[{"id":1940,"href":"https:\/\/thecloset.co\/blog\/wp-json\/wp\/v2\/posts\/1556\/revisions\/1940"}],"wp:featuredmedia":[{"embeddable":true,"href":"https:\/\/thecloset.co\/blog\/wp-json\/wp\/v2\/media\/1562"}],"wp:attachment":[{"href":"https:\/\/thecloset.co\/blog\/wp-json\/wp\/v2\/media?parent=1556"}],"wp:term":[{"taxonomy":"category","embeddable":true,"href":"https:\/\/thecloset.co\/blog\/wp-json\/wp\/v2\/categories?post=1556"},{"taxonomy":"post_tag","embeddable":true,"href":"https:\/\/thecloset.co\/blog\/wp-json\/wp\/v2\/tags?post=1556"}],"curies":[{"name":"wp","href":"https:\/\/api.w.org\/{rel}","templated":true}]}}