{"id":1557,"date":"2016-01-25T15:25:37","date_gmt":"2016-01-25T15:25:37","guid":{"rendered":"http:\/\/thecloset.co\/blog\/?p=1557"},"modified":"2017-08-23T16:10:30","modified_gmt":"2017-08-23T16:10:30","slug":"estilos-unicos","status":"publish","type":"post","link":"https:\/\/thecloset.co\/blog\/estilos-unicos\/","title":{"rendered":"ESTILOS \u00daNICOS"},"content":{"rendered":"<h2>Encontrar el dise\u00f1o independiente<\/h2>\n<p>La moda puede llegar a ser un mundo com\u00fan para la independencia laboral, pero nos hemos encontrado con factores sobre la capacidad y dedicaci\u00f3n no son iguales ni se asemejan a la labor real del dise\u00f1ador independiente que dedica su vida, sus d\u00edas y su profesi\u00f3n al mundo de la moda.<\/p>\n<p><!--more Leer m\u00e1s--><\/p>\n<p>El dise\u00f1o independiente tiene gran diferencia en cuanto a la creatividad propia y la exclusividad, es algo que aunque no queramos debemos encararlo, muchos negocios sacan ropa y su fin es econ\u00f3mico, pero en el dise\u00f1o independiente su fin es poderle brindar al p\u00fablico una alternativa de interpretar su personalidad a trav\u00e9s de sus outfits y sentirse plenamente consigo mismo por lo que son y quieren ser.<\/p>\n<p>Con esto queremos que puedas diferenciar entre una tienda de ropa com\u00fan, importada que no contiene en realidad nada de autor\u00eda, a los dise\u00f1os que te erizan la piel, te quitan el sue\u00f1o y sientes que cuando te pongas esa prenda vas a sentirte muy identificado.<\/p>\n<p>Hoy te invitamos a que conozcas que la vocaci\u00f3n no tiene competencia, el dise\u00f1o independiente hace de nuestro trabajo el mejor ya que hemos llevado experiencia a lo largo de nuestro camino y seguiremos llevando tanto a nuestra <a href=\"http:\/\/thecloset.co\/quieres-vender\" target=\"_blank\">#RedDeDise\u00f1adores<\/a> como a nuestro p\u00fablico fiel lo mejor del dise\u00f1o independiente.<\/p>\n<p>Conoce las marcas que componen nuestra <a href=\"http:\/\/thecloset.co\/quieres-vender\" target=\"_blank\">#RedDeDise\u00f1adores<\/a> y d\u00e9jate llevar por estilos que te identifique ante al mundo.<\/p>\n<p>Haz <a href=\"http:\/\/thecloset.co\/index.php?route=product\/manufacturer\" target=\"_blank\">clic<\/a> en la imagen<\/p>\n<p><a href=\"http:\/\/thecloset.co\/index.php?route=product\/manufacturer\" target=\"_blank\"><img loading=\"lazy\" decoding=\"async\" class=\"alignnone size-full wp-image-1560\" src=\"http:\/\/thecloset.co\/blog\/wp-content\/uploads\/2016\/01\/banner-interno-articulo-red-de-disen\u0303adores-thecloset.jpg\" alt=\"banner-interno-articulo-red-de-disen\u0303adores-thecloset\" width=\"980\" height=\"502\" srcset=\"https:\/\/thecloset.co\/blog\/wp-content\/uploads\/2016\/01\/banner-interno-articulo-red-de-disen\u0303adores-thecloset.jpg 980w, https:\/\/thecloset.co\/blog\/wp-content\/uploads\/2016\/01\/banner-interno-articulo-red-de-disen\u0303adores-thecloset-600x307.jpg 600w, https:\/\/thecloset.co\/blog\/wp-content\/uploads\/2016\/01\/banner-interno-articulo-red-de-disen\u0303adores-thecloset-300x154.jpg 300w\" sizes=\"(max-width: 980px) 100vw, 980px\" \/><\/a><\/p>\n<p>Visita nuestra boutique\u00a0<a href=\"http:\/\/thecloset.co\/mujer\">TheCloset.Co<\/a>\u00a0 Calle 80 # 13 &#8211; 09 en Bogot\u00e1-Colombia (detr\u00e1s del CC Atlantis Plaza) #Dise\u00f1oIndependiente #HechoEnColombia #MadeInColombia #CompraColombiano<\/p>\n<p><strong>\u00danete a nuestra red!<\/strong><\/p>\n<p>Si estas interesado en hacer parte de la #RedDeDise\u00f1adores escr\u00edbenos al correo\u00a0<a href=\"mailto:contacto@thecloset.co\">contacto@thecloset.co<\/a>\u00a0con informaci\u00f3n de tu marca y fotos de los productos.<\/p>\n<p>S\u00edguenos en nuestras redes:\u00a0<a href=\"https:\/\/www.facebook.com\/thecloset.co.diseno\/?fref=ts\">Facebook<\/a>,\u00a0<a href=\"https:\/\/www.instagram.com\/theclosetco\/\">Instagram<\/a><\/p>\n","protected":false},"excerpt":{"rendered":"<p>Encontrar el dise\u00f1o independiente La moda puede llegar a ser un mundo com\u00fan para la independencia laboral, pero nos hemos encontrado con factores sobre la capacidad y dedicaci\u00f3n no son iguales ni se asemejan a la labor real del dise\u00f1ador independiente que dedica su vida, sus d\u00edas y su profesi\u00f3n al mundo de la moda.<\/p>\n","protected":false},"author":3,"featured_media":1561,"comment_status":"open","ping_status":"open","sticky":false,"template":"","format":"standard","meta":{"footnotes":""},"categories":[6],"tags":[],"_links":{"self":[{"href":"https:\/\/thecloset.co\/blog\/wp-json\/wp\/v2\/posts\/1557"}],"collection":[{"href":"https:\/\/thecloset.co\/blog\/wp-json\/wp\/v2\/posts"}],"about":[{"href":"https:\/\/thecloset.co\/blog\/wp-json\/wp\/v2\/types\/post"}],"author":[{"embeddable":true,"href":"https:\/\/thecloset.co\/blog\/wp-json\/wp\/v2\/users\/3"}],"replies":[{"embeddable":true,"href":"https:\/\/thecloset.co\/blog\/wp-json\/wp\/v2\/comments?post=1557"}],"version-history":[{"count":6,"href":"https:\/\/thecloset.co\/blog\/wp-json\/wp\/v2\/posts\/1557\/revisions"}],"predecessor-version":[{"id":1941,"href":"https:\/\/thecloset.co\/blog\/wp-json\/wp\/v2\/posts\/1557\/revisions\/1941"}],"wp:featuredmedia":[{"embeddable":true,"href":"https:\/\/thecloset.co\/blog\/wp-json\/wp\/v2\/media\/1561"}],"wp:attachment":[{"href":"https:\/\/thecloset.co\/blog\/wp-json\/wp\/v2\/media?parent=1557"}],"wp:term":[{"taxonomy":"category","embeddable":true,"href":"https:\/\/thecloset.co\/blog\/wp-json\/wp\/v2\/categories?post=1557"},{"taxonomy":"post_tag","embeddable":true,"href":"https:\/\/thecloset.co\/blog\/wp-json\/wp\/v2\/tags?post=1557"}],"curies":[{"name":"wp","href":"https:\/\/api.w.org\/{rel}","templated":true}]}}