{"id":1571,"date":"2016-01-26T15:19:50","date_gmt":"2016-01-26T15:19:50","guid":{"rendered":"http:\/\/thecloset.co\/blog\/?p=1571"},"modified":"2017-08-23T16:09:20","modified_gmt":"2017-08-23T16:09:20","slug":"identificate-con-el-diseno-independiente","status":"publish","type":"post","link":"https:\/\/thecloset.co\/blog\/identificate-con-el-diseno-independiente\/","title":{"rendered":"IDENTIF\u00cdCATE CON EL DISE\u00d1O INDEPENDIENTE"},"content":{"rendered":"<h2>Determina tu estilo<\/h2>\n<p>Identif\u00edcate contigo mismo porque cuando lo haces el estilo lo impones tu, muchas veces nos encontramos ante el dilema de encontrar un propio estilo ya que queremos que sea original y aut\u00e9ntico, que no nos comparen con nadie y que m\u00e1s all\u00e1 de una aceptaci\u00f3n al mirarnos al espejo encontremos comodidad al 100%.<\/p>\n<p><!--more Leer m\u00e1s--><\/p>\n<p>Algo que debemos tener en cuenta al empezar\u00a0nuestra b\u00fasqueda fashionista son nuestros gustos reales, es decir, a muchos nos gusta la moda de una \u00e9poca en especial a otros nos gusta las formas desiguales o simplemente a otros les gustas las prendas a un solo tono.<\/p>\n<p>Una vez ya identificado esto es importante que conozcas las medidas de tu cuerpo y como te gusta lucirlo, si te gusta la forma de reloj de arena o te gusta llamar la atenci\u00f3n a tu cuello, todo es necesario para as\u00ed encontrar los accesorios y las prendas perfectas.<\/p>\n<section class=\"\">\n<div id=\"ad_5-300x250-inpost-mobile\" class=\"banner-placement\">Por ultimo debemos\u00a0llegar a encontrarnos a nosotros mismos y ver que personalidad poseemos y por la cual nos identificamos, encontrar la naturaleza de nuestro ayuda mucho a que puedas identificarte con un estilo en especial por ejemplo si amas ir a la playa, los colores que encontramos en la costa tu estilo deber\u00eda ser uno muy colorido, vivaz y que transmita la energ\u00eda que posees.<\/div>\n<\/section>\n<div class=\"banner-placement\"><\/div>\n<div class=\"banner-placement\">Aqu\u00ed te dejamos algunos estilos con los que puedas llegar a sentirte identificado, lee m\u00e1s sobre ellos haciendo clic en la imagen.<\/div>\n<div class=\"banner-placement\"><\/div>\n<div class=\"banner-placement\"><\/div>\n<h4 class=\"banner-placement\"><a href=\"http:\/\/thecloset.co\/blog\/general\/la-tendencia-de-los-croptops\/\" target=\"_blank\">CROPTOPS &#8211; Una tendencia incre\u00edble.\u00a0<\/a><\/h4>\n<div class=\"banner-placement\"><a href=\"http:\/\/thecloset.co\/blog\/general\/la-tendencia-de-los-croptops\/\" target=\"_blank\"><img loading=\"lazy\" decoding=\"async\" class=\"alignnone size-full wp-image-1578\" src=\"http:\/\/thecloset.co\/blog\/wp-content\/uploads\/2016\/01\/banner-blog-croptops-thecloset.jpg\" alt=\"banner-blog-croptops-thecloset\" width=\"1140\" height=\"475\" srcset=\"https:\/\/thecloset.co\/blog\/wp-content\/uploads\/2016\/01\/banner-blog-croptops-thecloset.jpg 1140w, https:\/\/thecloset.co\/blog\/wp-content\/uploads\/2016\/01\/banner-blog-croptops-thecloset-600x250.jpg 600w, https:\/\/thecloset.co\/blog\/wp-content\/uploads\/2016\/01\/banner-blog-croptops-thecloset-300x125.jpg 300w, https:\/\/thecloset.co\/blog\/wp-content\/uploads\/2016\/01\/banner-blog-croptops-thecloset-1024x427.jpg 1024w\" sizes=\"(max-width: 1140px) 100vw, 1140px\" \/><\/a><\/div>\n<h4 class=\"banner-placement\"><a href=\"http:\/\/thecloset.co\/blog\/general\/el-estilo-boho-con-thecloset-co\/\" target=\"_blank\">BOHEMIAN: Prendas con movimiento.<\/a><\/h4>\n<div class=\"banner-placement\"><\/div>\n<div class=\"banner-placement\"><\/div>\n<div class=\"banner-placement\"><a href=\"http:\/\/thecloset.co\/blog\/general\/el-estilo-boho-con-thecloset-co\/\" target=\"_blank\"><img loading=\"lazy\" decoding=\"async\" class=\"alignnone size-full wp-image-1577\" src=\"http:\/\/thecloset.co\/blog\/wp-content\/uploads\/2016\/01\/banner-blog-estilo-boho-thecloset.jpg\" alt=\"banner-blog-estilo-boho-thecloset\" width=\"1140\" height=\"475\" srcset=\"https:\/\/thecloset.co\/blog\/wp-content\/uploads\/2016\/01\/banner-blog-estilo-boho-thecloset.jpg 1140w, https:\/\/thecloset.co\/blog\/wp-content\/uploads\/2016\/01\/banner-blog-estilo-boho-thecloset-600x250.jpg 600w, https:\/\/thecloset.co\/blog\/wp-content\/uploads\/2016\/01\/banner-blog-estilo-boho-thecloset-300x125.jpg 300w, https:\/\/thecloset.co\/blog\/wp-content\/uploads\/2016\/01\/banner-blog-estilo-boho-thecloset-1024x427.jpg 1024w\" sizes=\"(max-width: 1140px) 100vw, 1140px\" \/><\/a><\/div>\n<h4 class=\"banner-placement\"><a href=\"http:\/\/thecloset.co\/blog\/general\/color-en-nuestros-outfits\/\" target=\"_blank\">COLORFULL: Outfits llenos de color.\u00a0<\/a><\/h4>\n<h4 class=\"banner-placement\"><a href=\"http:\/\/thecloset.co\/blog\/general\/color-en-nuestros-outfits\/\" target=\"_blank\"><img loading=\"lazy\" decoding=\"async\" class=\"alignnone size-full wp-image-1576\" src=\"http:\/\/thecloset.co\/blog\/wp-content\/uploads\/2016\/01\/banner-blog-full-color-thecloset.jpg\" alt=\"banner-blog-full-color-thecloset\" width=\"1140\" height=\"475\" srcset=\"https:\/\/thecloset.co\/blog\/wp-content\/uploads\/2016\/01\/banner-blog-full-color-thecloset.jpg 1140w, https:\/\/thecloset.co\/blog\/wp-content\/uploads\/2016\/01\/banner-blog-full-color-thecloset-600x250.jpg 600w, https:\/\/thecloset.co\/blog\/wp-content\/uploads\/2016\/01\/banner-blog-full-color-thecloset-300x125.jpg 300w, https:\/\/thecloset.co\/blog\/wp-content\/uploads\/2016\/01\/banner-blog-full-color-thecloset-1024x427.jpg 1024w\" sizes=\"(max-width: 1140px) 100vw, 1140px\" \/><\/a><\/h4>\n<h4 class=\"banner-placement\"><a href=\"http:\/\/thecloset.co\/blog\/general\/un-street-style-para-el-2016\/\" target=\"_blank\">STREET STYLE: Estilo callejero\u00a0<\/a><\/h4>\n<h4 class=\"banner-placement\"><a href=\"http:\/\/thecloset.co\/blog\/general\/un-street-style-para-el-2016\/\"><img loading=\"lazy\" decoding=\"async\" class=\"alignnone size-full wp-image-1575\" src=\"http:\/\/thecloset.co\/blog\/wp-content\/uploads\/2016\/01\/banner-blog-street-style-thecloset.jpg\" alt=\"banner-blog-street-style-thecloset\" width=\"1140\" height=\"475\" srcset=\"https:\/\/thecloset.co\/blog\/wp-content\/uploads\/2016\/01\/banner-blog-street-style-thecloset.jpg 1140w, https:\/\/thecloset.co\/blog\/wp-content\/uploads\/2016\/01\/banner-blog-street-style-thecloset-600x250.jpg 600w, https:\/\/thecloset.co\/blog\/wp-content\/uploads\/2016\/01\/banner-blog-street-style-thecloset-300x125.jpg 300w, https:\/\/thecloset.co\/blog\/wp-content\/uploads\/2016\/01\/banner-blog-street-style-thecloset-1024x427.jpg 1024w\" sizes=\"(max-width: 1140px) 100vw, 1140px\" \/><\/a><\/h4>\n<div class=\"banner-placement\"><\/div>\n<p>Visita nuestra boutique\u00a0<a href=\"http:\/\/thecloset.co\/mujer\">TheCloset.Co<\/a>\u00a0 Calle 80 # 13 &#8211; 09 en Bogot\u00e1-Colombia (detr\u00e1s del CC Atlantis Plaza) #Dise\u00f1oIndependiente #HechoEnColombia #MadeInColombia #CompraColombiano<\/p>\n<p><strong>\u00danete a nuestra red!<\/strong><\/p>\n<p>Si estas interesado en hacer parte de la #RedDeDise\u00f1adores escr\u00edbenos al correo\u00a0<a href=\"mailto:contacto@thecloset.co\">contacto@thecloset.co<\/a>\u00a0con informaci\u00f3n de tu marca y fotos de los productos.<\/p>\n<p>S\u00edguenos en nuestras redes:\u00a0<a href=\"https:\/\/www.facebook.com\/thecloset.co.diseno\/?fref=ts\">Facebook<\/a>,\u00a0<a href=\"https:\/\/www.instagram.com\/theclosetco\/\">Instagram<\/a><\/p>\n","protected":false},"excerpt":{"rendered":"<p>Determina tu estilo Identif\u00edcate contigo mismo porque cuando lo haces el estilo lo impones tu, muchas veces nos encontramos ante el dilema de encontrar un propio estilo ya que queremos que sea original y aut\u00e9ntico, que no nos comparen con nadie y que m\u00e1s all\u00e1 de una aceptaci\u00f3n al mirarnos al espejo encontremos comodidad al&#8230;<\/p>\n","protected":false},"author":3,"featured_media":1580,"comment_status":"open","ping_status":"open","sticky":false,"template":"","format":"standard","meta":{"footnotes":""},"categories":[1],"tags":[],"_links":{"self":[{"href":"https:\/\/thecloset.co\/blog\/wp-json\/wp\/v2\/posts\/1571"}],"collection":[{"href":"https:\/\/thecloset.co\/blog\/wp-json\/wp\/v2\/posts"}],"about":[{"href":"https:\/\/thecloset.co\/blog\/wp-json\/wp\/v2\/types\/post"}],"author":[{"embeddable":true,"href":"https:\/\/thecloset.co\/blog\/wp-json\/wp\/v2\/users\/3"}],"replies":[{"embeddable":true,"href":"https:\/\/thecloset.co\/blog\/wp-json\/wp\/v2\/comments?post=1571"}],"version-history":[{"count":4,"href":"https:\/\/thecloset.co\/blog\/wp-json\/wp\/v2\/posts\/1571\/revisions"}],"predecessor-version":[{"id":1939,"href":"https:\/\/thecloset.co\/blog\/wp-json\/wp\/v2\/posts\/1571\/revisions\/1939"}],"wp:featuredmedia":[{"embeddable":true,"href":"https:\/\/thecloset.co\/blog\/wp-json\/wp\/v2\/media\/1580"}],"wp:attachment":[{"href":"https:\/\/thecloset.co\/blog\/wp-json\/wp\/v2\/media?parent=1571"}],"wp:term":[{"taxonomy":"category","embeddable":true,"href":"https:\/\/thecloset.co\/blog\/wp-json\/wp\/v2\/categories?post=1571"},{"taxonomy":"post_tag","embeddable":true,"href":"https:\/\/thecloset.co\/blog\/wp-json\/wp\/v2\/tags?post=1571"}],"curies":[{"name":"wp","href":"https:\/\/api.w.org\/{rel}","templated":true}]}}