{"id":1603,"date":"2016-01-29T15:43:11","date_gmt":"2016-01-29T15:43:11","guid":{"rendered":"http:\/\/thecloset.co\/blog\/?p=1603"},"modified":"2017-08-23T16:04:57","modified_gmt":"2017-08-23T16:04:57","slug":"bienvenida-a-la-reddedisenadores","status":"publish","type":"post","link":"https:\/\/thecloset.co\/blog\/bienvenida-a-la-reddedisenadores\/","title":{"rendered":"BIENVENIDA A LA #REDDEDISE\u00d1ADORES"},"content":{"rendered":"<h2>UN D\u00cdA PERFECTO PARA CELEBRAR<\/h2>\n<p>Hoy queremos darle la bienvenida a un so\u00f1ador m\u00e1s, un esp\u00edritu aventurero y una persona espectacular, hoy le damos la bienvenida a un nuevo dise\u00f1ador que har\u00e1 parte de la #RedDeDise\u00f1adores<\/p>\n<p><!--more--><\/p>\n<p>Bienvenida al mundo del dise\u00f1o independiente, un mundo que ama la exclusividad ofreci\u00e9ndole a nuestros clientes productos inigualables.<\/p>\n<p>Nos regocija hacer de un sue\u00f1o un objetivo, el amor por el arte y el emprendimiento es uno de los tantos prop\u00f3sitos que tenemos para este y muchos a\u00f1os venideros, recuerden que las grandes ideas generan en la comunidad un impacto, inspiran a j\u00f3venes a seguir adelante con sus sue\u00f1os y proyectos.<\/p>\n<h4>Bienvenida a <a href=\"http:\/\/thecloset.co\/\" target=\"_blank\">THECLOSET.CO<\/a>\u00a0un e-commerce que\u00a0 vende innovaci\u00f3n, arte y producci\u00f3n colombiana.<\/h4>\n<p>Visita nuestra boutique\u00a0<a href=\"http:\/\/thecloset.co\/mujer\">TheCloset.Co<\/a>\u00a0 Calle 80 # 13 &#8211; 09 en Bogot\u00e1-Colombia (detr\u00e1s del CC Atlantis Plaza) #Dise\u00f1oIndependiente #HechoEnColombia #MadeInColombia #CompraColombiano<\/p>\n<p><strong>\u00danete a nuestra red!<\/strong><\/p>\n<p>Si estas interesado en hacer parte de la #RedDeDise\u00f1adores escr\u00edbenos al correo\u00a0<a href=\"mailto:contacto@thecloset.co\">contacto@thecloset.co<\/a>\u00a0con informaci\u00f3n de tu marca y fotos de los productos.<\/p>\n<p>S\u00edguenos en nuestras redes:\u00a0<a href=\"https:\/\/www.facebook.com\/thecloset.co.diseno\/?fref=ts\">Facebook<\/a>,\u00a0<a href=\"https:\/\/www.instagram.com\/theclosetco\/\">Instagram<\/a><\/p>\n","protected":false},"excerpt":{"rendered":"<p>UN D\u00cdA PERFECTO PARA CELEBRAR Hoy queremos darle la bienvenida a un so\u00f1ador m\u00e1s, un esp\u00edritu aventurero y una persona espectacular, hoy le damos la bienvenida a un nuevo dise\u00f1ador que har\u00e1 parte de la #RedDeDise\u00f1adores<\/p>\n","protected":false},"author":3,"featured_media":1608,"comment_status":"open","ping_status":"open","sticky":false,"template":"","format":"standard","meta":{"footnotes":""},"categories":[1],"tags":[],"_links":{"self":[{"href":"https:\/\/thecloset.co\/blog\/wp-json\/wp\/v2\/posts\/1603"}],"collection":[{"href":"https:\/\/thecloset.co\/blog\/wp-json\/wp\/v2\/posts"}],"about":[{"href":"https:\/\/thecloset.co\/blog\/wp-json\/wp\/v2\/types\/post"}],"author":[{"embeddable":true,"href":"https:\/\/thecloset.co\/blog\/wp-json\/wp\/v2\/users\/3"}],"replies":[{"embeddable":true,"href":"https:\/\/thecloset.co\/blog\/wp-json\/wp\/v2\/comments?post=1603"}],"version-history":[{"count":4,"href":"https:\/\/thecloset.co\/blog\/wp-json\/wp\/v2\/posts\/1603\/revisions"}],"predecessor-version":[{"id":1934,"href":"https:\/\/thecloset.co\/blog\/wp-json\/wp\/v2\/posts\/1603\/revisions\/1934"}],"wp:featuredmedia":[{"embeddable":true,"href":"https:\/\/thecloset.co\/blog\/wp-json\/wp\/v2\/media\/1608"}],"wp:attachment":[{"href":"https:\/\/thecloset.co\/blog\/wp-json\/wp\/v2\/media?parent=1603"}],"wp:term":[{"taxonomy":"category","embeddable":true,"href":"https:\/\/thecloset.co\/blog\/wp-json\/wp\/v2\/categories?post=1603"},{"taxonomy":"post_tag","embeddable":true,"href":"https:\/\/thecloset.co\/blog\/wp-json\/wp\/v2\/tags?post=1603"}],"curies":[{"name":"wp","href":"https:\/\/api.w.org\/{rel}","templated":true}]}}