{"id":1734,"date":"2017-02-20T22:26:55","date_gmt":"2017-02-20T22:26:55","guid":{"rendered":"http:\/\/thecloset.co\/blog\/?p=1734"},"modified":"2017-06-01T21:47:54","modified_gmt":"2017-06-01T21:47:54","slug":"presentacion-bolsa-deluxe-oficial-del-bogota-fashion-week-2017","status":"publish","type":"post","link":"https:\/\/thecloset.co\/blog\/presentacion-bolsa-deluxe-oficial-del-bogota-fashion-week-2017\/","title":{"rendered":"Presentaci\u00f3n Bolsa Deluxe Oficial del Bogot\u00e1 Fashion Week 2017."},"content":{"rendered":"<h3>El pr\u00f3ximo mes de abril, Bogot\u00e1 se convertir\u00e1 en la capital de la moda de Colombia.<\/h3>\n<p>Se acerca uno de los eventos de moda m\u00e1s importantes del pa\u00eds, el <a href=\"http:\/\/www.bogotafashionweek.com.co\/\">Bogot\u00e1 Fashion Week<\/a> \u2013BFW y llega para presentar a nacionales y extranjeros, lo mejor del dise\u00f1o colombiano y las tendencias del momento en prendas de vestir, accesorios y marroquiner\u00eda.<\/p>\n<p>El Hotel Sofitel de la ciudad de Bogot\u00e1, fue el sitio seleccionado para presentar ante las bloggeras m\u00e1s reconocidas del pa\u00eds, la bolsa deluxe oficial del BFW, evento organizado por la C\u00e1mara de Comercio de Bogot\u00e1.<\/p>\n<p><!--more LEER M\u00c1S--><\/p>\n<p>David Orlando Pulido Rodr\u00edguez dise\u00f1ador y creador de la marca<a href=\"http:\/\/rolo-ok.com\/\"> ROLO-OK<\/a>, fue escogido para elaborar la Bolsa Deluxe Oficial del BFW 2017. \u00a0 Una bolsa que caracteriza el mundo de la moda y representa el esp\u00edritu del evento. La inspiraci\u00f3n gir\u00f3 alrededor de la econom\u00eda naranja y c\u00f3mo se pueden elaborar productos re-utilizables que aporten al cuidado del medio ambiente. La propuesta es un bolso tipo tula unisex, el cual puede usarse en distintos momentos del d\u00eda.<\/p>\n<div id=\"attachment_1743\" style=\"width: 344px\" class=\"wp-caption alignleft\"><a href=\"http:\/\/thecloset.co\/blog\/wp-content\/uploads\/2017\/02\/20170209_102816-e1487628447778.jpg\" data-rel=\"lightbox-image-0\" data-rl_title=\"\" data-rl_caption=\"\" title=\"\"><img loading=\"lazy\" decoding=\"async\" aria-describedby=\"caption-attachment-1743\" class=\"wp-image-1743\" src=\"http:\/\/thecloset.co\/blog\/wp-content\/uploads\/2017\/02\/20170209_102816-e1487628447778.jpg\" alt=\"20170209_102816\" width=\"334\" height=\"593\" srcset=\"https:\/\/thecloset.co\/blog\/wp-content\/uploads\/2017\/02\/20170209_102816-e1487628447778.jpg 1152w, https:\/\/thecloset.co\/blog\/wp-content\/uploads\/2017\/02\/20170209_102816-e1487628447778-600x1067.jpg 600w, https:\/\/thecloset.co\/blog\/wp-content\/uploads\/2017\/02\/20170209_102816-e1487628447778-169x300.jpg 169w, https:\/\/thecloset.co\/blog\/wp-content\/uploads\/2017\/02\/20170209_102816-e1487628447778-768x1365.jpg 768w, https:\/\/thecloset.co\/blog\/wp-content\/uploads\/2017\/02\/20170209_102816-e1487628447778-576x1024.jpg 576w, https:\/\/thecloset.co\/blog\/wp-content\/uploads\/2017\/02\/20170209_102816-e1487628447778-338x600.jpg 338w\" sizes=\"(max-width: 334px) 100vw, 334px\" \/><\/a><p id=\"caption-attachment-1743\" class=\"wp-caption-text\">David Pulido dise\u00f1ador de Rolo-Ok<\/p><\/div>\n<div id=\"attachment_1738\" style=\"width: 345px\" class=\"wp-caption alignleft\"><a href=\"http:\/\/thecloset.co\/blog\/wp-content\/uploads\/2017\/02\/20170209_110918-1-e1487628408504.jpg\" data-rel=\"lightbox-image-1\" data-rl_title=\"\" data-rl_caption=\"\" title=\"\"><img loading=\"lazy\" decoding=\"async\" aria-describedby=\"caption-attachment-1738\" class=\"wp-image-1738\" src=\"http:\/\/thecloset.co\/blog\/wp-content\/uploads\/2017\/02\/20170209_110918-1-e1487628408504.jpg\" alt=\"20170209_110918 (1)\" width=\"335\" height=\"595\" srcset=\"https:\/\/thecloset.co\/blog\/wp-content\/uploads\/2017\/02\/20170209_110918-1-e1487628408504.jpg 1152w, https:\/\/thecloset.co\/blog\/wp-content\/uploads\/2017\/02\/20170209_110918-1-e1487628408504-600x1067.jpg 600w, https:\/\/thecloset.co\/blog\/wp-content\/uploads\/2017\/02\/20170209_110918-1-e1487628408504-169x300.jpg 169w, https:\/\/thecloset.co\/blog\/wp-content\/uploads\/2017\/02\/20170209_110918-1-e1487628408504-768x1365.jpg 768w, https:\/\/thecloset.co\/blog\/wp-content\/uploads\/2017\/02\/20170209_110918-1-e1487628408504-576x1024.jpg 576w, https:\/\/thecloset.co\/blog\/wp-content\/uploads\/2017\/02\/20170209_110918-1-e1487628408504-338x600.jpg 338w\" sizes=\"(max-width: 335px) 100vw, 335px\" \/><\/a><p id=\"caption-attachment-1738\" class=\"wp-caption-text\">Carolina Bernal blogguera de Treinticienta.<\/p><\/div>\n<p>&nbsp;<\/p>\n<p>&nbsp;<\/p>\n<p>&nbsp;<\/p>\n<p>&nbsp;<\/p>\n<p>&nbsp;<\/p>\n<p>&nbsp;<\/p>\n<p>&nbsp;<\/p>\n<p>&nbsp;<\/p>\n<p>&nbsp;<\/p>\n<p>&nbsp;<\/p>\n<p>&nbsp;<\/p>\n<p>&nbsp;<\/p>\n<p>&nbsp;<\/p>\n<p>&nbsp;<\/p>\n<p>&nbsp;<\/p>\n<p>&nbsp;<\/p>\n<p>&nbsp;<\/p>\n<p>&nbsp;<\/p>\n<p>ROLO-OK es una marca de camisetas creada en Bogot\u00e1 para aquellos que viven su propio estilo de vida sensible y vanguardista. \u00a0Esta marca comenz\u00f3 su camino en el dise\u00f1o de camisetas para hombres en el a\u00f1o 2005, presentando un estilo de diferente al convencional tanto en colores, telas y estampados.<\/p>\n<p>La bolsa deluxe oficial del BFW tendr\u00e1 un precio al p\u00fablico de $50.000 COP y podr\u00e1n adquirirla en la p\u00e1gina de <a href=\"http:\/\/www.thecloset.co\/tienda\/hombre\/bolsa-deluxe-oficial-bfw\/\">THECLOSET.CO<\/a><\/p>\n<h3><strong>Bogot\u00e1 se viste de moda.<\/strong><\/h3>\n<p>40 dise\u00f1adores de prendas de vestir; calzado y marroquiner\u00eda; y joyer\u00eda y bisuter\u00eda, se relacionar\u00e1n con m\u00e1s de 50 compradores nacionales e internacionales y clientes, en un espacio denominado \u00abMarket Experience\u00bb, un escenario abierto para que la ciudad conozca y pueda acceder a la oferta de dise\u00f1o del BFW. Para los dise\u00f1adores es una estrategia para generar negocios, con agendas cerradas y venta directa al p\u00fablico.<\/p>\n<p>Con el fin de posicionar a la capital colombiana como un epicentro de la moda internacional, la C\u00e1mara de Comercio de Bogot\u00e1 (CCB) cre\u00f3 esta nueva plataforma empresarial y de negocios -Bogot\u00e1 Fashion Week (BFW), al unir esfuerzos con m\u00faltiples actores nacionales e internacionales para impulsar el talento creativo de los dise\u00f1adores emergentes colombianos, posicionar sus marcas y ampliar su mercado.<\/p>\n<p>El Bogot\u00e1 Fashion Week se realizar\u00e1 del 25 al 27 de abril de 2017, en la sede Salitre de la C\u00e1mara de Comercio de Bogot\u00e1. Para mayor informaci\u00f3n de este evento ingrese a: <a href=\"http:\/\/www.bogotafashionweek.com.co\/\">http:\/\/www.bogotafashionweek.com.co\/<\/a><\/p>\n<div id=\"attachment_1737\" style=\"width: 730px\" class=\"wp-caption alignnone\"><a href=\"http:\/\/thecloset.co\/blog\/wp-content\/uploads\/2017\/02\/IMG_20170209_203759.jpg\" data-rel=\"lightbox-image-2\" data-rl_title=\"\" data-rl_caption=\"\" title=\"\"><img loading=\"lazy\" decoding=\"async\" aria-describedby=\"caption-attachment-1737\" class=\"wp-image-1737 size-full\" src=\"http:\/\/thecloset.co\/blog\/wp-content\/uploads\/2017\/02\/IMG_20170209_203759.jpg\" alt=\"IMG_20170209_203759\" width=\"720\" height=\"479\" srcset=\"https:\/\/thecloset.co\/blog\/wp-content\/uploads\/2017\/02\/IMG_20170209_203759.jpg 720w, https:\/\/thecloset.co\/blog\/wp-content\/uploads\/2017\/02\/IMG_20170209_203759-600x399.jpg 600w, https:\/\/thecloset.co\/blog\/wp-content\/uploads\/2017\/02\/IMG_20170209_203759-300x200.jpg 300w\" sizes=\"(max-width: 720px) 100vw, 720px\" \/><\/a><p id=\"caption-attachment-1737\" class=\"wp-caption-text\">Martha Ligia Gracia de la CCB, David Pulido y Milena Mendoza de ROLO-OK.<\/p><\/div>\n<p>&nbsp;<\/p>\n<div id=\"attachment_1742\" style=\"width: 733px\" class=\"wp-caption alignnone\"><a href=\"http:\/\/thecloset.co\/blog\/wp-content\/uploads\/2017\/02\/20170209_093640.jpg\" data-rel=\"lightbox-image-3\" data-rl_title=\"\" data-rl_caption=\"\" title=\"\"><img loading=\"lazy\" decoding=\"async\" aria-describedby=\"caption-attachment-1742\" class=\"wp-image-1742 \" src=\"http:\/\/thecloset.co\/blog\/wp-content\/uploads\/2017\/02\/20170209_093640.jpg\" alt=\"20170209_093640\" width=\"723\" height=\"407\" srcset=\"https:\/\/thecloset.co\/blog\/wp-content\/uploads\/2017\/02\/20170209_093640.jpg 2048w, https:\/\/thecloset.co\/blog\/wp-content\/uploads\/2017\/02\/20170209_093640-600x338.jpg 600w, https:\/\/thecloset.co\/blog\/wp-content\/uploads\/2017\/02\/20170209_093640-300x169.jpg 300w, https:\/\/thecloset.co\/blog\/wp-content\/uploads\/2017\/02\/20170209_093640-768x432.jpg 768w, https:\/\/thecloset.co\/blog\/wp-content\/uploads\/2017\/02\/20170209_093640-1024x576.jpg 1024w\" sizes=\"(max-width: 723px) 100vw, 723px\" \/><\/a><p id=\"caption-attachment-1742\" class=\"wp-caption-text\">Bloggeros y organizadores del Bogot\u00e1 Fashion Week 2017.<\/p><\/div>\n<p>&nbsp;<\/p>\n<p>&nbsp;<\/p>\n<p>&nbsp;<\/p>\n<p>&nbsp;<\/p>\n<p>&nbsp;<\/p>\n<p>&nbsp;<\/p>\n","protected":false},"excerpt":{"rendered":"<p>El pr\u00f3ximo mes de abril, Bogot\u00e1 se convertir\u00e1 en la capital de la moda de Colombia. Se acerca uno de los eventos de moda m\u00e1s importantes del pa\u00eds, el Bogot\u00e1 Fashion Week \u2013BFW y llega para presentar a nacionales y extranjeros, lo mejor del dise\u00f1o colombiano y las tendencias del momento en prendas de vestir,&#8230;<\/p>\n","protected":false},"author":3,"featured_media":1735,"comment_status":"open","ping_status":"open","sticky":false,"template":"","format":"standard","meta":{"footnotes":""},"categories":[1],"tags":[],"_links":{"self":[{"href":"https:\/\/thecloset.co\/blog\/wp-json\/wp\/v2\/posts\/1734"}],"collection":[{"href":"https:\/\/thecloset.co\/blog\/wp-json\/wp\/v2\/posts"}],"about":[{"href":"https:\/\/thecloset.co\/blog\/wp-json\/wp\/v2\/types\/post"}],"author":[{"embeddable":true,"href":"https:\/\/thecloset.co\/blog\/wp-json\/wp\/v2\/users\/3"}],"replies":[{"embeddable":true,"href":"https:\/\/thecloset.co\/blog\/wp-json\/wp\/v2\/comments?post=1734"}],"version-history":[{"count":11,"href":"https:\/\/thecloset.co\/blog\/wp-json\/wp\/v2\/posts\/1734\/revisions"}],"predecessor-version":[{"id":1800,"href":"https:\/\/thecloset.co\/blog\/wp-json\/wp\/v2\/posts\/1734\/revisions\/1800"}],"wp:featuredmedia":[{"embeddable":true,"href":"https:\/\/thecloset.co\/blog\/wp-json\/wp\/v2\/media\/1735"}],"wp:attachment":[{"href":"https:\/\/thecloset.co\/blog\/wp-json\/wp\/v2\/media?parent=1734"}],"wp:term":[{"taxonomy":"category","embeddable":true,"href":"https:\/\/thecloset.co\/blog\/wp-json\/wp\/v2\/categories?post=1734"},{"taxonomy":"post_tag","embeddable":true,"href":"https:\/\/thecloset.co\/blog\/wp-json\/wp\/v2\/tags?post=1734"}],"curies":[{"name":"wp","href":"https:\/\/api.w.org\/{rel}","templated":true}]}}