{"id":1758,"date":"2017-05-23T00:06:26","date_gmt":"2017-05-23T00:06:26","guid":{"rendered":"http:\/\/thecloset.co\/blog\/?p=1758"},"modified":"2017-06-01T21:38:39","modified_gmt":"2017-06-01T21:38:39","slug":"los-disenadores-independientes-norte-bogota","status":"publish","type":"post","link":"https:\/\/thecloset.co\/blog\/los-disenadores-independientes-norte-bogota\/","title":{"rendered":"Dise\u00f1adores independientes se toman el norte de Bogot\u00e1"},"content":{"rendered":"<p>La industria colombiana con su infinita creatividad y talento, se ha posicionado como un referente de moda en latinoam\u00e9rica. Y es que son muchas las marcas locales que le apuestan al sello <em><strong>\u00abMade in Colombia\u00bb<\/strong><\/em> como sin\u00f3nimo de calidad e innovaci\u00f3n.<\/p>\n<p>Los dise\u00f1adores independientes que hacen productos de edici\u00f3n limitada, se trasladan ahora al norte de Bogot\u00e1, buscando posicionarse en una zona de marcas de lujo.<\/p>\n<p><!--more LEER M\u00c1S--><\/p>\n<p>&nbsp;<\/p>\n<p><a href=\"http:\/\/thecloset.co\/blog\/wp-content\/uploads\/2017\/05\/20170522_151811-e1495495774129.jpg\" data-rel=\"lightbox-image-0\" data-rl_title=\"\" data-rl_caption=\"\" title=\"\"><img loading=\"lazy\" decoding=\"async\" class=\"wp-image-1764 alignright\" src=\"http:\/\/thecloset.co\/blog\/wp-content\/uploads\/2017\/05\/20170522_151811-e1495495774129.jpg\" alt=\"20170522_151811\" width=\"301\" height=\"535\" srcset=\"https:\/\/thecloset.co\/blog\/wp-content\/uploads\/2017\/05\/20170522_151811-e1495495774129.jpg 1152w, https:\/\/thecloset.co\/blog\/wp-content\/uploads\/2017\/05\/20170522_151811-e1495495774129-600x1067.jpg 600w, https:\/\/thecloset.co\/blog\/wp-content\/uploads\/2017\/05\/20170522_151811-e1495495774129-169x300.jpg 169w, https:\/\/thecloset.co\/blog\/wp-content\/uploads\/2017\/05\/20170522_151811-e1495495774129-768x1365.jpg 768w, https:\/\/thecloset.co\/blog\/wp-content\/uploads\/2017\/05\/20170522_151811-e1495495774129-576x1024.jpg 576w, https:\/\/thecloset.co\/blog\/wp-content\/uploads\/2017\/05\/20170522_151811-e1495495774129-338x600.jpg 338w\" sizes=\"(max-width: 301px) 100vw, 301px\" \/><\/a>La moda cada vez toma mayor relevancia. Una prenda de vestir, m\u00e1s que cubrir tu cuerpo, representa lo que eres y aquello que quieres comunicar al mundo. Es la mejor expresi\u00f3n de la personalidad, y por ello, se ha vuelto tan importante c\u00f3mo nos vemos.<\/p>\n<p>La oferta de moda es variada y hay para todos los gustos, sin embargo, la personalizaci\u00f3n de la moda es hoy en d\u00eda la protagonista por su car\u00e1cter individualista y \u00fanico. Adi\u00f3s a aquellas \u00e9pocas donde todos quer\u00edamos seguir tendencias y vernos iguales, ahora lo que est\u00e1 de moda es ser verse y sentirse diferente.<\/p>\n<p>&nbsp;<\/p>\n<p>En Bogot\u00e1, en la <strong>Calle 80 # 13- 09<\/strong> (detr\u00e1s del CC Atlantis Plaza), podemos encontrar la #RedDeDise\u00f1adores <a href=\"http:\/\/www.thecloset.co\/\">THECLOSET.CO<\/a> que re\u00fane a marcas emergentes colombianas que ofrecen productos como ropa, calzado, accesorios, marroquiner\u00eda, joyer\u00eda y bisuter\u00eda, todo elaborado y producido en Colombia. Lo m\u00e1s interesante es, que cada prenda se elabora en pocas unidades haci\u00e9ndolas productos exclusivos. Un espacio construido con amor por dise\u00f1adores colombianos.<\/p>\n<p>&nbsp;<\/p>\n<p><a href=\"http:\/\/thecloset.co\/blog\/wp-content\/uploads\/2017\/05\/20170520_190041-1.jpg\" data-rel=\"lightbox-image-1\" data-rl_title=\"\" data-rl_caption=\"\" title=\"\"><img loading=\"lazy\" decoding=\"async\" class=\"alignnone wp-image-1770\" src=\"http:\/\/thecloset.co\/blog\/wp-content\/uploads\/2017\/05\/20170520_190041-1.jpg\" alt=\"20170520_190041 (1)\" width=\"789\" height=\"443\" srcset=\"https:\/\/thecloset.co\/blog\/wp-content\/uploads\/2017\/05\/20170520_190041-1.jpg 2048w, https:\/\/thecloset.co\/blog\/wp-content\/uploads\/2017\/05\/20170520_190041-1-600x338.jpg 600w, https:\/\/thecloset.co\/blog\/wp-content\/uploads\/2017\/05\/20170520_190041-1-300x169.jpg 300w, https:\/\/thecloset.co\/blog\/wp-content\/uploads\/2017\/05\/20170520_190041-1-768x432.jpg 768w, https:\/\/thecloset.co\/blog\/wp-content\/uploads\/2017\/05\/20170520_190041-1-1024x576.jpg 1024w\" sizes=\"(max-width: 789px) 100vw, 789px\" \/><\/a><\/p>\n<p><a href=\"http:\/\/thecloset.co\/blog\/wp-content\/uploads\/2017\/05\/20170518_184857-1-e1495556393722.jpg\" data-rel=\"lightbox-image-2\" data-rl_title=\"\" data-rl_caption=\"\" title=\"\"><img loading=\"lazy\" decoding=\"async\" class=\"alignnone wp-image-1786\" src=\"http:\/\/thecloset.co\/blog\/wp-content\/uploads\/2017\/05\/20170518_184857-1-e1495556393722.jpg\" alt=\"20170518_184857 (1)\" width=\"372\" height=\"661\" srcset=\"https:\/\/thecloset.co\/blog\/wp-content\/uploads\/2017\/05\/20170518_184857-1-e1495556393722.jpg 1152w, https:\/\/thecloset.co\/blog\/wp-content\/uploads\/2017\/05\/20170518_184857-1-e1495556393722-600x1067.jpg 600w, https:\/\/thecloset.co\/blog\/wp-content\/uploads\/2017\/05\/20170518_184857-1-e1495556393722-169x300.jpg 169w, https:\/\/thecloset.co\/blog\/wp-content\/uploads\/2017\/05\/20170518_184857-1-e1495556393722-768x1365.jpg 768w, https:\/\/thecloset.co\/blog\/wp-content\/uploads\/2017\/05\/20170518_184857-1-e1495556393722-576x1024.jpg 576w, https:\/\/thecloset.co\/blog\/wp-content\/uploads\/2017\/05\/20170518_184857-1-e1495556393722-338x600.jpg 338w\" sizes=\"(max-width: 372px) 100vw, 372px\" \/><\/a>\u00a0 \u00a0<a href=\"http:\/\/thecloset.co\/blog\/wp-content\/uploads\/2017\/05\/20170518_185254-e1495556415799.jpg\" data-rel=\"lightbox-image-3\" data-rl_title=\"\" data-rl_caption=\"\" title=\"\"><img loading=\"lazy\" decoding=\"async\" class=\"alignnone wp-image-1785\" src=\"http:\/\/thecloset.co\/blog\/wp-content\/uploads\/2017\/05\/20170518_185254-e1495556415799.jpg\" alt=\"20170518_185254\" width=\"371\" height=\"659\" srcset=\"https:\/\/thecloset.co\/blog\/wp-content\/uploads\/2017\/05\/20170518_185254-e1495556415799.jpg 1152w, https:\/\/thecloset.co\/blog\/wp-content\/uploads\/2017\/05\/20170518_185254-e1495556415799-600x1067.jpg 600w, https:\/\/thecloset.co\/blog\/wp-content\/uploads\/2017\/05\/20170518_185254-e1495556415799-169x300.jpg 169w, https:\/\/thecloset.co\/blog\/wp-content\/uploads\/2017\/05\/20170518_185254-e1495556415799-768x1365.jpg 768w, https:\/\/thecloset.co\/blog\/wp-content\/uploads\/2017\/05\/20170518_185254-e1495556415799-576x1024.jpg 576w, https:\/\/thecloset.co\/blog\/wp-content\/uploads\/2017\/05\/20170518_185254-e1495556415799-338x600.jpg 338w\" sizes=\"(max-width: 371px) 100vw, 371px\" \/><\/a><\/p>\n<p>&nbsp;<\/p>\n<p>&nbsp;<\/p>\n<p>&nbsp;<\/p>\n<p>&nbsp;<\/p>\n<p>&nbsp;<\/p>\n<p>&nbsp;<\/p>\n<p>&nbsp;<\/p>\n<p>&nbsp;<\/p>\n<p>&nbsp;<\/p>\n<p>&nbsp;<\/p>\n","protected":false},"excerpt":{"rendered":"<p>La industria colombiana con su infinita creatividad y talento, se ha posicionado como un referente de moda en latinoam\u00e9rica. Y es que son muchas las marcas locales que le apuestan al sello \u00abMade in Colombia\u00bb como sin\u00f3nimo de calidad e innovaci\u00f3n. Los dise\u00f1adores independientes que hacen productos de edici\u00f3n limitada, se trasladan ahora al norte&#8230;<\/p>\n","protected":false},"author":1,"featured_media":1761,"comment_status":"open","ping_status":"open","sticky":false,"template":"","format":"standard","meta":{"footnotes":""},"categories":[1],"tags":[],"_links":{"self":[{"href":"https:\/\/thecloset.co\/blog\/wp-json\/wp\/v2\/posts\/1758"}],"collection":[{"href":"https:\/\/thecloset.co\/blog\/wp-json\/wp\/v2\/posts"}],"about":[{"href":"https:\/\/thecloset.co\/blog\/wp-json\/wp\/v2\/types\/post"}],"author":[{"embeddable":true,"href":"https:\/\/thecloset.co\/blog\/wp-json\/wp\/v2\/users\/1"}],"replies":[{"embeddable":true,"href":"https:\/\/thecloset.co\/blog\/wp-json\/wp\/v2\/comments?post=1758"}],"version-history":[{"count":13,"href":"https:\/\/thecloset.co\/blog\/wp-json\/wp\/v2\/posts\/1758\/revisions"}],"predecessor-version":[{"id":1799,"href":"https:\/\/thecloset.co\/blog\/wp-json\/wp\/v2\/posts\/1758\/revisions\/1799"}],"wp:featuredmedia":[{"embeddable":true,"href":"https:\/\/thecloset.co\/blog\/wp-json\/wp\/v2\/media\/1761"}],"wp:attachment":[{"href":"https:\/\/thecloset.co\/blog\/wp-json\/wp\/v2\/media?parent=1758"}],"wp:term":[{"taxonomy":"category","embeddable":true,"href":"https:\/\/thecloset.co\/blog\/wp-json\/wp\/v2\/categories?post=1758"},{"taxonomy":"post_tag","embeddable":true,"href":"https:\/\/thecloset.co\/blog\/wp-json\/wp\/v2\/tags?post=1758"}],"curies":[{"name":"wp","href":"https:\/\/api.w.org\/{rel}","templated":true}]}}