{"id":1789,"date":"2017-06-01T20:52:37","date_gmt":"2017-06-01T20:52:37","guid":{"rendered":"http:\/\/thecloset.co\/blog\/?p=1789"},"modified":"2017-06-01T23:47:03","modified_gmt":"2017-06-01T23:47:03","slug":"hecho-en-colombia-sello-de-calidad-e-innovacion","status":"publish","type":"post","link":"https:\/\/thecloset.co\/blog\/hecho-en-colombia-sello-de-calidad-e-innovacion\/","title":{"rendered":"Hecho en Colombia, un sello de calidad e innovaci\u00f3n."},"content":{"rendered":"<p>El sector de prendas de vestir, calzado, marroquiner\u00eda y joyer\u00eda en Colombia, est\u00e1 atravesando por su mejor momento. Es com\u00fan escuchar a empresarios internacionales, exaltar la calidad e innovaci\u00f3n del dise\u00f1o colombiano, como un referente en Latinoam\u00e9rica.<\/p>\n<p>La moda ahora se vuelca hacia la personalizaci\u00f3n. Y es en este punto, donde el dise\u00f1o local se vuelve el protagonista. El mercado ya no se deja llevar por las tendencias, sino que defiende su propio estilo buscando diferenciarse del resto del mundo y es aqu\u00ed donde emergen las propuestas con significado, aquellos dise\u00f1os que cuentan historias.<\/p>\n<p><!--more LEER M\u00c1S--><\/p>\n<h3>LA MODA EN COLOMBIA<\/h3>\n<p>Colombia se caracteriza por la capacidad creativa de sus artistas y su cultura. Encontrar tanta diversidad nos hace un pa\u00eds \u00fanico y con potencial exportador. Nuestra imaginaci\u00f3n es infinita y es por ello, que se hace tan importante validar esta industria y su aporte a la econom\u00eda del pa\u00eds.<\/p>\n<p>Seg\u00fan registros de la <a href=\"http:\/\/www.bogotafashionweek.com.co\/Bogota-Fashion-Week\/Apuesta-de-la-CCB\">C\u00e1mara de Comercio de Bogot\u00e1<\/a>, este sector mueve alrededor de 1,3% del PIB de la capital.\u00a0 La moda se ha constituido en un dinamizador importante de la econom\u00eda de la ciudad-regi\u00f3n siendo un relevante generador de empleo.<\/p>\n<p>Dise\u00f1adores independientes y emergentes, le siguen apostando a esta industria a pesar de la gran competencia en precios que tienen con retailers extranjeros que comercializan `fast fashion\u00b4, ropa muy barata pero que carece de exclusividad y calidad, elaborada en grandes vol\u00famenes y sin un pago justo en mano de obra.<\/p>\n<div id=\"attachment_1791\" style=\"width: 310px\" class=\"wp-caption alignleft\"><a href=\"http:\/\/thecloset.co\/blog\/wp-content\/uploads\/2017\/06\/IMG_4463.jpg\" data-rel=\"lightbox-image-0\" data-rl_title=\"\" data-rl_caption=\"\" title=\"\"><img loading=\"lazy\" decoding=\"async\" aria-describedby=\"caption-attachment-1791\" class=\"size-medium wp-image-1791\" src=\"http:\/\/thecloset.co\/blog\/wp-content\/uploads\/2017\/06\/IMG_4463-300x199.jpg\" alt=\"Calle 80 # 13 - 09 Bogot\u00e1 (detr\u00e1s CC Atlantis).\" width=\"300\" height=\"199\" srcset=\"https:\/\/thecloset.co\/blog\/wp-content\/uploads\/2017\/06\/IMG_4463-300x199.jpg 300w, https:\/\/thecloset.co\/blog\/wp-content\/uploads\/2017\/06\/IMG_4463-600x398.jpg 600w, https:\/\/thecloset.co\/blog\/wp-content\/uploads\/2017\/06\/IMG_4463-768x509.jpg 768w, https:\/\/thecloset.co\/blog\/wp-content\/uploads\/2017\/06\/IMG_4463-1024x679.jpg 1024w, https:\/\/thecloset.co\/blog\/wp-content\/uploads\/2017\/06\/IMG_4463-2048x1357.jpg 2048w\" sizes=\"(max-width: 300px) 100vw, 300px\" \/><\/a><p id=\"caption-attachment-1791\" class=\"wp-caption-text\">Calle 80 # 13 &#8211; 09 Bogot\u00e1 (detr\u00e1s CC Atlantis).<\/p><\/div>\n<p>Gracias a colectivos de dise\u00f1o independiente como <a href=\"http:\/\/www.thecloset.co\/\">THECLOSET.CO<\/a>, que apoyan y promueven el trabajo de artistas locales, tenemos la opci\u00f3n de comprar prendas y art\u00edculos de dise\u00f1o -de alta calidad- elaborados en nuestro pa\u00eds. Estos espacios permiten que j\u00f3venes empresarios cumplan sus sue\u00f1os y sigan construyendo pa\u00eds con el sello `Hecho en Colombia\u00b4.<\/p>\n<p>&nbsp;<\/p>\n<p>&nbsp;<\/p>\n<p>&nbsp;<\/p>\n<p>&nbsp;<\/p>\n<p>&nbsp;<\/p>\n<p>&nbsp;<\/p>\n<p>&nbsp;<\/p>\n<p>&nbsp;<\/p>\n","protected":false},"excerpt":{"rendered":"<p>El sector de prendas de vestir, calzado, marroquiner\u00eda y joyer\u00eda en Colombia, est\u00e1 atravesando por su mejor momento. Es com\u00fan escuchar a empresarios internacionales, exaltar la calidad e innovaci\u00f3n del dise\u00f1o colombiano, como un referente en Latinoam\u00e9rica. La moda ahora se vuelca hacia la personalizaci\u00f3n. Y es en este punto, donde el dise\u00f1o local se&#8230;<\/p>\n","protected":false},"author":1,"featured_media":1812,"comment_status":"open","ping_status":"open","sticky":false,"template":"","format":"standard","meta":{"footnotes":""},"categories":[14],"tags":[],"_links":{"self":[{"href":"https:\/\/thecloset.co\/blog\/wp-json\/wp\/v2\/posts\/1789"}],"collection":[{"href":"https:\/\/thecloset.co\/blog\/wp-json\/wp\/v2\/posts"}],"about":[{"href":"https:\/\/thecloset.co\/blog\/wp-json\/wp\/v2\/types\/post"}],"author":[{"embeddable":true,"href":"https:\/\/thecloset.co\/blog\/wp-json\/wp\/v2\/users\/1"}],"replies":[{"embeddable":true,"href":"https:\/\/thecloset.co\/blog\/wp-json\/wp\/v2\/comments?post=1789"}],"version-history":[{"count":12,"href":"https:\/\/thecloset.co\/blog\/wp-json\/wp\/v2\/posts\/1789\/revisions"}],"predecessor-version":[{"id":1817,"href":"https:\/\/thecloset.co\/blog\/wp-json\/wp\/v2\/posts\/1789\/revisions\/1817"}],"wp:featuredmedia":[{"embeddable":true,"href":"https:\/\/thecloset.co\/blog\/wp-json\/wp\/v2\/media\/1812"}],"wp:attachment":[{"href":"https:\/\/thecloset.co\/blog\/wp-json\/wp\/v2\/media?parent=1789"}],"wp:term":[{"taxonomy":"category","embeddable":true,"href":"https:\/\/thecloset.co\/blog\/wp-json\/wp\/v2\/categories?post=1789"},{"taxonomy":"post_tag","embeddable":true,"href":"https:\/\/thecloset.co\/blog\/wp-json\/wp\/v2\/tags?post=1789"}],"curies":[{"name":"wp","href":"https:\/\/api.w.org\/{rel}","templated":true}]}}