{"id":1820,"date":"2017-06-22T00:05:28","date_gmt":"2017-06-22T00:05:28","guid":{"rendered":"http:\/\/thecloset.co\/blog\/?p=1820"},"modified":"2017-06-28T14:21:37","modified_gmt":"2017-06-28T14:21:37","slug":"fashionistas-lanzamiento-thecloset-co","status":"publish","type":"post","link":"https:\/\/thecloset.co\/blog\/fashionistas-lanzamiento-thecloset-co\/","title":{"rendered":"Fashionistas reunidos en el lanzamiento de THECLOSET.CO"},"content":{"rendered":"<h3><strong>La tienda que exalta el dise\u00f1o colombiano.<\/strong><\/h3>\n<p><em>Dise\u00f1adores y amantes de la moda, se dieron cita el pasado 16 de junio en la tienda THECLOSET.CO para el lanzamiento oficial de esta boutique en el norte de Bogot\u00e1.<\/em><\/p>\n<p>El dise\u00f1o colombiano es protagonista en el mercado internacional por su alta capacidad creativa y de innovaci\u00f3n. Esta apuesta al talento local del colectivo de dise\u00f1adores THECLOSET.CO, est\u00e1 siendo bien recibida tambi\u00e9n por el mercado nacional que valora el trabajo hecho a mano de nuestros artistas.<\/p>\n<p><!--moreLEER M\u00c1S--><\/p>\n<p>Al evento de lanzamiento de la tienda THECLOSET.CO, asistieron dise\u00f1adores, blogueros y amantes del dise\u00f1o en general, para apreciar las prendas elaboradas por los artistas colombianos. Blusas, faldas, pantalones, abrigos, chaquetas, camisetas, bolsos, morrales y accesorios, fueron presentados ante el p\u00fablico asistente. \u00a0La consigna de esta boutique es presentar marcas locales con dise\u00f1os en pocas unidades, lo que garantiza que sean piezas exclusivas. Se aprecia ante todo la calidad y autenticidad, pues cada art\u00edculo cuenta una historia.<\/p>\n<p><a href=\"http:\/\/thecloset.co\/blog\/wp-content\/uploads\/2017\/06\/IMG_4546.jpg\" data-rel=\"lightbox-image-0\" data-rl_title=\"\" data-rl_caption=\"\" title=\"\"><img loading=\"lazy\" decoding=\"async\" class=\"alignnone wp-image-1823\" src=\"http:\/\/thecloset.co\/blog\/wp-content\/uploads\/2017\/06\/IMG_4546-300x229.jpg\" alt=\"IMG_4546\" width=\"274\" height=\"209\" srcset=\"https:\/\/thecloset.co\/blog\/wp-content\/uploads\/2017\/06\/IMG_4546-300x229.jpg 300w, https:\/\/thecloset.co\/blog\/wp-content\/uploads\/2017\/06\/IMG_4546-600x458.jpg 600w, https:\/\/thecloset.co\/blog\/wp-content\/uploads\/2017\/06\/IMG_4546.jpg 640w\" sizes=\"(max-width: 274px) 100vw, 274px\" \/><\/a>\u00a0\u00a0 \u00a0\u00a0<a href=\"http:\/\/thecloset.co\/blog\/wp-content\/uploads\/2017\/06\/IMG_4681.jpg\" data-rel=\"lightbox-image-1\" data-rl_title=\"\" data-rl_caption=\"\" title=\"\"><img loading=\"lazy\" decoding=\"async\" class=\"alignnone wp-image-1827\" src=\"http:\/\/thecloset.co\/blog\/wp-content\/uploads\/2017\/06\/IMG_4681-300x244.jpg\" alt=\"IMG_4681\" width=\"254\" height=\"207\" srcset=\"https:\/\/thecloset.co\/blog\/wp-content\/uploads\/2017\/06\/IMG_4681-300x244.jpg 300w, https:\/\/thecloset.co\/blog\/wp-content\/uploads\/2017\/06\/IMG_4681-600x488.jpg 600w, https:\/\/thecloset.co\/blog\/wp-content\/uploads\/2017\/06\/IMG_4681.jpg 640w\" sizes=\"(max-width: 254px) 100vw, 254px\" \/><\/a>\u00a0\u00a0\u00a0 \u00a0 <a href=\"http:\/\/thecloset.co\/blog\/wp-content\/uploads\/2017\/06\/IMG_4637.jpg\" data-rel=\"lightbox-image-2\" data-rl_title=\"\" data-rl_caption=\"\" title=\"\"><img loading=\"lazy\" decoding=\"async\" class=\"alignnone wp-image-1826\" src=\"http:\/\/thecloset.co\/blog\/wp-content\/uploads\/2017\/06\/IMG_4637-300x220.jpg\" alt=\"IMG_4637\" width=\"297\" height=\"218\" srcset=\"https:\/\/thecloset.co\/blog\/wp-content\/uploads\/2017\/06\/IMG_4637-300x220.jpg 300w, https:\/\/thecloset.co\/blog\/wp-content\/uploads\/2017\/06\/IMG_4637-600x441.jpg 600w, https:\/\/thecloset.co\/blog\/wp-content\/uploads\/2017\/06\/IMG_4637.jpg 640w\" sizes=\"(max-width: 297px) 100vw, 297px\" \/><\/a>\u00a0 \u00a0\u00a0<a href=\"http:\/\/thecloset.co\/blog\/wp-content\/uploads\/2017\/06\/IMG_4709.jpg\" data-rel=\"lightbox-image-3\" data-rl_title=\"\" data-rl_caption=\"\" title=\"\"><img loading=\"lazy\" decoding=\"async\" class=\"alignnone wp-image-1828\" src=\"http:\/\/thecloset.co\/blog\/wp-content\/uploads\/2017\/06\/IMG_4709-300x241.jpg\" alt=\"IMG_4709\" width=\"269\" height=\"216\" srcset=\"https:\/\/thecloset.co\/blog\/wp-content\/uploads\/2017\/06\/IMG_4709-300x241.jpg 300w, https:\/\/thecloset.co\/blog\/wp-content\/uploads\/2017\/06\/IMG_4709-600x483.jpg 600w, https:\/\/thecloset.co\/blog\/wp-content\/uploads\/2017\/06\/IMG_4709.jpg 640w\" sizes=\"(max-width: 269px) 100vw, 269px\" \/><\/a>\u00a0 \u00a0\u00a0<a href=\"http:\/\/thecloset.co\/blog\/wp-content\/uploads\/2017\/06\/IMG_4631.jpg\" data-rel=\"lightbox-image-4\" data-rl_title=\"\" data-rl_caption=\"\" title=\"\"><img loading=\"lazy\" decoding=\"async\" class=\"alignnone size-medium wp-image-1833\" src=\"http:\/\/thecloset.co\/blog\/wp-content\/uploads\/2017\/06\/IMG_4631-300x200.jpg\" alt=\"IMG_4631\" width=\"300\" height=\"200\" srcset=\"https:\/\/thecloset.co\/blog\/wp-content\/uploads\/2017\/06\/IMG_4631-300x200.jpg 300w, https:\/\/thecloset.co\/blog\/wp-content\/uploads\/2017\/06\/IMG_4631-600x400.jpg 600w, https:\/\/thecloset.co\/blog\/wp-content\/uploads\/2017\/06\/IMG_4631.jpg 640w\" sizes=\"(max-width: 300px) 100vw, 300px\" \/><\/a>\u00a0 \u00a0<a href=\"http:\/\/thecloset.co\/blog\/wp-content\/uploads\/2017\/06\/IMG_4650.jpg\" data-rel=\"lightbox-image-5\" data-rl_title=\"\" data-rl_caption=\"\" title=\"\"><img loading=\"lazy\" decoding=\"async\" class=\"alignnone wp-image-1838\" src=\"http:\/\/thecloset.co\/blog\/wp-content\/uploads\/2017\/06\/IMG_4650-300x233.jpg\" alt=\"IMG_4650\" width=\"258\" height=\"200\" srcset=\"https:\/\/thecloset.co\/blog\/wp-content\/uploads\/2017\/06\/IMG_4650-300x233.jpg 300w, https:\/\/thecloset.co\/blog\/wp-content\/uploads\/2017\/06\/IMG_4650-600x465.jpg 600w, https:\/\/thecloset.co\/blog\/wp-content\/uploads\/2017\/06\/IMG_4650.jpg 640w\" sizes=\"(max-width: 258px) 100vw, 258px\" \/><\/a><\/p>\n<h3>Showroom ROLO-OK Camisetas:<\/h3>\n<p>Como prim<a href=\"http:\/\/thecloset.co\/blog\/wp-content\/uploads\/2017\/06\/IMG_4557.jpg\" data-rel=\"lightbox-image-6\" data-rl_title=\"\" data-rl_caption=\"\" title=\"\"><img loading=\"lazy\" decoding=\"async\" class=\"alignnone size-medium wp-image-1829 alignleft\" src=\"http:\/\/thecloset.co\/blog\/wp-content\/uploads\/2017\/06\/IMG_4557-228x300.jpg\" alt=\"IMG_4557\" width=\"228\" height=\"300\" srcset=\"https:\/\/thecloset.co\/blog\/wp-content\/uploads\/2017\/06\/IMG_4557-228x300.jpg 228w, https:\/\/thecloset.co\/blog\/wp-content\/uploads\/2017\/06\/IMG_4557-457x600.jpg 457w, https:\/\/thecloset.co\/blog\/wp-content\/uploads\/2017\/06\/IMG_4557.jpg 487w\" sizes=\"(max-width: 228px) 100vw, 228px\" \/><\/a>icia en este coctel de lanzamiento de THECLOSET.CO se realiz\u00f3 la apertura del showroom oficial de la marca <a href=\"http:\/\/rolo-ok.com\/\">ROLO-OK Camisetas<\/a>, marca emergente del dise\u00f1ador colombiano David Pulido Rodr\u00edguez, participante del Bogot\u00e1 Fashion Week 2017. Esta marca cuenta desde ya con un espacio exclusivo dentro de la tienda, donde se pueden comprar camisetas, chaquetas y accesorios de estilo urbano.<\/p>\n<h3>Presentaci\u00f3n marca Cyclus:<\/h3>\n<p>Por otra parte, se anunci\u00f3 que THECLOSET.CO ser\u00e1 el distribuidor oficial de la reconocida marca <a href=\"https:\/\/www.cyclus.com.co\">CYCLUS<\/a>, que elabora accesorios a partir de fibras de neum\u00e1ticos reciclables. Esta boutique est\u00e1 muy comprometida con el medio ambiente y por ello vincula marcas y dise\u00f1adores que trabajen con insumos eco-amigables. A partir de la fecha, pueden encontrar morrales, bolsos, billeteras y clutch de CYCLUS en THECLOSET.CO<\/p>\n<p>Al coctel de lanzamiento estuvo invitada Fernanda Herrera, conocida como <a href=\"https:\/\/soundcloud.com\/iconoclastt\">Dj Iconoclastt<\/a>, quien deleit\u00f3 a los invitados con un rep<a href=\"http:\/\/thecloset.co\/blog\/wp-content\/uploads\/2017\/06\/IMG_4598.jpg\" data-rel=\"lightbox-image-7\" data-rl_title=\"\" data-rl_caption=\"\" title=\"\"><img loading=\"lazy\" decoding=\"async\" class=\" wp-image-1830 alignleft\" src=\"http:\/\/thecloset.co\/blog\/wp-content\/uploads\/2017\/06\/IMG_4598-300x217.jpg\" alt=\"IMG_4598\" width=\"243\" height=\"176\" srcset=\"https:\/\/thecloset.co\/blog\/wp-content\/uploads\/2017\/06\/IMG_4598-300x217.jpg 300w, https:\/\/thecloset.co\/blog\/wp-content\/uploads\/2017\/06\/IMG_4598-600x434.jpg 600w, https:\/\/thecloset.co\/blog\/wp-content\/uploads\/2017\/06\/IMG_4598.jpg 640w\" sizes=\"(max-width: 243px) 100vw, 243px\" \/><\/a>ertorio de m\u00fasica tecno-house.<\/p>\n<p>La tienda THECLOSET.CO continua convocando nuevos dise\u00f1adores y marcas colombianas para que se unan a este colectivo y presenten sus dise\u00f1os. Los interesados, pueden enviar fotos e informaci\u00f3n de sus productos al correo <a href=\"mailto:contacto@thecloset.co\">contacto@thecloset.co<\/a><\/p>\n<p>Para quienes se encuentren fuera de Bogot\u00e1, THECLOSET.CO cuenta con la tienda online <a href=\"http:\/\/www.thecloset.co\/\">www.thecloset.co<\/a> donde podr\u00e1n comprar prendas y accesorios de las marcas vinculadas a este colectivo de dise\u00f1adores independientes.<\/p>\n<p><a href=\"http:\/\/thecloset.co\/blog\/wp-content\/uploads\/2017\/06\/IMG_4554.jpg\" data-rel=\"lightbox-image-8\" data-rl_title=\"\" data-rl_caption=\"\" title=\"\"><img loading=\"lazy\" decoding=\"async\" class=\"alignnone wp-image-1832\" src=\"http:\/\/thecloset.co\/blog\/wp-content\/uploads\/2017\/06\/IMG_4554-300x196.jpg\" alt=\"IMG_4554\" width=\"321\" height=\"210\" srcset=\"https:\/\/thecloset.co\/blog\/wp-content\/uploads\/2017\/06\/IMG_4554-300x196.jpg 300w, https:\/\/thecloset.co\/blog\/wp-content\/uploads\/2017\/06\/IMG_4554-600x392.jpg 600w, https:\/\/thecloset.co\/blog\/wp-content\/uploads\/2017\/06\/IMG_4554.jpg 640w\" sizes=\"(max-width: 321px) 100vw, 321px\" \/><\/a>\u00a0 \u00a0 \u00a0\u00a0<a href=\"http:\/\/thecloset.co\/blog\/wp-content\/uploads\/2017\/06\/IMG_4642.jpg\" data-rel=\"lightbox-image-9\" data-rl_title=\"\" data-rl_caption=\"\" title=\"\"><img loading=\"lazy\" decoding=\"async\" class=\"alignnone wp-image-1831\" src=\"http:\/\/thecloset.co\/blog\/wp-content\/uploads\/2017\/06\/IMG_4642-300x178.jpg\" alt=\"IMG_4642\" width=\"352\" height=\"209\" srcset=\"https:\/\/thecloset.co\/blog\/wp-content\/uploads\/2017\/06\/IMG_4642-300x178.jpg 300w, https:\/\/thecloset.co\/blog\/wp-content\/uploads\/2017\/06\/IMG_4642-600x355.jpg 600w, https:\/\/thecloset.co\/blog\/wp-content\/uploads\/2017\/06\/IMG_4642-100x58.jpg 100w, https:\/\/thecloset.co\/blog\/wp-content\/uploads\/2017\/06\/IMG_4642.jpg 640w\" sizes=\"(max-width: 352px) 100vw, 352px\" \/><\/a><\/p>\n<p>&nbsp;<\/p>\n<p>&nbsp;<\/p>\n<p>&nbsp;<\/p>\n<p>&nbsp;<\/p>\n","protected":false},"excerpt":{"rendered":"<p>La tienda que exalta el dise\u00f1o colombiano. Dise\u00f1adores y amantes de la moda, se dieron cita el pasado 16 de junio en la tienda THECLOSET.CO para el lanzamiento oficial de esta boutique en el norte de Bogot\u00e1. El dise\u00f1o colombiano es protagonista en el mercado internacional por su alta capacidad creativa y de innovaci\u00f3n. Esta&#8230;<\/p>\n","protected":false},"author":1,"featured_media":1842,"comment_status":"open","ping_status":"open","sticky":false,"template":"","format":"standard","meta":{"footnotes":""},"categories":[1],"tags":[],"_links":{"self":[{"href":"https:\/\/thecloset.co\/blog\/wp-json\/wp\/v2\/posts\/1820"}],"collection":[{"href":"https:\/\/thecloset.co\/blog\/wp-json\/wp\/v2\/posts"}],"about":[{"href":"https:\/\/thecloset.co\/blog\/wp-json\/wp\/v2\/types\/post"}],"author":[{"embeddable":true,"href":"https:\/\/thecloset.co\/blog\/wp-json\/wp\/v2\/users\/1"}],"replies":[{"embeddable":true,"href":"https:\/\/thecloset.co\/blog\/wp-json\/wp\/v2\/comments?post=1820"}],"version-history":[{"count":10,"href":"https:\/\/thecloset.co\/blog\/wp-json\/wp\/v2\/posts\/1820\/revisions"}],"predecessor-version":[{"id":1845,"href":"https:\/\/thecloset.co\/blog\/wp-json\/wp\/v2\/posts\/1820\/revisions\/1845"}],"wp:featuredmedia":[{"embeddable":true,"href":"https:\/\/thecloset.co\/blog\/wp-json\/wp\/v2\/media\/1842"}],"wp:attachment":[{"href":"https:\/\/thecloset.co\/blog\/wp-json\/wp\/v2\/media?parent=1820"}],"wp:term":[{"taxonomy":"category","embeddable":true,"href":"https:\/\/thecloset.co\/blog\/wp-json\/wp\/v2\/categories?post=1820"},{"taxonomy":"post_tag","embeddable":true,"href":"https:\/\/thecloset.co\/blog\/wp-json\/wp\/v2\/tags?post=1820"}],"curies":[{"name":"wp","href":"https:\/\/api.w.org\/{rel}","templated":true}]}}