{"id":1891,"date":"2017-12-01T00:01:49","date_gmt":"2017-12-01T00:01:49","guid":{"rendered":"http:\/\/thecloset.co\/blog\/?p=1891"},"modified":"2017-12-01T00:01:49","modified_gmt":"2017-12-01T00:01:49","slug":"las-rayas-complementan-los-looks-masculinos","status":"publish","type":"post","link":"https:\/\/thecloset.co\/blog\/las-rayas-complementan-los-looks-masculinos\/","title":{"rendered":"Como las rayas complementan los looks masculinos"},"content":{"rendered":"<p>\u00a1De lo b\u00e1sico a lo genial!<\/p>\n<p>Las rayas quedan bien en cualquier ocasi\u00f3n y se reinventan en cada temporada. Aparecen en diversos formatos, tama\u00f1os y direcciones, y nunca pasan de moda.<\/p>\n<p>La prenda casi obligatoria en los armarios, ha sido muy utilizada por los hombres y es una alternativa diferente a los cuadros. Da un toque m\u00e1s moderno y puede variar desde la camisa social a la polo, hasta la camiseta del d\u00eda a d\u00eda.<\/p>\n<p><!--more--><\/p>\n<p><a href=\"http:\/\/thecloset.co\/blog\/wp-content\/uploads\/2017\/08\/rayas-thecloset-azules.jpg\" data-rel=\"lightbox-image-0\" data-rl_title=\"\" data-rl_caption=\"\" title=\"\"><img loading=\"lazy\" decoding=\"async\" class=\"alignnone wp-image-1906\" src=\"http:\/\/thecloset.co\/blog\/wp-content\/uploads\/2017\/08\/rayas-thecloset-azules-300x300.jpg\" alt=\"rayas-thecloset-azules\" width=\"270\" height=\"270\" srcset=\"https:\/\/thecloset.co\/blog\/wp-content\/uploads\/2017\/08\/rayas-thecloset-azules-300x300.jpg 300w, https:\/\/thecloset.co\/blog\/wp-content\/uploads\/2017\/08\/rayas-thecloset-azules-100x100.jpg 100w, https:\/\/thecloset.co\/blog\/wp-content\/uploads\/2017\/08\/rayas-thecloset-azules-600x600.jpg 600w, https:\/\/thecloset.co\/blog\/wp-content\/uploads\/2017\/08\/rayas-thecloset-azules-150x150.jpg 150w, https:\/\/thecloset.co\/blog\/wp-content\/uploads\/2017\/08\/rayas-thecloset-azules-768x768.jpg 768w, https:\/\/thecloset.co\/blog\/wp-content\/uploads\/2017\/08\/rayas-thecloset-azules.jpg 1000w\" sizes=\"(max-width: 270px) 100vw, 270px\" \/><\/a> <a href=\"http:\/\/thecloset.co\/blog\/wp-content\/uploads\/2017\/08\/rayas-thecloset-tribales.jpg\" data-rel=\"lightbox-image-1\" data-rl_title=\"\" data-rl_caption=\"\" title=\"\"><img loading=\"lazy\" decoding=\"async\" class=\"alignnone wp-image-1912\" src=\"http:\/\/thecloset.co\/blog\/wp-content\/uploads\/2017\/08\/rayas-thecloset-tribales-300x300.jpg\" alt=\"rayas-thecloset-tribales\" width=\"270\" height=\"270\" srcset=\"https:\/\/thecloset.co\/blog\/wp-content\/uploads\/2017\/08\/rayas-thecloset-tribales-300x300.jpg 300w, https:\/\/thecloset.co\/blog\/wp-content\/uploads\/2017\/08\/rayas-thecloset-tribales-100x100.jpg 100w, https:\/\/thecloset.co\/blog\/wp-content\/uploads\/2017\/08\/rayas-thecloset-tribales-600x600.jpg 600w, https:\/\/thecloset.co\/blog\/wp-content\/uploads\/2017\/08\/rayas-thecloset-tribales-150x150.jpg 150w, https:\/\/thecloset.co\/blog\/wp-content\/uploads\/2017\/08\/rayas-thecloset-tribales-768x768.jpg 768w, https:\/\/thecloset.co\/blog\/wp-content\/uploads\/2017\/08\/rayas-thecloset-tribales.jpg 1000w\" sizes=\"(max-width: 270px) 100vw, 270px\" \/><\/a> <a href=\"http:\/\/thecloset.co\/blog\/wp-content\/uploads\/2017\/08\/rayas-thecloset-buso1.jpg\" data-rel=\"lightbox-image-2\" data-rl_title=\"\" data-rl_caption=\"\" title=\"\"><img loading=\"lazy\" decoding=\"async\" class=\"alignnone wp-image-1908\" src=\"http:\/\/thecloset.co\/blog\/wp-content\/uploads\/2017\/08\/rayas-thecloset-buso1-300x300.jpg\" alt=\"rayas-thecloset-buso1\" width=\"270\" height=\"270\" srcset=\"https:\/\/thecloset.co\/blog\/wp-content\/uploads\/2017\/08\/rayas-thecloset-buso1-300x300.jpg 300w, https:\/\/thecloset.co\/blog\/wp-content\/uploads\/2017\/08\/rayas-thecloset-buso1-100x100.jpg 100w, https:\/\/thecloset.co\/blog\/wp-content\/uploads\/2017\/08\/rayas-thecloset-buso1-600x600.jpg 600w, https:\/\/thecloset.co\/blog\/wp-content\/uploads\/2017\/08\/rayas-thecloset-buso1-150x150.jpg 150w, https:\/\/thecloset.co\/blog\/wp-content\/uploads\/2017\/08\/rayas-thecloset-buso1-768x768.jpg 768w, https:\/\/thecloset.co\/blog\/wp-content\/uploads\/2017\/08\/rayas-thecloset-buso1.jpg 1000w\" sizes=\"(max-width: 270px) 100vw, 270px\" \/><\/a><\/p>\n<p>Y para usar sin errores, basta elegir una combinaci\u00f3n que siga el contraste de las rayas o la misma armon\u00eda. Si est\u00e1 inseguro de lo que queda bien, es aconsejable utilizarlas con piezas que sean lisas y deje que sus rayas sean el componente principal.<\/p>\n<p><a href=\"http:\/\/thecloset.co\/blog\/wp-content\/uploads\/2017\/08\/rayas-thecloset-rojo.jpg\" data-rel=\"lightbox-image-3\" data-rl_title=\"\" data-rl_caption=\"\" title=\"\"><img loading=\"lazy\" decoding=\"async\" class=\"alignnone size-medium wp-image-1911\" src=\"http:\/\/thecloset.co\/blog\/wp-content\/uploads\/2017\/08\/rayas-thecloset-rojo-161x300.jpg\" alt=\"rayas-thecloset-rojo\" width=\"161\" height=\"300\" srcset=\"https:\/\/thecloset.co\/blog\/wp-content\/uploads\/2017\/08\/rayas-thecloset-rojo-161x300.jpg 161w, https:\/\/thecloset.co\/blog\/wp-content\/uploads\/2017\/08\/rayas-thecloset-rojo.jpg 240w\" sizes=\"(max-width: 161px) 100vw, 161px\" \/><\/a> <a href=\"http:\/\/thecloset.co\/blog\/wp-content\/uploads\/2017\/08\/rayas-thecloset-blancoynegro.jpg\" data-rel=\"lightbox-image-4\" data-rl_title=\"\" data-rl_caption=\"\" title=\"\"><img loading=\"lazy\" decoding=\"async\" class=\"alignnone size-medium wp-image-1907\" src=\"http:\/\/thecloset.co\/blog\/wp-content\/uploads\/2017\/08\/rayas-thecloset-blancoynegro-300x300.jpg\" alt=\"rayas-thecloset-blancoynegro\" width=\"300\" height=\"300\" srcset=\"https:\/\/thecloset.co\/blog\/wp-content\/uploads\/2017\/08\/rayas-thecloset-blancoynegro-300x300.jpg 300w, https:\/\/thecloset.co\/blog\/wp-content\/uploads\/2017\/08\/rayas-thecloset-blancoynegro-100x100.jpg 100w, https:\/\/thecloset.co\/blog\/wp-content\/uploads\/2017\/08\/rayas-thecloset-blancoynegro-600x600.jpg 600w, https:\/\/thecloset.co\/blog\/wp-content\/uploads\/2017\/08\/rayas-thecloset-blancoynegro-150x150.jpg 150w, https:\/\/thecloset.co\/blog\/wp-content\/uploads\/2017\/08\/rayas-thecloset-blancoynegro-768x768.jpg 768w, https:\/\/thecloset.co\/blog\/wp-content\/uploads\/2017\/08\/rayas-thecloset-blancoynegro.jpg 1000w\" sizes=\"(max-width: 300px) 100vw, 300px\" \/><\/a> <a href=\"http:\/\/thecloset.co\/blog\/wp-content\/uploads\/2017\/08\/rayas-thecloset-caramelo.jpg\" data-rel=\"lightbox-image-5\" data-rl_title=\"\" data-rl_caption=\"\" title=\"\"><img loading=\"lazy\" decoding=\"async\" class=\"alignnone size-medium wp-image-1910\" src=\"http:\/\/thecloset.co\/blog\/wp-content\/uploads\/2017\/08\/rayas-thecloset-caramelo-145x300.jpg\" alt=\"rayas-thecloset-caramelo\" width=\"145\" height=\"300\" srcset=\"https:\/\/thecloset.co\/blog\/wp-content\/uploads\/2017\/08\/rayas-thecloset-caramelo-145x300.jpg 145w, https:\/\/thecloset.co\/blog\/wp-content\/uploads\/2017\/08\/rayas-thecloset-caramelo.jpg 272w\" sizes=\"(max-width: 145px) 100vw, 145px\" \/><\/a><\/p>\n<p>El rojo es un color que resalta bien el valor de las rayas. Contrasta bien, se vuelve bonito, estiloso y da m\u00e1s vida al look. Los jeans -el negro y el azul marino-, tambi\u00e9n son aliados perfectos. El color caramelo tambi\u00e9n funciona en algunas ocasiones.<\/p>\n<p>Sigue nuestro blog para que no te pierdas las pr\u00f3ximas sugerencias y ver lo nuevo que hay en el cl\u00f3set!<\/p>\n<p>Visita nuestra boutique\u00a0<a href=\"http:\/\/thecloset.co\/mujer\">TheCloset.Co<\/a>\u00a0 Calle 80 # 13 &#8211; 09 en Bogot\u00e1-Colombia (detr\u00e1s del CC Atlantis Plaza) #Dise\u00f1oIndependiente #HechoEnColombia #MadeInColombia #CompraColombiano<\/p>\n<p><strong>\u00danete a nuestra red!<\/strong><\/p>\n<p>Si estas interesado en hacer parte de la #RedDeDise\u00f1adores escr\u00edbenos al correo\u00a0<a href=\"mailto:contacto@thecloset.co\">contacto@thecloset.co<\/a>\u00a0con informaci\u00f3n de tu marca y fotos de los productos.<\/p>\n<p>S\u00edguenos en nuestras redes: <a href=\"https:\/\/www.facebook.com\/thecloset.co.diseno\/?fref=ts\">Facebook<\/a>,\u00a0<a href=\"https:\/\/www.instagram.com\/theclosetco\/\">Instagram<\/a><\/p>\n","protected":false},"excerpt":{"rendered":"<p>\u00a1De lo b\u00e1sico a lo genial! Las rayas quedan bien en cualquier ocasi\u00f3n y se reinventan en cada temporada. Aparecen en diversos formatos, tama\u00f1os y direcciones, y nunca pasan de moda. La prenda casi obligatoria en los armarios, ha sido muy utilizada por los hombres y es una alternativa diferente a los cuadros. Da un&#8230;<\/p>\n","protected":false},"author":4,"featured_media":0,"comment_status":"open","ping_status":"open","sticky":false,"template":"","format":"standard","meta":{"footnotes":""},"categories":[14,1,4],"tags":[],"_links":{"self":[{"href":"https:\/\/thecloset.co\/blog\/wp-json\/wp\/v2\/posts\/1891"}],"collection":[{"href":"https:\/\/thecloset.co\/blog\/wp-json\/wp\/v2\/posts"}],"about":[{"href":"https:\/\/thecloset.co\/blog\/wp-json\/wp\/v2\/types\/post"}],"author":[{"embeddable":true,"href":"https:\/\/thecloset.co\/blog\/wp-json\/wp\/v2\/users\/4"}],"replies":[{"embeddable":true,"href":"https:\/\/thecloset.co\/blog\/wp-json\/wp\/v2\/comments?post=1891"}],"version-history":[{"count":4,"href":"https:\/\/thecloset.co\/blog\/wp-json\/wp\/v2\/posts\/1891\/revisions"}],"predecessor-version":[{"id":2247,"href":"https:\/\/thecloset.co\/blog\/wp-json\/wp\/v2\/posts\/1891\/revisions\/2247"}],"wp:attachment":[{"href":"https:\/\/thecloset.co\/blog\/wp-json\/wp\/v2\/media?parent=1891"}],"wp:term":[{"taxonomy":"category","embeddable":true,"href":"https:\/\/thecloset.co\/blog\/wp-json\/wp\/v2\/categories?post=1891"},{"taxonomy":"post_tag","embeddable":true,"href":"https:\/\/thecloset.co\/blog\/wp-json\/wp\/v2\/tags?post=1891"}],"curies":[{"name":"wp","href":"https:\/\/api.w.org\/{rel}","templated":true}]}}