{"id":2084,"date":"2017-08-31T15:59:36","date_gmt":"2017-08-31T15:59:36","guid":{"rendered":"http:\/\/thecloset.co\/blog\/?p=2084"},"modified":"2019-01-24T23:25:21","modified_gmt":"2019-01-24T23:25:21","slug":"sinu-colores-y-tejidos-del-caribe-colombiano","status":"publish","type":"post","link":"https:\/\/thecloset.co\/blog\/sinu-colores-y-tejidos-del-caribe-colombiano\/","title":{"rendered":"S\u00ednu: colores y tejidos del caribe colombiano"},"content":{"rendered":"<p>La marca Sin\u00fa de Norma Arroyo, rinde homenaje a una cultura colorida y m\u00e1gica: el caribe colombiano. Bolsos, billeteras y cosmetiqueras hacen parte del portafolio de esta sincelejana, que desea exaltar la regi\u00f3n donde naci\u00f3.<\/p>\n<p>Hablamos con la dise\u00f1adora de esta marca y nos cont\u00f3 sobre su pasi\u00f3n por el dise\u00f1o, sus proyectos, pasatiempos y lo que guarda en su cl\u00f3set.<\/p>\n<p><!--moreLEER M\u00c1S--><\/p>\n<ol>\n<li>\n<h3>\u00bfQui\u00e9n es Norma Arroyo?<\/h3>\n<\/li>\n<\/ol>\n<p>Es una emprendedora nacida en Sincelejo, pero adoptada por Bogot\u00e1 hace 3 a\u00f1os. \u00a0Una persona persistente, que se pone grandes metas y busca sacarle el mayor provecho al cambio.<\/p>\n<ol start=\"2\">\n<li>\n<h3>\u00bfQu\u00e9 le ofrece Sin\u00fa al mercado colombiano?<\/h3>\n<p><a href=\"http:\/\/thecloset.co\/blog\/wp-content\/uploads\/2017\/08\/billetera-sin\u00fa_theClosetco-diseno-independiente.jpg\" data-rel=\"lightbox-image-0\" data-rl_title=\"\" data-rl_caption=\"\" title=\"\"><img loading=\"lazy\" decoding=\"async\" class=\"wp-image-2094 size-medium alignright\" src=\"http:\/\/thecloset.co\/blog\/wp-content\/uploads\/2017\/08\/billetera-sin\u00fa_theClosetco-diseno-independiente-300x300.jpg\" alt=\"billetera sin\u00fa theCloset.co dise\u00f1o independiente\" width=\"300\" height=\"300\" srcset=\"https:\/\/thecloset.co\/blog\/wp-content\/uploads\/2017\/08\/billetera-sin\u00fa_theClosetco-diseno-independiente-300x300.jpg 300w, https:\/\/thecloset.co\/blog\/wp-content\/uploads\/2017\/08\/billetera-sin\u00fa_theClosetco-diseno-independiente-100x100.jpg 100w, https:\/\/thecloset.co\/blog\/wp-content\/uploads\/2017\/08\/billetera-sin\u00fa_theClosetco-diseno-independiente-600x600.jpg 600w, https:\/\/thecloset.co\/blog\/wp-content\/uploads\/2017\/08\/billetera-sin\u00fa_theClosetco-diseno-independiente-150x150.jpg 150w, https:\/\/thecloset.co\/blog\/wp-content\/uploads\/2017\/08\/billetera-sin\u00fa_theClosetco-diseno-independiente-768x768.jpg 768w, https:\/\/thecloset.co\/blog\/wp-content\/uploads\/2017\/08\/billetera-sin\u00fa_theClosetco-diseno-independiente.jpg 1000w\" sizes=\"(max-width: 300px) 100vw, 300px\" \/><\/a><\/li>\n<\/ol>\n<p>Nuestra marca ofrece una forma de conocer y contagiarse con la cultura sabanera del caribe Colombiano, a trav\u00e9s de bolsos y accesorios pr\u00e1cticos y vers\u00e1tiles, con una mezcla \u00fanica entre la artesan\u00eda tradicional y el dise\u00f1o contempor\u00e1neo.<\/p>\n<ol start=\"3\">\n<li>\n<h3>\u00bfC\u00f3mo naci\u00f3 este inter\u00e9s por el dise\u00f1o?<\/h3>\n<\/li>\n<\/ol>\n<p>Nac\u00ed en Sincelejo y crec\u00ed rodeada de una cultura alegre, colorida, mestiza y fraterna. Luego viv\u00ed fuera de Colombia por varios a\u00f1os, pero siempre tuve el deseo de regresar a mi pa\u00eds y poder devolver a mi regi\u00f3n algo de todo eso que me hab\u00eda dado mientras viv\u00ed all\u00ed.<\/p>\n<p>Al regresar, me di cuenta de que una de las formas en que se expresa esa cultura de la que me hab\u00eda rodeado en Sincelejo, son los trabajos artesanales que hay en la regi\u00f3n. Fue as\u00ed que pens\u00e9 en una forma de exaltar esa artesan\u00eda, llev\u00e1ndola a hacer parte de los complementos de moda que usamos en nuestra cotidianidad.<\/p>\n<p>As\u00ed fue que naci\u00f3 este proyecto, con el fin de transmitir con dise\u00f1o, la cultura de la regi\u00f3n sabanera del caribe colombiano.<\/p>\n<ol start=\"4\">\n<li>\n<h3>\u00bfQu\u00e9 proyectos tienes puestos en la pizarra?<\/h3>\n<\/li>\n<\/ol>\n<p>Hemos venido trabajando en nuevos dise\u00f1os que estaremos lanzando el pr\u00f3ximo a\u00f1o y que estamos seguros que les van a gustar mucho. Adem\u00e1s queremos incorporar nuevos artesanos con los cuales desarrollaremos otras l\u00edneas de producto.<\/p>\n<p>Por otro lado, seguimos trabajando en fortalecer la marca y crear m\u00e1s espacios para estar en cerca de nuestros clientes, a trav\u00e9s de nuevos puntos de venta y una p\u00e1gina web en la que los mantendremos al tanto de nuestras novedades.<\/p>\n<p><a href=\"http:\/\/thecloset.co\/blog\/wp-content\/uploads\/2017\/08\/billeteras-sin\u00fa_theClosetco-diseno-independiente.jpg\" data-rel=\"lightbox-image-1\" data-rl_title=\"\" data-rl_caption=\"\" title=\"\"><img loading=\"lazy\" decoding=\"async\" class=\"size-medium wp-image-2096 alignleft\" src=\"http:\/\/thecloset.co\/blog\/wp-content\/uploads\/2017\/08\/billeteras-sin\u00fa_theClosetco-diseno-independiente-300x300.jpg\" alt=\"billeteras sin\u00fa theCloset.co dise\u00f1o independiente\" width=\"300\" height=\"300\" srcset=\"https:\/\/thecloset.co\/blog\/wp-content\/uploads\/2017\/08\/billeteras-sin\u00fa_theClosetco-diseno-independiente-300x300.jpg 300w, https:\/\/thecloset.co\/blog\/wp-content\/uploads\/2017\/08\/billeteras-sin\u00fa_theClosetco-diseno-independiente-100x100.jpg 100w, https:\/\/thecloset.co\/blog\/wp-content\/uploads\/2017\/08\/billeteras-sin\u00fa_theClosetco-diseno-independiente-600x600.jpg 600w, https:\/\/thecloset.co\/blog\/wp-content\/uploads\/2017\/08\/billeteras-sin\u00fa_theClosetco-diseno-independiente-150x150.jpg 150w, https:\/\/thecloset.co\/blog\/wp-content\/uploads\/2017\/08\/billeteras-sin\u00fa_theClosetco-diseno-independiente-768x768.jpg 768w, https:\/\/thecloset.co\/blog\/wp-content\/uploads\/2017\/08\/billeteras-sin\u00fa_theClosetco-diseno-independiente.jpg 1000w\" sizes=\"(max-width: 300px) 100vw, 300px\" \/><\/a><\/p>\n<ol style=\"text-align: left;\" start=\"5\">\n<li>\n<h3>\u00bfCu\u00e1l es tu pasatiempo favorito?<\/h3>\n<\/li>\n<\/ol>\n<p style=\"text-align: left;\">Aprovecho el tiempo libre para hacer lo que normalmente no puedo hacer cuando estoy en los quehaceres del d\u00eda a d\u00eda. Puede ser desde leer un art\u00edculo que me haya interesado en alg\u00fan peri\u00f3dico o revista, reunirme con amigos o intentar una nueva receta en casa.<\/p>\n<ol start=\"6\">\n<li>\n<h3>\u00bfCu\u00e1l persona o personaje te inspira? y por qu\u00e9?<\/h3>\n<\/li>\n<\/ol>\n<p>Me inspiran mis padres, porque en ellos veo un gran ejemplo de c\u00f3mo trabajando duro, siendo perseverante, levant\u00e1ndose de los fracasos y manteniendo la fe, se puede alcanzar muchas cosas lindas.<\/p>\n<ol start=\"7\">\n<li>\n<h3>\u00bfC\u00f3mo quieres ser recordada?<\/h3>\n<\/li>\n<\/ol>\n<p>Me gustar\u00eda que me recuerden como una persona alegre, espont\u00e1nea y aut\u00e9ntica. Alguien que se crea las oportunidades y que se abre caminos para llegar hasta donde apunta.<\/p>\n<ol start=\"8\">\n<li>\n<h3>\u00bfQu\u00e9 guardas en tu\u00a0<a href=\"http:\/\/thecloset.co\/\">Cl\u00f3set<\/a>?<\/h3>\n<\/li>\n<\/ol>\n<p>Procuro tener ropa que sea vers\u00e1til y que me saque de apuros en cualquier ocasi\u00f3n. Me gustan las prendas de colores neutros, para poder hacer combinaciones entre ellas y ponerles diferentes accesorios.<\/p>\n<ol start=\"9\">\n<li>\n<h3>\u00bfPor qu\u00e9 es importante estar en\u00a0<a href=\"http:\/\/thecloset.co\/\">THECLOSET.CO<\/a>?<\/h3>\n<\/li>\n<\/ol>\n<p><a href=\"http:\/\/www.thecloset.co\/\">TheCloset.Co<\/a> es un espacio que apoya e incentiva a los dise\u00f1adores colombianos a innovar y estar siempre explorando en las nuevas tendencias del mercado la forma de darle un valor agregado a sus dise\u00f1os. Por eso se convierte no solo en una plataforma comercial, sino tambi\u00e9n en una red de negocios.<\/p>\n<p><a href=\"http:\/\/thecloset.co\/blog\/wp-content\/uploads\/2017\/08\/sin\u00fa-artesanias-contemporaneas_theClosetco-diseno-independiente.jpg\" data-rel=\"lightbox-image-2\" data-rl_title=\"\" data-rl_caption=\"\" title=\"\"><img loading=\"lazy\" decoding=\"async\" class=\"wp-image-2095 alignright\" src=\"http:\/\/thecloset.co\/blog\/wp-content\/uploads\/2017\/08\/sin\u00fa-artesanias-contemporaneas_theClosetco-diseno-independiente.jpg\" alt=\"sin\u00fa artesanias contemporaneas theCloset.co dise\u00f1o independiente\" width=\"400\" height=\"400\" srcset=\"https:\/\/thecloset.co\/blog\/wp-content\/uploads\/2017\/08\/sin\u00fa-artesanias-contemporaneas_theClosetco-diseno-independiente.jpg 1000w, https:\/\/thecloset.co\/blog\/wp-content\/uploads\/2017\/08\/sin\u00fa-artesanias-contemporaneas_theClosetco-diseno-independiente-300x300.jpg 300w, https:\/\/thecloset.co\/blog\/wp-content\/uploads\/2017\/08\/sin\u00fa-artesanias-contemporaneas_theClosetco-diseno-independiente-100x100.jpg 100w, https:\/\/thecloset.co\/blog\/wp-content\/uploads\/2017\/08\/sin\u00fa-artesanias-contemporaneas_theClosetco-diseno-independiente-600x600.jpg 600w, https:\/\/thecloset.co\/blog\/wp-content\/uploads\/2017\/08\/sin\u00fa-artesanias-contemporaneas_theClosetco-diseno-independiente-150x150.jpg 150w, https:\/\/thecloset.co\/blog\/wp-content\/uploads\/2017\/08\/sin\u00fa-artesanias-contemporaneas_theClosetco-diseno-independiente-768x768.jpg 768w\" sizes=\"(max-width: 400px) 100vw, 400px\" \/><\/a><\/p>\n<p>&nbsp;<\/p>\n<p>&#8212;<\/p>\n<p>#Dise\u00f1oIndependiente #HechoEnColombia #MadeInColombia #CompraColombiano<\/p>\n<p><strong>\u00danete a nuestra red!<\/strong><\/p>\n<p>Si estas interesado en hacer parte de la #RedDeDise\u00f1adores escr\u00edbenos al correo\u00a0<a href=\"mailto:contacto@thecloset.co\" target=\"_blank\" rel=\"noopener\">contacto@thecloset.co<\/a>\u00a0<wbr \/>con informaci\u00f3n de tu marca y fotos de los productos.<\/p>\n<p>S\u00edguenos en nuestras redes:\u00a0<a href=\"https:\/\/www.facebook.com\/thecloset.co.diseno\/?fref=ts\" target=\"_blank\" rel=\"noopener\" data-saferedirecturl=\"https:\/\/www.google.com\/url?hl=es&amp;q=https:\/\/www.facebook.com\/thecloset.co.diseno\/?fref%3Dts&amp;source=gmail&amp;ust=1504064181125000&amp;usg=AFQjCNG9I8tj48L83Yhqrmra0wovbqa2sg\">Facebook<\/a>,\u00a0<a href=\"https:\/\/www.instagram.com\/theclosetco\/\" target=\"_blank\" rel=\"noopener\" data-saferedirecturl=\"https:\/\/www.google.com\/url?hl=es&amp;q=https:\/\/www.instagram.com\/theclosetco\/&amp;source=gmail&amp;ust=1504064181125000&amp;usg=AFQjCNGfe0x6vQosYHm1teOets3cIAXcbw\">Instagram<\/a><\/p>\n","protected":false},"excerpt":{"rendered":"<p>La marca Sin\u00fa de Norma Arroyo, rinde homenaje a una cultura colorida y m\u00e1gica: el caribe colombiano. Bolsos, billeteras y cosmetiqueras hacen parte del portafolio de esta sincelejana, que desea exaltar la regi\u00f3n donde naci\u00f3. Hablamos con la dise\u00f1adora de esta marca y nos cont\u00f3 sobre su pasi\u00f3n por el dise\u00f1o, sus proyectos, pasatiempos y&#8230;<\/p>\n","protected":false},"author":1,"featured_media":2091,"comment_status":"open","ping_status":"open","sticky":false,"template":"","format":"standard","meta":{"footnotes":""},"categories":[1],"tags":[],"_links":{"self":[{"href":"https:\/\/thecloset.co\/blog\/wp-json\/wp\/v2\/posts\/2084"}],"collection":[{"href":"https:\/\/thecloset.co\/blog\/wp-json\/wp\/v2\/posts"}],"about":[{"href":"https:\/\/thecloset.co\/blog\/wp-json\/wp\/v2\/types\/post"}],"author":[{"embeddable":true,"href":"https:\/\/thecloset.co\/blog\/wp-json\/wp\/v2\/users\/1"}],"replies":[{"embeddable":true,"href":"https:\/\/thecloset.co\/blog\/wp-json\/wp\/v2\/comments?post=2084"}],"version-history":[{"count":15,"href":"https:\/\/thecloset.co\/blog\/wp-json\/wp\/v2\/posts\/2084\/revisions"}],"predecessor-version":[{"id":2570,"href":"https:\/\/thecloset.co\/blog\/wp-json\/wp\/v2\/posts\/2084\/revisions\/2570"}],"wp:featuredmedia":[{"embeddable":true,"href":"https:\/\/thecloset.co\/blog\/wp-json\/wp\/v2\/media\/2091"}],"wp:attachment":[{"href":"https:\/\/thecloset.co\/blog\/wp-json\/wp\/v2\/media?parent=2084"}],"wp:term":[{"taxonomy":"category","embeddable":true,"href":"https:\/\/thecloset.co\/blog\/wp-json\/wp\/v2\/categories?post=2084"},{"taxonomy":"post_tag","embeddable":true,"href":"https:\/\/thecloset.co\/blog\/wp-json\/wp\/v2\/tags?post=2084"}],"curies":[{"name":"wp","href":"https:\/\/api.w.org\/{rel}","templated":true}]}}