{"id":2141,"date":"2017-09-14T16:29:14","date_gmt":"2017-09-14T16:29:14","guid":{"rendered":"http:\/\/thecloset.co\/blog\/?p=2141"},"modified":"2017-09-14T17:29:13","modified_gmt":"2017-09-14T17:29:13","slug":"rotten-muztard-moda-consciente-divertida","status":"publish","type":"post","link":"https:\/\/thecloset.co\/blog\/rotten-muztard-moda-consciente-divertida\/","title":{"rendered":"Rotten Muztard: Moda consciente y divertida"},"content":{"rendered":"<p>Conoce a Katherine Fl\u00f3res, la dise\u00f1adora de Rotten Muztard, una marca que se preocupa por la sustentabilidad del medio ambiente. Sus prendas coloridas y divertidas buscan generar emociones en las personas.<\/p>\n<p><!--moreLEER M\u00c1S--><\/p>\n<p>&nbsp;<\/p>\n<ol>\n<li>\n<h4><strong>Qu\u00e9 es Rotten Muztard?\u00a0<a href=\"http:\/\/thecloset.co\/blog\/wp-content\/uploads\/2017\/09\/vestido-negro-ALTERNATIVE-choker-negro-LOLA-DESIGNS-3_theClosetco-diseno-independiente.jpg\" data-rel=\"lightbox-image-0\" data-rl_title=\"\" data-rl_caption=\"\" title=\"\"><img loading=\"lazy\" decoding=\"async\" class=\"size-medium wp-image-2155 alignright\" src=\"http:\/\/thecloset.co\/blog\/wp-content\/uploads\/2017\/09\/vestido-negro-ALTERNATIVE-choker-negro-LOLA-DESIGNS-3_theClosetco-diseno-independiente-300x300.jpg\" alt=\"\" width=\"300\" height=\"300\" srcset=\"https:\/\/thecloset.co\/blog\/wp-content\/uploads\/2017\/09\/vestido-negro-ALTERNATIVE-choker-negro-LOLA-DESIGNS-3_theClosetco-diseno-independiente-300x300.jpg 300w, https:\/\/thecloset.co\/blog\/wp-content\/uploads\/2017\/09\/vestido-negro-ALTERNATIVE-choker-negro-LOLA-DESIGNS-3_theClosetco-diseno-independiente-100x100.jpg 100w, https:\/\/thecloset.co\/blog\/wp-content\/uploads\/2017\/09\/vestido-negro-ALTERNATIVE-choker-negro-LOLA-DESIGNS-3_theClosetco-diseno-independiente-600x600.jpg 600w, https:\/\/thecloset.co\/blog\/wp-content\/uploads\/2017\/09\/vestido-negro-ALTERNATIVE-choker-negro-LOLA-DESIGNS-3_theClosetco-diseno-independiente-150x150.jpg 150w, https:\/\/thecloset.co\/blog\/wp-content\/uploads\/2017\/09\/vestido-negro-ALTERNATIVE-choker-negro-LOLA-DESIGNS-3_theClosetco-diseno-independiente-768x768.jpg 768w, https:\/\/thecloset.co\/blog\/wp-content\/uploads\/2017\/09\/vestido-negro-ALTERNATIVE-choker-negro-LOLA-DESIGNS-3_theClosetco-diseno-independiente-360x360.jpg 360w, https:\/\/thecloset.co\/blog\/wp-content\/uploads\/2017\/09\/vestido-negro-ALTERNATIVE-choker-negro-LOLA-DESIGNS-3_theClosetco-diseno-independiente.jpg 1000w\" sizes=\"(max-width: 300px) 100vw, 300px\" \/><\/a><\/strong><\/h4>\n<\/li>\n<\/ol>\n<p><a href=\"http:\/\/www.thecloset.co\/disenador\/Rotten%20Muztard\/\">Rotten Muztard<\/a>, es una marca de prendas de vestir, que naci\u00f3 en el a\u00f1o 2011, con\u00a0propuesta dirigida a personas que se comunican a trav\u00e9s del vestuario, se divierten y buscan prendas \u00fanicas e irrepetibles<\/p>\n<ol start=\"2\">\n<li>\n<h4><strong>Qu\u00e9 le ofrece al mercado colombiano?<\/strong><\/h4>\n<\/li>\n<\/ol>\n<p>Primordialmente color en las prendas de vestir y tambi\u00e9n tenemos una filosof\u00eda de conciencia ambiental, as\u00ed que la materia textil se aprovecha al m\u00e1ximo. Con el sobrante, realizamos los empaques y tambi\u00e9n hacemos upcycling, creando mu\u00f1ecos del retal sobrante, tulas y otros productos que evitan en un 70% el desperdicio en nuestro taller.<a href=\"http:\/\/www.thecloset.co\/tienda\/mujer\/saco-estampado-flores\/\"><img loading=\"lazy\" decoding=\"async\" class=\"alignleft wp-image-2144 size-medium\" src=\"http:\/\/thecloset.co\/blog\/wp-content\/uploads\/2017\/09\/rotten2-241x300.png\" alt=\"\" width=\"241\" height=\"300\" srcset=\"https:\/\/thecloset.co\/blog\/wp-content\/uploads\/2017\/09\/rotten2-241x300.png 241w, https:\/\/thecloset.co\/blog\/wp-content\/uploads\/2017\/09\/rotten2.png 430w\" sizes=\"(max-width: 241px) 100vw, 241px\" \/><\/a><\/p>\n<ol start=\"3\">\n<li>\n<h4><strong>C\u00f3mo naci\u00f3 tu inter\u00e9s por el dise\u00f1o?<\/strong><\/h4>\n<\/li>\n<\/ol>\n<p>Desde muy peque\u00f1a me gusto dibujar y pintar, siempre cre\u00ed que ser\u00eda artista de todos modos. \u00a0Me incline siempre por ser creativa, despu\u00e9s del colegio tuve las mismas dudas que todo el mundo, quer\u00eda ser artista pero tambi\u00e9n hab\u00eda descubierto las prendas de vestir como una forma de expresarme, ser individual y crear sensaciones en las personas. Desde ese momento me enamore del dise\u00f1o y no he parado, siempre lo he unido con mi pasi\u00f3n por dibujar y han resultado miles de experiencias incre\u00edbles.<\/p>\n<p>&nbsp;<\/p>\n<p>&nbsp;<\/p>\n<ol start=\"4\">\n<li>\n<h4><strong>Qu\u00e9 proyectos tienes en mente?<\/strong><\/h4>\n<\/li>\n<\/ol>\n<p>Reci\u00e9n estamos por cumplir un sue\u00f1o y es llevar nuestros productos fuera del pa\u00eds. \u00a0En el mes de septiembre, estaremos en un festival en Guayaquil \u2013 Ecuador, y eso me pone muy contenta con respecto al futuro. \u00a0A pesar de lo que pueda pronosticar el panorama del pa\u00eds con el sector, creo que con convicci\u00f3n y con innovaci\u00f3n podemos crear una industria con mejores condiciones para todos. Siempre trabajar\u00e9 para que el sector de moda cree mejores condiciones y respete\u00a0 a todos los seres vivientes, es algo en lo que tenemos que trabajar duro.<\/p>\n<p><a href=\"http:\/\/thecloset.co\/blog\/wp-content\/uploads\/2017\/09\/los-mejores-regalos-gafas-ROTTEN-MUZTAND_theClosetco-diseno-independiente.jpg\" data-rel=\"lightbox-image-1\" data-rl_title=\"\" data-rl_caption=\"\" title=\"\"><img loading=\"lazy\" decoding=\"async\" class=\"size-medium wp-image-2146 alignright\" src=\"http:\/\/thecloset.co\/blog\/wp-content\/uploads\/2017\/09\/los-mejores-regalos-gafas-ROTTEN-MUZTAND_theClosetco-diseno-independiente-300x300.jpg\" alt=\"\" width=\"300\" height=\"300\" srcset=\"https:\/\/thecloset.co\/blog\/wp-content\/uploads\/2017\/09\/los-mejores-regalos-gafas-ROTTEN-MUZTAND_theClosetco-diseno-independiente-300x300.jpg 300w, https:\/\/thecloset.co\/blog\/wp-content\/uploads\/2017\/09\/los-mejores-regalos-gafas-ROTTEN-MUZTAND_theClosetco-diseno-independiente-100x100.jpg 100w, https:\/\/thecloset.co\/blog\/wp-content\/uploads\/2017\/09\/los-mejores-regalos-gafas-ROTTEN-MUZTAND_theClosetco-diseno-independiente-600x600.jpg 600w, https:\/\/thecloset.co\/blog\/wp-content\/uploads\/2017\/09\/los-mejores-regalos-gafas-ROTTEN-MUZTAND_theClosetco-diseno-independiente-150x150.jpg 150w, https:\/\/thecloset.co\/blog\/wp-content\/uploads\/2017\/09\/los-mejores-regalos-gafas-ROTTEN-MUZTAND_theClosetco-diseno-independiente-768x768.jpg 768w, https:\/\/thecloset.co\/blog\/wp-content\/uploads\/2017\/09\/los-mejores-regalos-gafas-ROTTEN-MUZTAND_theClosetco-diseno-independiente-360x360.jpg 360w, https:\/\/thecloset.co\/blog\/wp-content\/uploads\/2017\/09\/los-mejores-regalos-gafas-ROTTEN-MUZTAND_theClosetco-diseno-independiente.jpg 1000w\" sizes=\"(max-width: 300px) 100vw, 300px\" \/><\/a><\/p>\n<ol start=\"5\">\n<li>\n<h4><strong>Cu\u00e1l es tu pasatiempo favorito?<\/strong><\/h4>\n<\/li>\n<\/ol>\n<p>Montar bicicleta y hacer picnic con cerveza.<\/p>\n<ol start=\"6\">\n<li>\n<h4><strong>Qui\u00e9n te inspira?<\/strong><\/h4>\n<\/li>\n<\/ol>\n<p>Ahora mismo, ELSA SCHIAPARELLI es una dise\u00f1adora que en su momento colabor\u00f3 con artistas surrealistas, tiene una influencia muy gr\u00e1fica en sus prendas y logran cosas incre\u00edbles, con mucha vida y color.<\/p>\n<ol start=\"7\">\n<li>\n<h4><strong>C\u00f3mo quieres ser recordada?<\/strong><\/h4>\n<\/li>\n<\/ol>\n<p>Siempre querr\u00e9 que me recuerden como la semilla, como alguien que abre caminos y ama sin esperar nada a cambio.\u00a0<a href=\"http:\/\/thecloset.co\/blog\/wp-content\/uploads\/2017\/09\/top-y-falda-escoces-ROTTEN-MUZTAND-2_theClosetco-diseno-independiente.jpg\" data-rel=\"lightbox-image-2\" data-rl_title=\"\" data-rl_caption=\"\" title=\"\"><img loading=\"lazy\" decoding=\"async\" class=\"size-medium wp-image-2147 alignright\" src=\"http:\/\/thecloset.co\/blog\/wp-content\/uploads\/2017\/09\/top-y-falda-escoces-ROTTEN-MUZTAND-2_theClosetco-diseno-independiente-300x300.jpg\" alt=\"\" width=\"300\" height=\"300\" srcset=\"https:\/\/thecloset.co\/blog\/wp-content\/uploads\/2017\/09\/top-y-falda-escoces-ROTTEN-MUZTAND-2_theClosetco-diseno-independiente-300x300.jpg 300w, https:\/\/thecloset.co\/blog\/wp-content\/uploads\/2017\/09\/top-y-falda-escoces-ROTTEN-MUZTAND-2_theClosetco-diseno-independiente-100x100.jpg 100w, https:\/\/thecloset.co\/blog\/wp-content\/uploads\/2017\/09\/top-y-falda-escoces-ROTTEN-MUZTAND-2_theClosetco-diseno-independiente-600x600.jpg 600w, https:\/\/thecloset.co\/blog\/wp-content\/uploads\/2017\/09\/top-y-falda-escoces-ROTTEN-MUZTAND-2_theClosetco-diseno-independiente-150x150.jpg 150w, https:\/\/thecloset.co\/blog\/wp-content\/uploads\/2017\/09\/top-y-falda-escoces-ROTTEN-MUZTAND-2_theClosetco-diseno-independiente-768x768.jpg 768w, https:\/\/thecloset.co\/blog\/wp-content\/uploads\/2017\/09\/top-y-falda-escoces-ROTTEN-MUZTAND-2_theClosetco-diseno-independiente-360x360.jpg 360w, https:\/\/thecloset.co\/blog\/wp-content\/uploads\/2017\/09\/top-y-falda-escoces-ROTTEN-MUZTAND-2_theClosetco-diseno-independiente.jpg 1000w\" sizes=\"(max-width: 300px) 100vw, 300px\" \/><\/a><\/p>\n<ol start=\"8\">\n<li>\n<h4><strong>Qu\u00e9 guardas en tu <a href=\"http:\/\/www.thecloset.co\/\">cl\u00f3set<\/a>?<\/strong><\/h4>\n<\/li>\n<\/ol>\n<p>Todo lo que guardo en mi cl\u00f3set lo utilizo, adem\u00e1s de algunos zapatos que tengo para fotos o para eventos especiales. Todo lo dem\u00e1s lo uso y si no lo uso, lo regalo o lo dono, trato de que todo lo que tengo en mi armario me haga feliz y pueda crear muchos looks.<\/p>\n<p>Hay cosas que han sobrevivido en el tiempo, es porque los atesoro y no los utilizo tan seguido para que duren m\u00e1s.<\/p>\n<ol start=\"9\">\n<li>\n<h4><strong>Por qu\u00e9 es importante estar en <a href=\"http:\/\/www.thecloset.co\/\">THECLOSET.CO<\/a>?<\/strong><\/h4>\n<\/li>\n<\/ol>\n<p>Porque es una tienda que comparte mi visi\u00f3n de empresa, siento empat\u00eda por el gusto y la selecci\u00f3n de marcas, como comunican y manejan la imagen de sus espacio y lo c\u00e1lidos que son como personas. Es lo m\u00e1s importante, crear un v\u00ednculo y una red de dise\u00f1adores que realmente deja ver que la uni\u00f3n hace la fuerza. Ojal\u00e1 sigan creciendo y liderando el dise\u00f1o independiente en el pa\u00eds, por muchos a\u00f1os.<\/p>\n<p>&nbsp;<\/p>\n<p><a href=\"http:\/\/www.thecloset.co\/tienda\/mujer\/kimono-verde-rosado\/\"><img loading=\"lazy\" decoding=\"async\" class=\"alignleft wp-image-2143 size-medium\" src=\"http:\/\/thecloset.co\/blog\/wp-content\/uploads\/2017\/09\/rotten1-300x300.png\" alt=\"\" width=\"300\" height=\"300\" srcset=\"https:\/\/thecloset.co\/blog\/wp-content\/uploads\/2017\/09\/rotten1-300x300.png 300w, https:\/\/thecloset.co\/blog\/wp-content\/uploads\/2017\/09\/rotten1-100x100.png 100w, https:\/\/thecloset.co\/blog\/wp-content\/uploads\/2017\/09\/rotten1-150x150.png 150w, https:\/\/thecloset.co\/blog\/wp-content\/uploads\/2017\/09\/rotten1-360x360.png 360w, https:\/\/thecloset.co\/blog\/wp-content\/uploads\/2017\/09\/rotten1.png 536w\" sizes=\"(max-width: 300px) 100vw, 300px\" \/><\/a><\/p>\n<p>Visita nuestra boutique\u00a0<a href=\"http:\/\/thecloset.co\/mujer\" target=\"_blank\" rel=\"noopener\" data-saferedirecturl=\"https:\/\/www.google.com\/url?hl=es&amp;q=http:\/\/thecloset.co\/mujer&amp;source=gmail&amp;ust=1504064181125000&amp;usg=AFQjCNFnHMiBkA2-S0HLN8cdPpVknA5izQ\">TheCloset.Co<\/a>\u00a0 Calle 80 # 13 \u2013 09 en Bogot\u00e1-Colombia (detr\u00e1s del CC Atlantis Plaza) #Dise\u00f1oIndependiente #HechoEnColombia #MadeInColombia #CompraColombiano<\/p>\n<p><strong>\u00danete a nuestra red!<\/strong><\/p>\n<p>Si estas interesado en hacer parte de la #RedDeDise\u00f1adores escr\u00edbenos al correo\u00a0<a href=\"mailto:contacto@thecloset.co\" target=\"_blank\" rel=\"noopener\">contacto@thecloset.co<\/a>\u00a0<wbr \/>con informaci\u00f3n de tu marca y fotos de los productos.<\/p>\n<p>S\u00edguenos en nuestras redes:\u00a0<a href=\"https:\/\/www.facebook.com\/thecloset.co.diseno\/?fref=ts\" target=\"_blank\" rel=\"noopener\" data-saferedirecturl=\"https:\/\/www.google.com\/url?hl=es&amp;q=https:\/\/www.facebook.com\/thecloset.co.diseno\/?fref%3Dts&amp;source=gmail&amp;ust=1504064181125000&amp;usg=AFQjCNG9I8tj48L83Yhqrmra0wovbqa2sg\">Facebook<\/a>,\u00a0<a href=\"https:\/\/www.instagram.com\/theclosetco\/\" target=\"_blank\" rel=\"noopener\" data-saferedirecturl=\"https:\/\/www.google.com\/url?hl=es&amp;q=https:\/\/www.instagram.com\/theclosetco\/&amp;source=gmail&amp;ust=1504064181125000&amp;usg=AFQjCNGfe0x6vQosYHm1teOets3cIAXcbw\">Instagram<\/a><\/p>\n<p>&nbsp;<\/p>\n<p>&nbsp;<\/p>\n<p>&nbsp;<\/p>\n<p>&nbsp;<\/p>\n<p>&nbsp;<\/p>\n<p>&nbsp;<\/p>\n<p>&nbsp;<\/p>\n<p>&nbsp;<\/p>\n<p>&nbsp;<\/p>\n","protected":false},"excerpt":{"rendered":"<p>Conoce a Katherine Fl\u00f3res, la dise\u00f1adora de Rotten Muztard, una marca que se preocupa por la sustentabilidad del medio ambiente. Sus prendas coloridas y divertidas buscan generar emociones en las personas.<\/p>\n","protected":false},"author":4,"featured_media":2142,"comment_status":"open","ping_status":"open","sticky":false,"template":"","format":"standard","meta":{"footnotes":""},"categories":[6,1],"tags":[],"_links":{"self":[{"href":"https:\/\/thecloset.co\/blog\/wp-json\/wp\/v2\/posts\/2141"}],"collection":[{"href":"https:\/\/thecloset.co\/blog\/wp-json\/wp\/v2\/posts"}],"about":[{"href":"https:\/\/thecloset.co\/blog\/wp-json\/wp\/v2\/types\/post"}],"author":[{"embeddable":true,"href":"https:\/\/thecloset.co\/blog\/wp-json\/wp\/v2\/users\/4"}],"replies":[{"embeddable":true,"href":"https:\/\/thecloset.co\/blog\/wp-json\/wp\/v2\/comments?post=2141"}],"version-history":[{"count":8,"href":"https:\/\/thecloset.co\/blog\/wp-json\/wp\/v2\/posts\/2141\/revisions"}],"predecessor-version":[{"id":2157,"href":"https:\/\/thecloset.co\/blog\/wp-json\/wp\/v2\/posts\/2141\/revisions\/2157"}],"wp:featuredmedia":[{"embeddable":true,"href":"https:\/\/thecloset.co\/blog\/wp-json\/wp\/v2\/media\/2142"}],"wp:attachment":[{"href":"https:\/\/thecloset.co\/blog\/wp-json\/wp\/v2\/media?parent=2141"}],"wp:term":[{"taxonomy":"category","embeddable":true,"href":"https:\/\/thecloset.co\/blog\/wp-json\/wp\/v2\/categories?post=2141"},{"taxonomy":"post_tag","embeddable":true,"href":"https:\/\/thecloset.co\/blog\/wp-json\/wp\/v2\/tags?post=2141"}],"curies":[{"name":"wp","href":"https:\/\/api.w.org\/{rel}","templated":true}]}}