{"id":2295,"date":"2018-02-09T16:50:36","date_gmt":"2018-02-09T16:50:36","guid":{"rendered":"http:\/\/thecloset.co\/blog\/?p=2295"},"modified":"2018-02-09T23:44:26","modified_gmt":"2018-02-09T23:44:26","slug":"coleccion-otono-invierno-18-19-dries-van-noten","status":"publish","type":"post","link":"https:\/\/thecloset.co\/blog\/coleccion-otono-invierno-18-19-dries-van-noten\/","title":{"rendered":"Colecci\u00f3n Oto\u00f1o-Invierno 18\/19 de Dries Van Noten"},"content":{"rendered":"<p>El dise\u00f1ador belga Dries Van Noten, present\u00f3 el pasado mes de enero en Par\u00eds, su ultima colecci\u00f3n masculina Oto\u00f1o-Invierno 18\/19.<\/p>\n<p><iframe loading=\"lazy\" width=\"790\" height=\"444\" src=\"https:\/\/www.youtube.com\/embed\/v737H6sn22E?feature=oembed\" frameborder=\"0\" allow=\"autoplay; encrypted-media\" allowfullscreen><\/iframe><\/p>\n<p><!--moreLEER M\u00c1S--><\/p>\n<p>Sus prendas caracterizadas por una mezcla perfecta de texturas y colores en sus telas, estuvo influenciada por el viejo oeste americano y el punk, dando como resultado una propuesta llena de h\u00edbridos: cuadros con estampados, parcas militares con pantalones holgados, bordados vaqueros y rayas, en fin una propuesta rebelde pero coherente con su estilo.<\/p>\n<p>Dries quien se ha destacado en la industria por ser uno de los pocos dise\u00f1adores independientes a nivel internacional, nos seduce siempre con la atemporalidad de sus prendas y esa sensaci\u00f3n de que nunca pasar\u00e1n de moda.<\/p>\n<p>Estos son nuestros looks favoritos de esta colecci\u00f3n:<\/p>\n<p><img loading=\"lazy\" decoding=\"async\" class=\"alignnone size-medium wp-image-2299\" src=\"http:\/\/thecloset.co\/blog\/wp-content\/uploads\/2018\/02\/A_NOT0027-1-200x300.jpg\" alt=\"\" width=\"200\" height=\"300\" srcset=\"https:\/\/thecloset.co\/blog\/wp-content\/uploads\/2018\/02\/A_NOT0027-1-200x300.jpg 200w, https:\/\/thecloset.co\/blog\/wp-content\/uploads\/2018\/02\/A_NOT0027-1-600x900.jpg 600w, https:\/\/thecloset.co\/blog\/wp-content\/uploads\/2018\/02\/A_NOT0027-1-768x1152.jpg 768w, https:\/\/thecloset.co\/blog\/wp-content\/uploads\/2018\/02\/A_NOT0027-1-683x1024.jpg 683w, https:\/\/thecloset.co\/blog\/wp-content\/uploads\/2018\/02\/A_NOT0027-1-400x600.jpg 400w, https:\/\/thecloset.co\/blog\/wp-content\/uploads\/2018\/02\/A_NOT0027-1.jpg 1000w\" sizes=\"(max-width: 200px) 100vw, 200px\" \/>\u00a0 \u00a0<img loading=\"lazy\" decoding=\"async\" class=\"alignnone size-medium wp-image-2301\" src=\"http:\/\/thecloset.co\/blog\/wp-content\/uploads\/2018\/02\/A_NOT0049-200x300.jpg\" alt=\"\" width=\"200\" height=\"300\" srcset=\"https:\/\/thecloset.co\/blog\/wp-content\/uploads\/2018\/02\/A_NOT0049-200x300.jpg 200w, https:\/\/thecloset.co\/blog\/wp-content\/uploads\/2018\/02\/A_NOT0049-600x900.jpg 600w, https:\/\/thecloset.co\/blog\/wp-content\/uploads\/2018\/02\/A_NOT0049-768x1152.jpg 768w, https:\/\/thecloset.co\/blog\/wp-content\/uploads\/2018\/02\/A_NOT0049-683x1024.jpg 683w, https:\/\/thecloset.co\/blog\/wp-content\/uploads\/2018\/02\/A_NOT0049-400x600.jpg 400w, https:\/\/thecloset.co\/blog\/wp-content\/uploads\/2018\/02\/A_NOT0049.jpg 1000w\" sizes=\"(max-width: 200px) 100vw, 200px\" \/><\/p>\n<p><img loading=\"lazy\" decoding=\"async\" class=\"alignnone size-medium wp-image-2302\" src=\"http:\/\/thecloset.co\/blog\/wp-content\/uploads\/2018\/02\/A_NOT0149-200x300.jpg\" alt=\"\" width=\"200\" height=\"300\" srcset=\"https:\/\/thecloset.co\/blog\/wp-content\/uploads\/2018\/02\/A_NOT0149-200x300.jpg 200w, https:\/\/thecloset.co\/blog\/wp-content\/uploads\/2018\/02\/A_NOT0149-600x900.jpg 600w, https:\/\/thecloset.co\/blog\/wp-content\/uploads\/2018\/02\/A_NOT0149-768x1152.jpg 768w, https:\/\/thecloset.co\/blog\/wp-content\/uploads\/2018\/02\/A_NOT0149-683x1024.jpg 683w, https:\/\/thecloset.co\/blog\/wp-content\/uploads\/2018\/02\/A_NOT0149-400x600.jpg 400w, https:\/\/thecloset.co\/blog\/wp-content\/uploads\/2018\/02\/A_NOT0149.jpg 1000w\" sizes=\"(max-width: 200px) 100vw, 200px\" \/>\u00a0\u00a0<img loading=\"lazy\" decoding=\"async\" class=\"alignnone size-medium wp-image-2304\" src=\"http:\/\/thecloset.co\/blog\/wp-content\/uploads\/2018\/02\/A_NOT0271-200x300.jpg\" alt=\"\" width=\"200\" height=\"300\" srcset=\"https:\/\/thecloset.co\/blog\/wp-content\/uploads\/2018\/02\/A_NOT0271-200x300.jpg 200w, https:\/\/thecloset.co\/blog\/wp-content\/uploads\/2018\/02\/A_NOT0271-600x900.jpg 600w, https:\/\/thecloset.co\/blog\/wp-content\/uploads\/2018\/02\/A_NOT0271-768x1152.jpg 768w, https:\/\/thecloset.co\/blog\/wp-content\/uploads\/2018\/02\/A_NOT0271-683x1024.jpg 683w, https:\/\/thecloset.co\/blog\/wp-content\/uploads\/2018\/02\/A_NOT0271-400x600.jpg 400w, https:\/\/thecloset.co\/blog\/wp-content\/uploads\/2018\/02\/A_NOT0271.jpg 1000w\" sizes=\"(max-width: 200px) 100vw, 200px\" \/><\/p>\n<p><img loading=\"lazy\" decoding=\"async\" class=\"alignnone size-medium wp-image-2305\" src=\"http:\/\/thecloset.co\/blog\/wp-content\/uploads\/2018\/02\/A_NOT0469-200x300.jpg\" alt=\"\" width=\"200\" height=\"300\" srcset=\"https:\/\/thecloset.co\/blog\/wp-content\/uploads\/2018\/02\/A_NOT0469-200x300.jpg 200w, https:\/\/thecloset.co\/blog\/wp-content\/uploads\/2018\/02\/A_NOT0469-600x900.jpg 600w, https:\/\/thecloset.co\/blog\/wp-content\/uploads\/2018\/02\/A_NOT0469-768x1152.jpg 768w, https:\/\/thecloset.co\/blog\/wp-content\/uploads\/2018\/02\/A_NOT0469-683x1024.jpg 683w, https:\/\/thecloset.co\/blog\/wp-content\/uploads\/2018\/02\/A_NOT0469-400x600.jpg 400w, https:\/\/thecloset.co\/blog\/wp-content\/uploads\/2018\/02\/A_NOT0469.jpg 1000w\" sizes=\"(max-width: 200px) 100vw, 200px\" \/>\u00a0\u00a0<img loading=\"lazy\" decoding=\"async\" class=\"alignnone size-medium wp-image-2307\" src=\"http:\/\/thecloset.co\/blog\/wp-content\/uploads\/2018\/02\/A_NOT0613-200x300.jpg\" alt=\"\" width=\"200\" height=\"300\" srcset=\"https:\/\/thecloset.co\/blog\/wp-content\/uploads\/2018\/02\/A_NOT0613-200x300.jpg 200w, https:\/\/thecloset.co\/blog\/wp-content\/uploads\/2018\/02\/A_NOT0613-600x900.jpg 600w, https:\/\/thecloset.co\/blog\/wp-content\/uploads\/2018\/02\/A_NOT0613-768x1152.jpg 768w, https:\/\/thecloset.co\/blog\/wp-content\/uploads\/2018\/02\/A_NOT0613-683x1024.jpg 683w, https:\/\/thecloset.co\/blog\/wp-content\/uploads\/2018\/02\/A_NOT0613-400x600.jpg 400w, https:\/\/thecloset.co\/blog\/wp-content\/uploads\/2018\/02\/A_NOT0613.jpg 1000w\" sizes=\"(max-width: 200px) 100vw, 200px\" \/><\/p>\n<p><img loading=\"lazy\" decoding=\"async\" class=\"alignnone size-medium wp-image-2308\" src=\"http:\/\/thecloset.co\/blog\/wp-content\/uploads\/2018\/02\/A_NOT0625-200x300.jpg\" alt=\"\" width=\"200\" height=\"300\" srcset=\"https:\/\/thecloset.co\/blog\/wp-content\/uploads\/2018\/02\/A_NOT0625-200x300.jpg 200w, https:\/\/thecloset.co\/blog\/wp-content\/uploads\/2018\/02\/A_NOT0625-600x900.jpg 600w, https:\/\/thecloset.co\/blog\/wp-content\/uploads\/2018\/02\/A_NOT0625-768x1152.jpg 768w, https:\/\/thecloset.co\/blog\/wp-content\/uploads\/2018\/02\/A_NOT0625-683x1024.jpg 683w, https:\/\/thecloset.co\/blog\/wp-content\/uploads\/2018\/02\/A_NOT0625-400x600.jpg 400w, https:\/\/thecloset.co\/blog\/wp-content\/uploads\/2018\/02\/A_NOT0625.jpg 1000w\" sizes=\"(max-width: 200px) 100vw, 200px\" \/>\u00a0<img loading=\"lazy\" decoding=\"async\" class=\"alignnone size-medium wp-image-2310\" src=\"http:\/\/thecloset.co\/blog\/wp-content\/uploads\/2018\/02\/A_NOT0121-200x300.jpg\" alt=\"\" width=\"200\" height=\"300\" srcset=\"https:\/\/thecloset.co\/blog\/wp-content\/uploads\/2018\/02\/A_NOT0121-200x300.jpg 200w, https:\/\/thecloset.co\/blog\/wp-content\/uploads\/2018\/02\/A_NOT0121-600x900.jpg 600w, https:\/\/thecloset.co\/blog\/wp-content\/uploads\/2018\/02\/A_NOT0121-768x1152.jpg 768w, https:\/\/thecloset.co\/blog\/wp-content\/uploads\/2018\/02\/A_NOT0121-683x1024.jpg 683w, https:\/\/thecloset.co\/blog\/wp-content\/uploads\/2018\/02\/A_NOT0121-400x600.jpg 400w, https:\/\/thecloset.co\/blog\/wp-content\/uploads\/2018\/02\/A_NOT0121.jpg 1000w\" sizes=\"(max-width: 200px) 100vw, 200px\" \/><\/p>\n<p><em>FOTOS:\u00a0https:\/\/www.vogue.com\/fashion-shows\/fall-2018-menswear\/dries-van-noten<\/em><\/p>\n<p>Milena Mendoza, editora THECLOSET.CO<\/p>\n<p>&nbsp;<\/p>\n<p>&nbsp;<\/p>\n","protected":false},"excerpt":{"rendered":"<p>El dise\u00f1ador belga Dries Van Noten, present\u00f3 el pasado mes de enero en Par\u00eds, su ultima colecci\u00f3n masculina Oto\u00f1o-Invierno 18\/19.<\/p>\n","protected":false},"author":1,"featured_media":0,"comment_status":"open","ping_status":"open","sticky":false,"template":"","format":"video","meta":{"footnotes":""},"categories":[1],"tags":[],"_links":{"self":[{"href":"https:\/\/thecloset.co\/blog\/wp-json\/wp\/v2\/posts\/2295"}],"collection":[{"href":"https:\/\/thecloset.co\/blog\/wp-json\/wp\/v2\/posts"}],"about":[{"href":"https:\/\/thecloset.co\/blog\/wp-json\/wp\/v2\/types\/post"}],"author":[{"embeddable":true,"href":"https:\/\/thecloset.co\/blog\/wp-json\/wp\/v2\/users\/1"}],"replies":[{"embeddable":true,"href":"https:\/\/thecloset.co\/blog\/wp-json\/wp\/v2\/comments?post=2295"}],"version-history":[{"count":9,"href":"https:\/\/thecloset.co\/blog\/wp-json\/wp\/v2\/posts\/2295\/revisions"}],"predecessor-version":[{"id":2317,"href":"https:\/\/thecloset.co\/blog\/wp-json\/wp\/v2\/posts\/2295\/revisions\/2317"}],"wp:attachment":[{"href":"https:\/\/thecloset.co\/blog\/wp-json\/wp\/v2\/media?parent=2295"}],"wp:term":[{"taxonomy":"category","embeddable":true,"href":"https:\/\/thecloset.co\/blog\/wp-json\/wp\/v2\/categories?post=2295"},{"taxonomy":"post_tag","embeddable":true,"href":"https:\/\/thecloset.co\/blog\/wp-json\/wp\/v2\/tags?post=2295"}],"curies":[{"name":"wp","href":"https:\/\/api.w.org\/{rel}","templated":true}]}}