{"id":2530,"date":"2018-07-24T20:42:44","date_gmt":"2018-07-24T20:42:44","guid":{"rendered":"http:\/\/thecloset.co\/blog\/?p=2530"},"modified":"2018-07-24T20:53:59","modified_gmt":"2018-07-24T20:53:59","slug":"colombiamoda2018-custobarcelona","status":"publish","type":"post","link":"https:\/\/thecloset.co\/blog\/colombiamoda2018-custobarcelona\/","title":{"rendered":"Arranc\u00f3 Colombiamoda 2018 con desfile de Custo Barcelona"},"content":{"rendered":"<p>El evento de moda m\u00e1s esperado del a\u00f1o, Colombiamoda 2018, dio inicio con la pasarela del dise\u00f1ador espa\u00f1ol Custo Barcelona en alianza con la marca Arkitect del grupo \u00c9xito.<\/p>\n<p>La propuesta estuvo llena de estampados y los brillos que caracterizan a Custo. Pudimos observar en pasarela una variedad de atuendos para todos los gustos, desde vestidos, blazers, camisas, pantalones y kimonos.<\/p>\n<h6><img loading=\"lazy\" decoding=\"async\" class=\"wp-image-2534 alignright\" src=\"http:\/\/thecloset.co\/blog\/wp-content\/uploads\/2018\/07\/IMG_20180724_144219-1024x1008.jpg\" alt=\"\" width=\"377\" height=\"372\" srcset=\"https:\/\/thecloset.co\/blog\/wp-content\/uploads\/2018\/07\/IMG_20180724_144219-1024x1008.jpg 1024w, https:\/\/thecloset.co\/blog\/wp-content\/uploads\/2018\/07\/IMG_20180724_144219-300x295.jpg 300w, https:\/\/thecloset.co\/blog\/wp-content\/uploads\/2018\/07\/IMG_20180724_144219-768x756.jpg 768w, https:\/\/thecloset.co\/blog\/wp-content\/uploads\/2018\/07\/IMG_20180724_144219-600x591.jpg 600w, https:\/\/thecloset.co\/blog\/wp-content\/uploads\/2018\/07\/IMG_20180724_144219-100x100.jpg 100w, https:\/\/thecloset.co\/blog\/wp-content\/uploads\/2018\/07\/IMG_20180724_144219.jpg 1080w\" sizes=\"(max-width: 377px) 100vw, 377px\" \/>Vestidos:<\/h6>\n<p>Prendas holgadas estampadas, con sesgo en los costados. Vestidos cortos de corte irregular. Vestidos camiseros con corredera frontal. Vestidos drapeados y sesgos laterales. Vestidos con una sola manga estilo bolero. Vestidos cuello V y redondo estilo playeros. Vestidos medio hombro y con manga 3\/4.<\/p>\n<h6>Sacos y Bombers:<\/h6>\n<p>El brillo fue el protagonista, mezclado con telas estampadas brillantes y florales, dando un look moderno y juvenil.<\/p>\n<p>&nbsp;<\/p>\n<h6><img loading=\"lazy\" decoding=\"async\" class=\"wp-image-2533 alignleft\" src=\"http:\/\/thecloset.co\/blog\/wp-content\/uploads\/2018\/07\/IMG_20180724_144329-1024x1008.jpg\" alt=\"\" width=\"367\" height=\"361\" srcset=\"https:\/\/thecloset.co\/blog\/wp-content\/uploads\/2018\/07\/IMG_20180724_144329-1024x1008.jpg 1024w, https:\/\/thecloset.co\/blog\/wp-content\/uploads\/2018\/07\/IMG_20180724_144329-300x295.jpg 300w, https:\/\/thecloset.co\/blog\/wp-content\/uploads\/2018\/07\/IMG_20180724_144329-768x756.jpg 768w, https:\/\/thecloset.co\/blog\/wp-content\/uploads\/2018\/07\/IMG_20180724_144329-600x591.jpg 600w, https:\/\/thecloset.co\/blog\/wp-content\/uploads\/2018\/07\/IMG_20180724_144329.jpg 1080w\" sizes=\"(max-width: 367px) 100vw, 367px\" \/>Kimonos:<\/h6>\n<p>Los m\u00e1s apetecidos por esta temporada, porque a\u00f1aden frescura y estilo a cualquier outfit. En este caso Custo presento kimonos estampados largos con mangas bombachas y pu\u00f1os estilo camisa.<\/p>\n<h6>Pantalones:<\/h6>\n<p>La mayor\u00eda de corte recto estilo sastre y leggins tiro alto estampados. Los pantalones tambi\u00e9n presentaron sesgos florales a los costados. Pantalones holgados estilo sudaderas o pijamas. Aqu\u00ed se hizo notar el total print en la propuesta que abarcaba incluso los accesorios del mismo color.<\/p>\n<h6>Blusas:<\/h6>\n<p>Camisas y blusas holgadas de satin estampado, abiertas al frente y cuello bandeja. Croptops elaborados con pa\u00f1oletas estampadas. Blusas con manga estilo body. Enterisos y pantys de talle alto.<\/p>\n<h6><img loading=\"lazy\" decoding=\"async\" class=\"wp-image-2536 alignright\" src=\"http:\/\/thecloset.co\/blog\/wp-content\/uploads\/2018\/07\/IMG_20180724_144155-1024x1007.png\" alt=\"\" width=\"364\" height=\"358\" srcset=\"https:\/\/thecloset.co\/blog\/wp-content\/uploads\/2018\/07\/IMG_20180724_144155-1024x1007.png 1024w, https:\/\/thecloset.co\/blog\/wp-content\/uploads\/2018\/07\/IMG_20180724_144155-300x295.png 300w, https:\/\/thecloset.co\/blog\/wp-content\/uploads\/2018\/07\/IMG_20180724_144155-768x755.png 768w, https:\/\/thecloset.co\/blog\/wp-content\/uploads\/2018\/07\/IMG_20180724_144155-600x590.png 600w, https:\/\/thecloset.co\/blog\/wp-content\/uploads\/2018\/07\/IMG_20180724_144155.png 1080w\" sizes=\"(max-width: 364px) 100vw, 364px\" \/>Accesorios:<\/h6>\n<p>Se presentaron morrales y bolsos con total print en los mismos estampados que la ropa. Algo no muy usual, pero que sin duda, llam\u00f3 la atenci\u00f3n de los espectadores.<\/p>\n<p>Como siempre, Custo Barcelona, nos sorprende con su capacidad para mezclar prints y texturas, adem\u00e1s de su estilo divertido y casual. Esta alianza con Arkitect, nos permite llevar la alta costura al street style y, con un bajo presupuesto, lucir una prenda de un dise\u00f1ador internacional.<\/p>\n<p>Pronto pasaremos por las tiendas a ver las prendas y les contaremos m\u00e1s al respecto.<\/p>\n<p>Gracias siempre por leernos&#8230; #ModaConsciente #HechoEnColombia #MadeInColombia #Dise\u00f1adoresColombianos #Colombiamoda2018 #ModaColombiana @inexmoda\u00a0<a class=\"notranslate\" href=\"https:\/\/www.instagram.com\/modaexito\/\">@modaexito<\/a>\u00a0<a class=\"notranslate\" href=\"https:\/\/www.instagram.com\/custobarcelona\/\">@custobarcelona<\/a><\/p>\n<p><img loading=\"lazy\" decoding=\"async\" class=\"alignnone size-large wp-image-2532\" src=\"http:\/\/thecloset.co\/blog\/wp-content\/uploads\/2018\/07\/IMG_20180724_144240-1024x1005.jpg\" alt=\"\" width=\"790\" height=\"775\" srcset=\"https:\/\/thecloset.co\/blog\/wp-content\/uploads\/2018\/07\/IMG_20180724_144240-1024x1005.jpg 1024w, https:\/\/thecloset.co\/blog\/wp-content\/uploads\/2018\/07\/IMG_20180724_144240-300x294.jpg 300w, https:\/\/thecloset.co\/blog\/wp-content\/uploads\/2018\/07\/IMG_20180724_144240-768x754.jpg 768w, https:\/\/thecloset.co\/blog\/wp-content\/uploads\/2018\/07\/IMG_20180724_144240-600x589.jpg 600w, https:\/\/thecloset.co\/blog\/wp-content\/uploads\/2018\/07\/IMG_20180724_144240.jpg 1080w\" sizes=\"(max-width: 790px) 100vw, 790px\" \/><em><strong>Por Milena Mendoza &#8211; Editora THECLOSET.CO<\/strong><\/em><\/p>\n<p>&nbsp;<\/p>\n<p>&nbsp;<\/p>\n<p>&nbsp;<\/p>\n","protected":false},"excerpt":{"rendered":"<p>El evento de moda m\u00e1s esperado del a\u00f1o, Colombiamoda 2018, dio inicio con la pasarela del dise\u00f1ador espa\u00f1ol Custo Barcelona en alianza con la marca Arkitect del grupo \u00c9xito. La propuesta estuvo llena de estampados y los brillos que caracterizan a Custo. Pudimos observar en pasarela una variedad de atuendos para todos los gustos, desde&#8230;<\/p>\n","protected":false},"author":1,"featured_media":2535,"comment_status":"open","ping_status":"open","sticky":false,"template":"","format":"standard","meta":{"footnotes":""},"categories":[14,1],"tags":[],"_links":{"self":[{"href":"https:\/\/thecloset.co\/blog\/wp-json\/wp\/v2\/posts\/2530"}],"collection":[{"href":"https:\/\/thecloset.co\/blog\/wp-json\/wp\/v2\/posts"}],"about":[{"href":"https:\/\/thecloset.co\/blog\/wp-json\/wp\/v2\/types\/post"}],"author":[{"embeddable":true,"href":"https:\/\/thecloset.co\/blog\/wp-json\/wp\/v2\/users\/1"}],"replies":[{"embeddable":true,"href":"https:\/\/thecloset.co\/blog\/wp-json\/wp\/v2\/comments?post=2530"}],"version-history":[{"count":6,"href":"https:\/\/thecloset.co\/blog\/wp-json\/wp\/v2\/posts\/2530\/revisions"}],"predecessor-version":[{"id":2541,"href":"https:\/\/thecloset.co\/blog\/wp-json\/wp\/v2\/posts\/2530\/revisions\/2541"}],"wp:featuredmedia":[{"embeddable":true,"href":"https:\/\/thecloset.co\/blog\/wp-json\/wp\/v2\/media\/2535"}],"wp:attachment":[{"href":"https:\/\/thecloset.co\/blog\/wp-json\/wp\/v2\/media?parent=2530"}],"wp:term":[{"taxonomy":"category","embeddable":true,"href":"https:\/\/thecloset.co\/blog\/wp-json\/wp\/v2\/categories?post=2530"},{"taxonomy":"post_tag","embeddable":true,"href":"https:\/\/thecloset.co\/blog\/wp-json\/wp\/v2\/tags?post=2530"}],"curies":[{"name":"wp","href":"https:\/\/api.w.org\/{rel}","templated":true}]}}