{"id":284,"date":"2015-08-13T16:01:59","date_gmt":"2015-08-13T16:01:59","guid":{"rendered":"http:\/\/thecloset.co\/blog\/?p=284"},"modified":"2017-08-23T21:05:16","modified_gmt":"2017-08-23T21:05:16","slug":"diana-navarrete-articulos-para-oficina","status":"publish","type":"post","link":"https:\/\/thecloset.co\/blog\/diana-navarrete-articulos-para-oficina\/","title":{"rendered":"Diana Navarrete, dise\u00f1adora de art\u00edculos para oficina"},"content":{"rendered":"<h3><strong>Conoce nuestras marcas y \u00fanete a la #RedDeDise\u00f1adores<\/strong><\/h3>\n<div class=\"description clearfix\">\n<p>Diana es una persona realmente inspiradora, creativa, visionaria y siempre feliz. Entrevistamos a la creativa detr\u00e1s de la marca\u00a0<strong>Prim\u0103var\u0103 <\/strong>que dise\u00f1a art\u00edculos para oficina.<\/p>\n<p><!--more Leer m\u00e1s--><\/p>\n<p><strong>\u00bfQui\u00e9n es Diana Navarrete Tovar?<\/strong><\/p>\n<p>Soy apasionada por el color, las formas, las im\u00e1genes y los conceptos que cambian el mundo a trav\u00e9s del amor y del respeto. Publicista de profesi\u00f3n y emprendedora por vocaci\u00f3n.<\/p>\n<p><strong>\u00bfQu\u00e9 es Prim\u0103var\u0103?, cu\u00e9ntanos sobre tu marca\u2026<\/strong><\/p>\n<p>En <strong>Prim\u0103var\u0103<\/strong> creamos dise\u00f1o para personas libres. Dise\u00f1amos art\u00edculos creativos \u00fatiles, aut\u00e9nticos y de edici\u00f3n limitada para el hogar, la oficina y el estudio. Objetos cotidianos como cuadernos, sketchbooks, portanotas, mouse pads, carpetas, entre otros, toman un estilo \u00fanico seg\u00fan la personalidad de nuestros clientes.<\/p>\n<p><strong>\u00bfPor qu\u00e9 decidiste emprender en el sector de la moda\/dise\u00f1o?<\/strong><\/p>\n<\/div>\n<p>El dise\u00f1o es mi pasi\u00f3n y la percepci\u00f3n en las personas que les gusta <strong>Prim\u0103var\u0103<\/strong>, es lo que nos motiva cada d\u00eda a seguir creando y pensando en lo que ellos sue\u00f1an. Es lo que nos mantiene vivos d\u00eda a d\u00eda.<\/p>\n<div class=\"blog-content clearfix\">\n<div class=\"content-wrap clearfix\">\n<p><strong>\u00bfPara ti que es el dise\u00f1o?<\/strong><\/p>\n<p>Es la mejor manera de comunicar, transmitir, conmover, inspirar, divertir y alegrar de una manera nueva, cambiante, siempre diferente.<\/p>\n<p><strong>\u00bfQu\u00e9 cosas inspiran tu lado creativo?<\/strong><\/p>\n<p>El amor por lo que se hace, los sue\u00f1os de nuestros clientes, nuestro lado humano y emocional, la naturaleza y las artes.<\/p>\n<p><strong>\u00bfA qu\u00e9 dise\u00f1ador\/empresario admiras y por qu\u00e9?<\/strong><\/p>\n<p>Admiro mucho a Charuca Vargas, ilustradora y creadora de la marca \u2018Charuca\u2019 en Barcelona, Espa\u00f1a. Es un ejemplo de motivaci\u00f3n, creatividad, persistencia y amor por lo que se hace.<\/p>\n<p><strong>\u00bfUn libro que recomiendes y por qu\u00e9?<\/strong><\/p>\n<p>Recomiendo dos libros que tienen el poder de transformar nuestra vida y nuestra manera de verla: \u2018<em>El pensamiento lateral<\/em>\u2019 de Edward de Bono y \u2018<em>El poder est\u00e1 dentro de ti<\/em>\u2019 de Louise Hay. Ambos representan, a mi juicio, el balance perfecto entre el pensamiento racional y el poder espiritual.<\/p>\n<p><strong>\u00bfQu\u00e9 ciudad\/pa\u00eds te gustar\u00eda conocer y por qu\u00e9?<\/strong><\/p>\n<p>No he tenido la oportunidad de visitar Oslo, capital de Noruega. Me interesa conocer su legado escandinavo, su museo de naves vikingas y visitar otras ciudades como Bergen.<\/p>\n<p><strong>\u00bfQu\u00e9 nuevos proyectos vienen para tu marca?<\/strong><\/p>\n<p>Vamos a innovar en formatos diferentes y materiales m\u00e1s amables con el medio ambiente. Cada mes tendremos novedades exclusivas en ediciones limitadas que estaremos dando a conocer a trav\u00e9s de nuestra web\u00a0<a href=\"http:\/\/www.primavaracol.com\/\">www.primavaracol.com<\/a>\u00a0y redes sociales @PrimavaraCol.<\/p>\n<p><strong>Por \u00faltimo, qu\u00e9 guardas en tu Cl\u00f3set?<\/strong><\/p>\n<p>Guardo ropa muy c\u00f3moda para el trabajo diario, recuerdos de la infancia, fotos de a\u00f1os atr\u00e1s, mi colecci\u00f3n de postales y abrigos para el fr\u00edo capitalino.<\/p>\n<\/div>\n<\/div>\n<p>Visita nuestra boutique\u00a0<a href=\"http:\/\/thecloset.co\/mujer\">TheCloset.Co<\/a>\u00a0 Calle 80 # 13 &#8211; 09 en Bogot\u00e1-Colombia (detr\u00e1s del CC Atlantis Plaza) #Dise\u00f1oIndependiente #HechoEnColombia #MadeInColombia #CompraColombiano<\/p>\n<p><strong>\u00danete a nuestra red!<\/strong><\/p>\n<p>Si estas interesado en hacer parte de la #RedDeDise\u00f1adores escr\u00edbenos al correo\u00a0<a href=\"mailto:contacto@thecloset.co\">contacto@thecloset.co<\/a>\u00a0con informaci\u00f3n de tu marca y fotos de los productos.<\/p>\n<p>S\u00edguenos en nuestras redes:\u00a0<a href=\"https:\/\/www.facebook.com\/thecloset.co.diseno\/?fref=ts\">Facebook<\/a>,\u00a0<a href=\"https:\/\/www.instagram.com\/theclosetco\/\">Instagram<\/a><\/p>\n<div class=\"blog-content clearfix\">\n<div class=\"content-wrap clearfix\">\n<p>&nbsp;<\/p>\n<\/div>\n<\/div>\n","protected":false},"excerpt":{"rendered":"<p>Conoce nuestras marcas y \u00fanete a la #RedDeDise\u00f1adores Diana es una persona realmente inspiradora, creativa, visionaria y siempre feliz. Entrevistamos a la creativa detr\u00e1s de la marca\u00a0Prim\u0103var\u0103 que dise\u00f1a art\u00edculos para oficina.<\/p>\n","protected":false},"author":1,"featured_media":488,"comment_status":"open","ping_status":"open","sticky":false,"template":"","format":"standard","meta":{"footnotes":""},"categories":[6],"tags":[],"_links":{"self":[{"href":"https:\/\/thecloset.co\/blog\/wp-json\/wp\/v2\/posts\/284"}],"collection":[{"href":"https:\/\/thecloset.co\/blog\/wp-json\/wp\/v2\/posts"}],"about":[{"href":"https:\/\/thecloset.co\/blog\/wp-json\/wp\/v2\/types\/post"}],"author":[{"embeddable":true,"href":"https:\/\/thecloset.co\/blog\/wp-json\/wp\/v2\/users\/1"}],"replies":[{"embeddable":true,"href":"https:\/\/thecloset.co\/blog\/wp-json\/wp\/v2\/comments?post=284"}],"version-history":[{"count":11,"href":"https:\/\/thecloset.co\/blog\/wp-json\/wp\/v2\/posts\/284\/revisions"}],"predecessor-version":[{"id":2046,"href":"https:\/\/thecloset.co\/blog\/wp-json\/wp\/v2\/posts\/284\/revisions\/2046"}],"wp:featuredmedia":[{"embeddable":true,"href":"https:\/\/thecloset.co\/blog\/wp-json\/wp\/v2\/media\/488"}],"wp:attachment":[{"href":"https:\/\/thecloset.co\/blog\/wp-json\/wp\/v2\/media?parent=284"}],"wp:term":[{"taxonomy":"category","embeddable":true,"href":"https:\/\/thecloset.co\/blog\/wp-json\/wp\/v2\/categories?post=284"},{"taxonomy":"post_tag","embeddable":true,"href":"https:\/\/thecloset.co\/blog\/wp-json\/wp\/v2\/tags?post=284"}],"curies":[{"name":"wp","href":"https:\/\/api.w.org\/{rel}","templated":true}]}}