{"id":292,"date":"2015-08-17T14:12:49","date_gmt":"2015-08-17T14:12:49","guid":{"rendered":"http:\/\/thecloset.co\/blog\/?p=292"},"modified":"2017-08-23T21:04:28","modified_gmt":"2017-08-23T21:04:28","slug":"cosas-que-no-sabias-de-la-moda-en-milan","status":"publish","type":"post","link":"https:\/\/thecloset.co\/blog\/cosas-que-no-sabias-de-la-moda-en-milan\/","title":{"rendered":"5 cosas que no sab\u00edas de la moda en Mil\u00e1n, Italia"},"content":{"rendered":"<h3 class=\"description clearfix\"><strong>Conoce\u00a0m\u00e1s acerca de la moda en Mil\u00e1n\u00a0y las marcas de lujo.<\/strong><\/h3>\n<p class=\"description clearfix\">\u00bfAlguna vez te has imaginado viajar a Mil\u00e1n? Si lo has so\u00f1ado o lo tienes programado en tu agenda, aqu\u00ed te contamos algunos datos interesantes sobre la moda en Mil\u00e1n.<\/p>\n<p class=\"description clearfix\"><!--moreLeer m\u00e1s--><\/p>\n<div class=\"blog-content clearfix\">\n<div class=\"content-wrap clearfix\"><strong>1. En Mil\u00e1n se encuentra el\u00a0Cuadril\u00e1tero\u00a0de Oro de la Moda, 4 calles que re\u00fanen las marcas de lujo m\u00e1s\u00a0importantes del mundo.<\/strong><\/div>\n<div class=\"content-wrap clearfix\"><\/div>\n<div class=\"content-wrap clearfix\">Llamado as\u00ed porque se encuentra delimitado por cuatro calles: V\u00eda Monte Napoleone, V\u00eda Alessandro Manzoni, V\u00eda della Spiga y Corso Venecia. \u00a0El \u201cCuadril\u00e1tero de la moda\u201d se considera el barrio por excelencia de los mejores dise\u00f1adores italianos y extranjeros; adem\u00e1s encontrar\u00e1s joyer\u00edas, boutiques de dise\u00f1o y decoraci\u00f3n, y talleres de las m\u00e1s importantes firmas de moda.<\/div>\n<div class=\"content-wrap clearfix\"><\/div>\n<div class=\"content-wrap clearfix\"><strong>2. Mil\u00e1n tiene m\u00e1s kil\u00f3metros de canales que Venecia.<\/strong><\/div>\n<div class=\"content-wrap clearfix\"><\/div>\n<div class=\"content-wrap clearfix\">Aunque Venecia es m\u00e1s conocida por sus canales, Mil\u00e1n con sus \u201cNavigli\u201d tiene 142 km de canales en total. En el antiguo barrio Navigli, puedes descubrir una ecl\u00e9ctica variedad de tiendas, cafeter\u00edas, restaurantes, bares y enotecas. La vista nocturna de este sector de la ciudad es m\u00e1gica.<\/div>\n<div class=\"content-wrap clearfix\"><\/div>\n<div class=\"content-wrap clearfix\"><strong>3. En Mil\u00e1n se encuentra el cuadro de La \u00daltima Cena de Leonardo DaVinci.<\/strong><\/div>\n<div class=\"content-wrap clearfix\"><\/div>\n<div class=\"content-wrap clearfix\">\n<p>El cuadro permanece en el mismo sitio en el que ha estado siempre. No obstante, la pintura fue cortada por los frailes dominicos de Santa Maria delle Grazie. Si deseas conocerlo, debes reservar tu entrada antes de tu viaje.<strong>4. El Duomo es la \u00fanica catedral de estilo g\u00f3tico de Italia y puede albergar a 40 mil personas.<\/strong>Es la sede episcopal de la Arquidi\u00f3cesis de Mil\u00e1n y tiene 157 metros de largo. Es una de las iglesias de culto cat\u00f3lico m\u00e1s grandes del mundo. El punto m\u00e1s alto del templo es\u00a0La Madonnina, obra en cobre dorado, de Carlo Pellicani, inaugurada en 1774.<\/p>\n<p><strong>5. Si quieres volver a Mil\u00e1n, debes dar la vuelta de 360* en la Palla del Toro de la Galeria Vittorio Emmanuelle II.<\/strong><\/p>\n<p>Es una tradici\u00f3n para todos los turistas dar la vuelta en la Palla del Toro, cientos de personas se acercan cada d\u00eda esperando con esto volver a Mil\u00e1n. En la Galer\u00eda Vittorio Emmanuelle II, encontrar\u00e1s tambi\u00e9n importantes tiendas de lujo y cafeter\u00edas tradicionales italianas. La arquitectura de esta galer\u00eda es impresionante.<\/p>\n<\/div>\n<\/div>\n<p>Visita nuestra boutique\u00a0<a href=\"http:\/\/thecloset.co\/mujer\">TheCloset.Co<\/a>\u00a0 Calle 80 # 13 &#8211; 09 en Bogot\u00e1-Colombia (detr\u00e1s del CC Atlantis Plaza) #Dise\u00f1oIndependiente #HechoEnColombia #MadeInColombia #CompraColombiano<\/p>\n<p><strong>\u00danete a nuestra red!<\/strong><\/p>\n<p>Si estas interesado en hacer parte de la #RedDeDise\u00f1adores escr\u00edbenos al correo\u00a0<a href=\"mailto:contacto@thecloset.co\">contacto@thecloset.co<\/a>\u00a0con informaci\u00f3n de tu marca y fotos de los productos.<\/p>\n<p>S\u00edguenos en nuestras redes:\u00a0<a href=\"https:\/\/www.facebook.com\/thecloset.co.diseno\/?fref=ts\">Facebook<\/a>,\u00a0<a href=\"https:\/\/www.instagram.com\/theclosetco\/\">Instagram<\/a><\/p>\n<p>&nbsp;<\/p>\n","protected":false},"excerpt":{"rendered":"<p>Conoce\u00a0m\u00e1s acerca de la moda en Mil\u00e1n\u00a0y las marcas de lujo. \u00bfAlguna vez te has imaginado viajar a Mil\u00e1n? Si lo has so\u00f1ado o lo tienes programado en tu agenda, aqu\u00ed te contamos algunos datos interesantes sobre la moda en Mil\u00e1n.<\/p>\n","protected":false},"author":1,"featured_media":478,"comment_status":"open","ping_status":"open","sticky":false,"template":"","format":"standard","meta":{"footnotes":""},"categories":[14],"tags":[70,68,72,71,73,56],"_links":{"self":[{"href":"https:\/\/thecloset.co\/blog\/wp-json\/wp\/v2\/posts\/292"}],"collection":[{"href":"https:\/\/thecloset.co\/blog\/wp-json\/wp\/v2\/posts"}],"about":[{"href":"https:\/\/thecloset.co\/blog\/wp-json\/wp\/v2\/types\/post"}],"author":[{"embeddable":true,"href":"https:\/\/thecloset.co\/blog\/wp-json\/wp\/v2\/users\/1"}],"replies":[{"embeddable":true,"href":"https:\/\/thecloset.co\/blog\/wp-json\/wp\/v2\/comments?post=292"}],"version-history":[{"count":13,"href":"https:\/\/thecloset.co\/blog\/wp-json\/wp\/v2\/posts\/292\/revisions"}],"predecessor-version":[{"id":2045,"href":"https:\/\/thecloset.co\/blog\/wp-json\/wp\/v2\/posts\/292\/revisions\/2045"}],"wp:featuredmedia":[{"embeddable":true,"href":"https:\/\/thecloset.co\/blog\/wp-json\/wp\/v2\/media\/478"}],"wp:attachment":[{"href":"https:\/\/thecloset.co\/blog\/wp-json\/wp\/v2\/media?parent=292"}],"wp:term":[{"taxonomy":"category","embeddable":true,"href":"https:\/\/thecloset.co\/blog\/wp-json\/wp\/v2\/categories?post=292"},{"taxonomy":"post_tag","embeddable":true,"href":"https:\/\/thecloset.co\/blog\/wp-json\/wp\/v2\/tags?post=292"}],"curies":[{"name":"wp","href":"https:\/\/api.w.org\/{rel}","templated":true}]}}