{"id":300,"date":"2015-07-29T17:31:22","date_gmt":"2015-07-29T17:31:22","guid":{"rendered":"http:\/\/thecloset.co\/blog\/?p=300"},"modified":"2017-08-23T21:11:34","modified_gmt":"2017-08-23T21:11:34","slug":"soloci-ropa-para-mujeres","status":"publish","type":"post","link":"https:\/\/thecloset.co\/blog\/soloci-ropa-para-mujeres\/","title":{"rendered":"SoloCi, ropa para mujeres divertidas"},"content":{"rendered":"<div class=\"description clearfix\">\n<h2><strong>Conoce nuestras marcas y \u00fanete a la #RedDeDise\u00f1adores<\/strong><\/h2>\n<p><strong>1. \u00a0<\/strong><strong>\u00bfQui\u00e9n es Carolina Izquierdo?<\/strong><\/p>\n<p>Es una mujer alegre, fuerte y decidida, amante de los colores, los olores, las texturas y los paisajes.<\/p>\n<\/div>\n<p><!--moreLeer m\u00e1s--><\/p>\n<p><strong>2. \u00a0<\/strong><strong>\u00bfQu\u00e9 es SoloCi?, cu\u00e9ntanos sobre tu marca\u2026<\/strong><\/p>\n<div class=\"description clearfix\">\n<p>Soloci es una marca que busca exteriorizar la mujer divertida y audaz que llevamos dentro. Es moda y ropa para mujeres divertidas.<\/p>\n<p>Busca mostrarle al mundo lo mejor que cada una tiene para\u00a0dar de una forma femenina y colorida, resaltando la figura y utilizando mezclas atrevidas de colores y texturas.<\/p>\n<p><strong>3.\u00a0<strong>\u00bfPor qu\u00e9 decidiste emprender en el sector de la moda?<\/strong><\/strong><\/p>\n<\/div>\n<p>Todo lo que nos ponemos, todo lo que usamos es un reflejo de nuestro interior, representa quiene somos y c\u00f3mo queremos que el mundo nos vea. Todo empez\u00f3 buscando mi identidad y evolucion\u00f3 en un deseo de ayudar a otros a encontrar esa identidad.<\/p>\n<div class=\"blog-content clearfix\">\n<div class=\"content-wrap clearfix\">\n<p><strong>4. \u00a0<strong>\u00bfPara ti que es el dise\u00f1o?<\/strong><\/strong><\/p>\n<p>Un estilo de vida, una forma de expresarnos y mostrarnos al mundo.<\/p>\n<p><strong>5. \u00a0<strong>\u00bfQu\u00e9 cosas inspiran tu lado creativo?<\/strong><\/strong><\/p>\n<p>Los viajes, vivir nuevas experiencias y conocer diferentes culturas.<\/p>\n<p><strong>6. \u00a0<strong>\u00bfA qu\u00e9 dise\u00f1ador admiras y por qu\u00e9?<\/strong><\/strong><\/p>\n<p>Agatha Ruiz de la Prada\u00a0porque, a pesar de su estilo nada tradicional, ha logrado llevar su marca a todo el mundo con una variedad de productos que van m\u00e1s all\u00e1 de la moda.<\/p>\n<p><strong>7. \u00a0<strong>\u00bfUn libro que recomiendes y por qu\u00e9?<\/strong><\/strong><\/p>\n<p>\u00abLa Insoportable Levedad del Ser\u00bb de Milan Kundera, lo he le\u00eddo por lo menos cuatro veces y siempre logra atraparme.<\/p>\n<p><strong>8. \u00a0<strong>\u00bfQu\u00e9 ciudad\/pa\u00eds te gustar\u00eda conocer y por qu\u00e9?<\/strong><\/strong><\/p>\n<p>Bali, me parece un lugar muy espiritual con paisajes incre\u00edbles, siempre he so\u00f1ado con ir all\u00e1. Algun dia lo cumplir\u00e9.<\/p>\n<p><strong>9.\u00a0<strong>\u00bfQu\u00e9 nuevos proyectos vienen para tu marca?<\/strong><\/strong><\/p>\n<p>Crecer, crecer y crecer.<\/p>\n<p><strong>10. \u00a0<strong>Por \u00faltimo, qu\u00e9 guardas en tu Cl\u00f3set?<\/strong><\/strong><\/p>\n<p>Faldas, abrigos y zapatos son mis grandes favoritos, tengo unos diferentes para cada d\u00eda del mes.<\/p>\n<\/div>\n<\/div>\n<p>Visita nuestra boutique\u00a0<a href=\"http:\/\/thecloset.co\/mujer\">TheCloset.Co<\/a>\u00a0 Calle 80 # 13 &#8211; 09 en Bogot\u00e1-Colombia (detr\u00e1s del CC Atlantis Plaza) #Dise\u00f1oIndependiente #HechoEnColombia #MadeInColombia #CompraColombiano<\/p>\n<p><strong>\u00danete a nuestra red!<\/strong><\/p>\n<p>Si estas interesado en hacer parte de la #RedDeDise\u00f1adores escr\u00edbenos al correo\u00a0<a href=\"mailto:contacto@thecloset.co\">contacto@thecloset.co<\/a>\u00a0con informaci\u00f3n de tu marca y fotos de los productos.<\/p>\n<p>S\u00edguenos en nuestras redes:\u00a0<a href=\"https:\/\/www.facebook.com\/thecloset.co.diseno\/?fref=ts\">Facebook<\/a>,\u00a0<a href=\"https:\/\/www.instagram.com\/theclosetco\/\">Instagram<\/a><\/p>\n<div class=\"blog-content clearfix\">\n<div class=\"content-wrap clearfix\">\n<p>&nbsp;<\/p>\n<\/div>\n<\/div>\n","protected":false},"excerpt":{"rendered":"<p>Conoce nuestras marcas y \u00fanete a la #RedDeDise\u00f1adores 1. \u00a0\u00bfQui\u00e9n es Carolina Izquierdo? Es una mujer alegre, fuerte y decidida, amante de los colores, los olores, las texturas y los paisajes.<\/p>\n","protected":false},"author":1,"featured_media":472,"comment_status":"open","ping_status":"open","sticky":false,"template":"","format":"standard","meta":{"footnotes":""},"categories":[5],"tags":[],"_links":{"self":[{"href":"https:\/\/thecloset.co\/blog\/wp-json\/wp\/v2\/posts\/300"}],"collection":[{"href":"https:\/\/thecloset.co\/blog\/wp-json\/wp\/v2\/posts"}],"about":[{"href":"https:\/\/thecloset.co\/blog\/wp-json\/wp\/v2\/types\/post"}],"author":[{"embeddable":true,"href":"https:\/\/thecloset.co\/blog\/wp-json\/wp\/v2\/users\/1"}],"replies":[{"embeddable":true,"href":"https:\/\/thecloset.co\/blog\/wp-json\/wp\/v2\/comments?post=300"}],"version-history":[{"count":12,"href":"https:\/\/thecloset.co\/blog\/wp-json\/wp\/v2\/posts\/300\/revisions"}],"predecessor-version":[{"id":2049,"href":"https:\/\/thecloset.co\/blog\/wp-json\/wp\/v2\/posts\/300\/revisions\/2049"}],"wp:featuredmedia":[{"embeddable":true,"href":"https:\/\/thecloset.co\/blog\/wp-json\/wp\/v2\/media\/472"}],"wp:attachment":[{"href":"https:\/\/thecloset.co\/blog\/wp-json\/wp\/v2\/media?parent=300"}],"wp:term":[{"taxonomy":"category","embeddable":true,"href":"https:\/\/thecloset.co\/blog\/wp-json\/wp\/v2\/categories?post=300"},{"taxonomy":"post_tag","embeddable":true,"href":"https:\/\/thecloset.co\/blog\/wp-json\/wp\/v2\/tags?post=300"}],"curies":[{"name":"wp","href":"https:\/\/api.w.org\/{rel}","templated":true}]}}