{"id":388,"date":"2015-02-10T16:41:36","date_gmt":"2015-02-10T16:41:36","guid":{"rendered":"http:\/\/thecloset.co\/blog\/?p=388"},"modified":"2017-08-23T21:19:54","modified_gmt":"2017-08-23T21:19:54","slug":"como-combinar-tus-faldas","status":"publish","type":"post","link":"https:\/\/thecloset.co\/blog\/como-combinar-tus-faldas\/","title":{"rendered":"\u00bfC\u00f3mo combinar tus faldas?"},"content":{"rendered":"<div class=\"description clearfix\">\n<h2><strong>Combinar faldas estampadas est\u00e1 de moda &#8230; y tu c\u00f3mo lo haces?<\/strong><\/h2>\n<p>A menudo puede\u00a0ser complicado\u00a0y esta es la raz\u00f3n por la cual la mayor\u00eda de\u00a0mujeres no lo hacen.\u00a0Conoce estos 3 TIPS ver\u00e1s lo sorprendente y f\u00e1cil que es&#8230;<\/p>\n<\/div>\n<div class=\"blog-content clearfix\">\n<div class=\"content-wrap clearfix\">\n<p><!--more Leer m\u00e1s--><\/p>\n<h3>1 TIP:<\/h3>\n<p>mezclar faldas con texturas de diferentes tama\u00f1os puede a\u00f1adir m\u00e1s volumen a las partes de tu cuerpo que quieres resaltar. Usa un top b\u00e1sico para ayudar a dar equilibrio a tu silueta.<\/p>\n<h3>2 TIP:<\/h3>\n<p>si quieres usar una <a href=\"http:\/\/thecloset.co\/mujer\/faldas-vestidos\" target=\"_blank\">falda de flores<\/a>, debes tener como regla usarla con colores neutros, chaqueta de jean o blazer en colores neutros y as\u00ed resaltar\u00e1s mucho m\u00e1s tu falda y piernas.<\/p>\n<h3>3 TIP:<\/h3>\n<p>si tu falda es de <a href=\"http:\/\/thecloset.co\/mujer\/faldas-vestidos\" target=\"_blank\">rayas<\/a> puedes mezclarla con una prenda del mismo tono, creando una continuidad o si tu falda es blanco y negro\u00a0puedes usarla con una blusa estampada con texturas suaves color verde, rojo o azul, dando un contraste m\u00e1s llamativo.<\/p>\n<p>Tenemos diferentes tipos de falda que pueden gustarte en nuestra <a href=\"http:\/\/thecloset.co\/soloci\" target=\"_blank\">tienda online<\/a>.<\/p>\n<\/div>\n<\/div>\n<p>Visita nuestra boutique\u00a0<a href=\"http:\/\/thecloset.co\/mujer\">TheCloset.Co<\/a>\u00a0 Calle 80 # 13 &#8211; 09 en Bogot\u00e1-Colombia (detr\u00e1s del CC Atlantis Plaza) #Dise\u00f1oIndependiente #HechoEnColombia #MadeInColombia #CompraColombiano<\/p>\n<p><strong>\u00danete a nuestra red!<\/strong><\/p>\n<p>Si estas interesado en hacer parte de la #RedDeDise\u00f1adores escr\u00edbenos al correo\u00a0<a href=\"mailto:contacto@thecloset.co\">contacto@thecloset.co<\/a>\u00a0con informaci\u00f3n de tu marca y fotos de los productos.<\/p>\n<p>S\u00edguenos en nuestras redes:\u00a0<a href=\"https:\/\/www.facebook.com\/thecloset.co.diseno\/?fref=ts\">Facebook<\/a>,\u00a0<a href=\"https:\/\/www.instagram.com\/theclosetco\/\">Instagram<\/a><\/p>\n<p>&nbsp;<\/p>\n<div class=\"blog-content clearfix\">\n<div class=\"content-wrap clearfix\">\n<p>&nbsp;<\/p>\n<\/div>\n<\/div>\n","protected":false},"excerpt":{"rendered":"<p>Combinar faldas estampadas est\u00e1 de moda &#8230; y tu c\u00f3mo lo haces? A menudo puede\u00a0ser complicado\u00a0y esta es la raz\u00f3n por la cual la mayor\u00eda de\u00a0mujeres no lo hacen.\u00a0Conoce estos 3 TIPS ver\u00e1s lo sorprendente y f\u00e1cil que es&#8230;<\/p>\n","protected":false},"author":1,"featured_media":473,"comment_status":"open","ping_status":"open","sticky":false,"template":"","format":"standard","meta":{"footnotes":""},"categories":[5],"tags":[87,58,89,88],"_links":{"self":[{"href":"https:\/\/thecloset.co\/blog\/wp-json\/wp\/v2\/posts\/388"}],"collection":[{"href":"https:\/\/thecloset.co\/blog\/wp-json\/wp\/v2\/posts"}],"about":[{"href":"https:\/\/thecloset.co\/blog\/wp-json\/wp\/v2\/types\/post"}],"author":[{"embeddable":true,"href":"https:\/\/thecloset.co\/blog\/wp-json\/wp\/v2\/users\/1"}],"replies":[{"embeddable":true,"href":"https:\/\/thecloset.co\/blog\/wp-json\/wp\/v2\/comments?post=388"}],"version-history":[{"count":11,"href":"https:\/\/thecloset.co\/blog\/wp-json\/wp\/v2\/posts\/388\/revisions"}],"predecessor-version":[{"id":2057,"href":"https:\/\/thecloset.co\/blog\/wp-json\/wp\/v2\/posts\/388\/revisions\/2057"}],"wp:featuredmedia":[{"embeddable":true,"href":"https:\/\/thecloset.co\/blog\/wp-json\/wp\/v2\/media\/473"}],"wp:attachment":[{"href":"https:\/\/thecloset.co\/blog\/wp-json\/wp\/v2\/media?parent=388"}],"wp:term":[{"taxonomy":"category","embeddable":true,"href":"https:\/\/thecloset.co\/blog\/wp-json\/wp\/v2\/categories?post=388"},{"taxonomy":"post_tag","embeddable":true,"href":"https:\/\/thecloset.co\/blog\/wp-json\/wp\/v2\/tags?post=388"}],"curies":[{"name":"wp","href":"https:\/\/api.w.org\/{rel}","templated":true}]}}