{"id":393,"date":"2015-02-15T16:53:17","date_gmt":"2015-02-15T16:53:17","guid":{"rendered":"http:\/\/thecloset.co\/blog\/?p=393"},"modified":"2017-08-23T21:19:11","modified_gmt":"2017-08-23T21:19:11","slug":"beneficios-andar-bicicleta-theclosetco","status":"publish","type":"post","link":"https:\/\/thecloset.co\/blog\/beneficios-andar-bicicleta-theclosetco\/","title":{"rendered":"Beneficios de andar en bicicleta"},"content":{"rendered":"<div class=\"description clearfix\">\n<h2><strong>La vida es muy corta como para pasarla en un tranc\u00f3n.<\/strong><\/h2>\n<p>Te has preguntado alguna vez, \u00bfcuantas horas del d\u00eda pierdes en un tranc\u00f3n?,\u00a0\u00bfcu\u00e1nto tiempo de tu vida gastas en el tr\u00e1fico de esta ciudad?\u00a0y, peor a\u00fan, \u00bfcu\u00e1nto estr\u00e9s te genera el uso del auto o el servicio p\u00fablico?\u00a0Es frustrante solo pensarlo, sin embargo, la soluci\u00f3n la tienes t\u00fa: an\u00edmate a usar la bici.<\/p>\n<\/div>\n<p><!--more Leer m\u00e1s--><\/p>\n<div class=\"blog-content clearfix\">\n<div class=\"content-wrap clearfix\">\n<div><\/div>\n<div>Deja guardado tu auto 4&#215;4 y m\u00f3ntate en la bici 1&#215;1, no te imaginas lo bien que te vas a sentir. Un d\u00eda en bici es un auto menos en las calles, lo que representa ahorro de tiempo y dinero en costosos parqueaderos.<\/div>\n<div><\/div>\n<div>Evita los trancones y ponte en forma, usar la bici le hace bien a tu salud. Haz parte del cambio, no contamines m\u00e1s el planeta, pedalea y sonr\u00edele a la vida, PARA DE QUEJARTE. La vida es muy corta como para pasarla en un tranc\u00f3n.<\/div>\n<\/div>\n<div><\/div>\n<h3>Beneficios de andar en bicicleta:<\/h3>\n<div>Andar en bici es m\u00e1s f\u00e1cil y r\u00e1pido que caminar, adem\u00e1s, pone una gran sonrisa en tu rostro, conoces lugares impresionantes, descubres paisajes y nuevos amigos, combate la obesidad, reduce el riesgo de infarto, disminuye el calentamiento global y las emisiones de gas.<\/div>\n<div class=\"content-wrap clearfix\">\n<div><\/div>\n<div>Entonces, \u00bfqu\u00e9 esperas para montar tu caballito de acero y salir de la monoton\u00eda?<\/div>\n<\/div>\n<\/div>\n<div>\n<p>Visita nuestra boutique\u00a0<a href=\"http:\/\/thecloset.co\/mujer\">TheCloset.Co<\/a>\u00a0 Calle 80 # 13 &#8211; 09 en Bogot\u00e1-Colombia (detr\u00e1s del CC Atlantis Plaza) #Dise\u00f1oIndependiente #HechoEnColombia #MadeInColombia #CompraColombiano<\/p>\n<p><strong>\u00danete a nuestra red!<\/strong><\/p>\n<p>Si estas interesado en hacer parte de la #RedDeDise\u00f1adores escr\u00edbenos al correo\u00a0<a href=\"mailto:contacto@thecloset.co\">contacto@thecloset.co<\/a>\u00a0con informaci\u00f3n de tu marca y fotos de los productos.<\/p>\n<p>S\u00edguenos en nuestras redes:\u00a0<a href=\"https:\/\/www.facebook.com\/thecloset.co.diseno\/?fref=ts\">Facebook<\/a>,\u00a0<a href=\"https:\/\/www.instagram.com\/theclosetco\/\">Instagram<\/a><\/p>\n<\/div>\n<div><\/div>\n<div><\/div>\n<div><\/div>\n","protected":false},"excerpt":{"rendered":"<p>La vida es muy corta como para pasarla en un tranc\u00f3n. Te has preguntado alguna vez, \u00bfcuantas horas del d\u00eda pierdes en un tranc\u00f3n?,\u00a0\u00bfcu\u00e1nto tiempo de tu vida gastas en el tr\u00e1fico de esta ciudad?\u00a0y, peor a\u00fan, \u00bfcu\u00e1nto estr\u00e9s te genera el uso del auto o el servicio p\u00fablico?\u00a0Es frustrante solo pensarlo, sin embargo, la&#8230;<\/p>\n","protected":false},"author":1,"featured_media":394,"comment_status":"open","ping_status":"open","sticky":false,"template":"","format":"standard","meta":{"footnotes":""},"categories":[1],"tags":[],"_links":{"self":[{"href":"https:\/\/thecloset.co\/blog\/wp-json\/wp\/v2\/posts\/393"}],"collection":[{"href":"https:\/\/thecloset.co\/blog\/wp-json\/wp\/v2\/posts"}],"about":[{"href":"https:\/\/thecloset.co\/blog\/wp-json\/wp\/v2\/types\/post"}],"author":[{"embeddable":true,"href":"https:\/\/thecloset.co\/blog\/wp-json\/wp\/v2\/users\/1"}],"replies":[{"embeddable":true,"href":"https:\/\/thecloset.co\/blog\/wp-json\/wp\/v2\/comments?post=393"}],"version-history":[{"count":14,"href":"https:\/\/thecloset.co\/blog\/wp-json\/wp\/v2\/posts\/393\/revisions"}],"predecessor-version":[{"id":2056,"href":"https:\/\/thecloset.co\/blog\/wp-json\/wp\/v2\/posts\/393\/revisions\/2056"}],"wp:featuredmedia":[{"embeddable":true,"href":"https:\/\/thecloset.co\/blog\/wp-json\/wp\/v2\/media\/394"}],"wp:attachment":[{"href":"https:\/\/thecloset.co\/blog\/wp-json\/wp\/v2\/media?parent=393"}],"wp:term":[{"taxonomy":"category","embeddable":true,"href":"https:\/\/thecloset.co\/blog\/wp-json\/wp\/v2\/categories?post=393"},{"taxonomy":"post_tag","embeddable":true,"href":"https:\/\/thecloset.co\/blog\/wp-json\/wp\/v2\/tags?post=393"}],"curies":[{"name":"wp","href":"https:\/\/api.w.org\/{rel}","templated":true}]}}