{"id":413,"date":"2015-02-09T14:38:31","date_gmt":"2015-02-09T14:38:31","guid":{"rendered":"http:\/\/thecloset.co\/blog\/?p=413"},"modified":"2017-08-23T21:21:12","modified_gmt":"2017-08-23T21:21:12","slug":"destacadas-y-criticadas-grammys-2015","status":"publish","type":"post","link":"https:\/\/thecloset.co\/blog\/destacadas-y-criticadas-grammys-2015\/","title":{"rendered":"Grammys 2015: brillo y transparencias"},"content":{"rendered":"<div class=\"description clearfix\">\n<h2>Premios Grammys 2015:<\/h2>\n<p>La esperada ceremonia de los premios Grammys, como siempre nos deleita con sus fascinantes desfiles de la Alfombra Roja y las presentaciones de los artistas nominados a la estatuilla de oro. Cada a\u00f1o, el evento m\u00e1s importante de la m\u00fasica a nivel mundial, nos presenta un espect\u00e1culo cargado de moda, glamour y shows en vivo.<\/p>\n<\/div>\n<p><!--more Leer m\u00e1s--><\/p>\n<div class=\"blog-content clearfix\">\n<div class=\"content-wrap clearfix\">\n<p>&nbsp;<\/p>\n<p>En la Red Carpet, predominaron los brillos y las transparencias en los atuendos de las celebridades. Aciertos y desaciertos en la selecci\u00f3n de los vestidos y estilismos de la pasarela, son el tema de las principales revistas y blogs de moda.<\/p>\n<p><strong>Lo Mejor de la Alfombra Roja en los Grammy:<\/strong><\/p>\n<p>Los dise\u00f1adores independientes elegimos este trio como las ganadoras a mejor vestidas:<\/p>\n<p><a href=\"http:\/\/thecloset.co\/blog\/wp-content\/uploads\/2015\/08\/grammy-thecloset-001-02.jpg\" data-rel=\"lightbox-image-0\" data-rl_title=\"\" data-rl_caption=\"\" title=\"\"><img loading=\"lazy\" decoding=\"async\" class=\"alignnone size-medium wp-image-414\" src=\"http:\/\/thecloset.co\/blog\/wp-content\/uploads\/2015\/08\/grammy-thecloset-001-02-276x300.jpg\" alt=\"destacadas-grammys-2015\" width=\"276\" height=\"300\" srcset=\"https:\/\/thecloset.co\/blog\/wp-content\/uploads\/2015\/08\/grammy-thecloset-001-02-276x300.jpg 276w, https:\/\/thecloset.co\/blog\/wp-content\/uploads\/2015\/08\/grammy-thecloset-001-02.jpg 435w\" sizes=\"(max-width: 276px) 100vw, 276px\" \/><\/a><\/p>\n<p><strong>1.\u00a0\u00a0\u00a0\u00a0 Rita Ora en Prada.<\/strong> Deslumbrante luci\u00f3 la cantante y actriz de 50 Shades of Grey, con su atuendo plateado. El corte y largo del vestido le favorecieron su figura. Es de destacar que el traje no era demasiado ce\u00f1ido al cuerpo, lo que evito que se viera vulgar. Adem\u00e1s, el nuevo corte de cabello de Ora, fue sin duda el mejor accesorio de la artista.<\/p>\n<p><strong>2.\u00a0\u00a0\u00a0\u00a0 Jessie J en Ralph and Russo.<\/strong> La transparencia bien llevada de este atuendo hizo sobresalir a la cantante y compositora brit\u00e1nica.\u00a0 El color negro de su vestido, le a\u00f1adi\u00f3 glamour al dise\u00f1o. El maquillaje y peinado sobrio de Jessie, lograron una excelente propuesta de estilo.<\/p>\n<p><strong>3.\u00a0\u00a0\u00a0\u00a0 Ciara en Alexandre Vauthier.<\/strong>\u00a0 La cantante americana, por su parte fue m\u00e1s atrevida en su atuendo. El exquisito corte del vestido negro que luci\u00f3 resalt\u00f3 en la pasarela, el frente del vestido dejaba mostrar sus hermosas piernas y la parte de atr\u00e1s, terminaba en una imponente cola.<\/p>\n<p><strong>Lo Menos destacado de los Grammys:<\/strong><\/p>\n<p><a href=\"http:\/\/thecloset.co\/blog\/wp-content\/uploads\/2015\/08\/grammy-thecloset-001-03.jpg\" data-rel=\"lightbox-image-1\" data-rl_title=\"\" data-rl_caption=\"\" title=\"\"><img loading=\"lazy\" decoding=\"async\" class=\"alignnone size-medium wp-image-415\" src=\"http:\/\/thecloset.co\/blog\/wp-content\/uploads\/2015\/08\/grammy-thecloset-001-03-276x300.jpg\" alt=\"criticadas-grammys-2015\" width=\"276\" height=\"300\" srcset=\"https:\/\/thecloset.co\/blog\/wp-content\/uploads\/2015\/08\/grammy-thecloset-001-03-276x300.jpg 276w, https:\/\/thecloset.co\/blog\/wp-content\/uploads\/2015\/08\/grammy-thecloset-001-03.jpg 435w\" sizes=\"(max-width: 276px) 100vw, 276px\" \/><\/a><\/p>\n<p>Entre los desaciertos de la Red Carpet, tenemos que mencionar a la popular Kim Kardashian quien visti\u00f3 un dise\u00f1o de Jean Paul Gaultier muy al estilo de Hugh Hefner, la \u201cbata de ba\u00f1o\u201d para nada favoreci\u00f3 la peque\u00f1a figura de la modelo.<\/p>\n<p>Rihanna tambi\u00e9n dej\u00f3 al p\u00fablico desconcertado con su atuendo de Giambattista Valli, la cantante parec\u00eda pose\u00edda por el enorme vestido rosa que escond\u00eda completamente su figura. La artista que acostumbra lucir atuendos mas atrevidos, desilusion\u00f3 en la pasarela.<\/p>\n<p>Madonna por su parte fue la peor vestida a nuestro juicio, la diva no se cansa de sorprender al p\u00fablico con sus desatinos en la alfombra roja. La cantante luci\u00f3 un dise\u00f1o de Givenchi que nada le favorec\u00eda a su edad, fue una combinaci\u00f3n extra\u00f1a entre torera y princesa guerrera.<\/p>\n<p>Visita nuestra boutique\u00a0<a href=\"http:\/\/thecloset.co\/mujer\">TheCloset.Co<\/a>\u00a0 Calle 80 # 13 &#8211; 09 en Bogot\u00e1-Colombia (detr\u00e1s del CC Atlantis Plaza) #Dise\u00f1oIndependiente #HechoEnColombia #MadeInColombia #CompraColombiano<\/p>\n<p><strong>\u00danete a nuestra red!<\/strong><\/p>\n<p>Si estas interesado en hacer parte de la #RedDeDise\u00f1adores escr\u00edbenos al correo\u00a0<a href=\"mailto:contacto@thecloset.co\">contacto@thecloset.co<\/a>\u00a0con informaci\u00f3n de tu marca y fotos de los productos.<\/p>\n<p>S\u00edguenos en nuestras redes:\u00a0<a href=\"https:\/\/www.facebook.com\/thecloset.co.diseno\/?fref=ts\">Facebook<\/a>,\u00a0<a href=\"https:\/\/www.instagram.com\/theclosetco\/\">Instagram<\/a><\/p>\n<p><em><strong>\u00a0<\/strong><\/em><\/p>\n<p>&nbsp;<\/p>\n<\/div>\n<\/div>\n","protected":false},"excerpt":{"rendered":"<p>Premios Grammys 2015: La esperada ceremonia de los premios Grammys, como siempre nos deleita con sus fascinantes desfiles de la Alfombra Roja y las presentaciones de los artistas nominados a la estatuilla de oro. Cada a\u00f1o, el evento m\u00e1s importante de la m\u00fasica a nivel mundial, nos presenta un espect\u00e1culo cargado de moda, glamour y&#8230;<\/p>\n","protected":false},"author":1,"featured_media":416,"comment_status":"open","ping_status":"open","sticky":false,"template":"","format":"standard","meta":{"footnotes":""},"categories":[1],"tags":[],"_links":{"self":[{"href":"https:\/\/thecloset.co\/blog\/wp-json\/wp\/v2\/posts\/413"}],"collection":[{"href":"https:\/\/thecloset.co\/blog\/wp-json\/wp\/v2\/posts"}],"about":[{"href":"https:\/\/thecloset.co\/blog\/wp-json\/wp\/v2\/types\/post"}],"author":[{"embeddable":true,"href":"https:\/\/thecloset.co\/blog\/wp-json\/wp\/v2\/users\/1"}],"replies":[{"embeddable":true,"href":"https:\/\/thecloset.co\/blog\/wp-json\/wp\/v2\/comments?post=413"}],"version-history":[{"count":4,"href":"https:\/\/thecloset.co\/blog\/wp-json\/wp\/v2\/posts\/413\/revisions"}],"predecessor-version":[{"id":2058,"href":"https:\/\/thecloset.co\/blog\/wp-json\/wp\/v2\/posts\/413\/revisions\/2058"}],"wp:featuredmedia":[{"embeddable":true,"href":"https:\/\/thecloset.co\/blog\/wp-json\/wp\/v2\/media\/416"}],"wp:attachment":[{"href":"https:\/\/thecloset.co\/blog\/wp-json\/wp\/v2\/media?parent=413"}],"wp:term":[{"taxonomy":"category","embeddable":true,"href":"https:\/\/thecloset.co\/blog\/wp-json\/wp\/v2\/categories?post=413"},{"taxonomy":"post_tag","embeddable":true,"href":"https:\/\/thecloset.co\/blog\/wp-json\/wp\/v2\/tags?post=413"}],"curies":[{"name":"wp","href":"https:\/\/api.w.org\/{rel}","templated":true}]}}