{"id":419,"date":"2015-04-20T14:49:08","date_gmt":"2015-04-20T14:49:08","guid":{"rendered":"http:\/\/thecloset.co\/blog\/?p=419"},"modified":"2017-08-23T21:17:22","modified_gmt":"2017-08-23T21:17:22","slug":"emprendimiento-reto-nuevos-profesionales","status":"publish","type":"post","link":"https:\/\/thecloset.co\/blog\/emprendimiento-reto-nuevos-profesionales\/","title":{"rendered":"Emprendimiento, el reto de los nuevos profesionales"},"content":{"rendered":"<div class=\"description clearfix\">\n<h2><strong>Gu\u00eda b\u00e1sica para ser empresario y no morir en el intento: parte 1.<\/strong><\/h2>\n<p>Los j\u00f3venes y nuevos profesionales cada vez sorprenden m\u00e1s con su iniciativa y capacidad para emprender negocios.\u00a0Y es que, el mercado as\u00ed lo requiere: no existen suficientes ofertas de empleo ni empresas para trabajar. Sin embargo, existe una importante demanda en servicios espec\u00edficos para profesionales independientes.<\/p>\n<\/div>\n<p><!--more Leer m\u00e1s--><\/p>\n<div class=\"blog-content clearfix\">\n<div class=\"content-wrap clearfix\">\n<p>&nbsp;<\/p>\n<p>El camino del emprendimiento no es f\u00e1cil, requiere de mucha disciplina y determinaci\u00f3n. Aunque el proceso requiera sacrificios, al final es m\u00e1s satisfactorio, pues est\u00e1s trabajando en tu propio negocio y eres el jefe. Dise\u00f1adores, creativos y artistas independientes le apuntan cada vez m\u00e1s a ser empresarios.<\/p>\n<h3>Algunas recomendaciones:<\/h3>\n<p>1. Equiv\u00f3quese r\u00e1pido y barato, apres\u00farese a corregir errores y seguir adelante.<\/p>\n<p>2. No sea testarudo en su idea de negocio ni se apasione desmedidamente, si no es viable reval\u00fae su proyecto.<\/p>\n<p>3. Evite endeudarse en los primeros a\u00f1os de operaci\u00f3n de su negocio, mejor ahorre e invierta.<\/p>\n<p>4. Testee el mercado con anterioridad, hable directamente con su clientes potenciales.<\/p>\n<p>5. Su proyecto de negocio es su proyecto de vida, en 10 a\u00f1os preg\u00fantese si har\u00eda lo mismo pese a todo.<\/p>\n<p>6. Procure seguir creciendo como persona as\u00ed como crece su negocio, capac\u00edtese y adquiera conocimientos b\u00e1sicos sobre todas las \u00e1reas de la empresa.<\/p>\n<p>7. Proyecte metas a corto y largo plazo, revise continuamente si va en el camino correcto.<\/p>\n<p>8. Haga un DOFA de su negocio, identifique por lo menos 10 debilidades y 10 fortalezas.<\/p>\n<p>9. Encuentre el core de su negocio, cu\u00e1l es el coraz\u00f3n de su empresa.<\/p>\n<p>10. Explore el mercado objetivo, detectando amenazas y volvi\u00e9ndolas oportunidades.<\/p>\n<p>11. Cumpla todas sus citas, nunca llegue tarde. Administre adecuadamente su tiempo.<\/p>\n<p>12. Ad\u00e1ptese al cambio y haga ajustes a su proyecto con la l\u00ednea de tiempo.<\/p>\n<p>13. Eval\u00fae oportunidades de negocios con fondos de capital semilla, fondos de inversi\u00f3n y redes de inversionistas.<\/p>\n<p>14. Proy\u00e9ctese: estructure su idea de negocio, defina su misi\u00f3n, visi\u00f3n y objetivos.<\/p>\n<p>15. Recuerde que fracasar no es ser un fracasado, deber\u00e1 equivocarse para aprender y adquirir experiencia.<\/p>\n<p>Estas recomendaciones fueron recientemente analizadas en los talleres de formaci\u00f3n para emprendedores liderados por <strong>TheCloset.co<\/strong> con el apoyo del Instituto de Emprendimiento, Liderazgo e Innovaci\u00f3n \u2013 <a href=\"http:\/\/emprendimiento.ean.edu.co\/seccion\/inicio.html\" target=\"_blank\">IDELI<\/a>\u00a0de la <strong>Universidad EAN<\/strong>. Las jornadas de capacitaci\u00f3n, permitieron que los dise\u00f1adores independientes vinculados a este colectivo de emprendedores, profundizaran en temas de liderazgo, innovaci\u00f3n, branding, mercadeo, finanzas e inversi\u00f3n, entre otros.<\/p>\n<p><a href=\"http:\/\/thecloset.co\/blog\/wp-content\/uploads\/2015\/08\/IMG_5877.jpg\" data-rel=\"lightbox-image-0\" data-rl_title=\"\" data-rl_caption=\"\" title=\"\"><img loading=\"lazy\" decoding=\"async\" class=\"alignnone size-medium wp-image-420\" src=\"http:\/\/thecloset.co\/blog\/wp-content\/uploads\/2015\/08\/IMG_5877-300x200.jpg\" alt=\"capacitacion_thecloset01\" width=\"300\" height=\"200\" srcset=\"https:\/\/thecloset.co\/blog\/wp-content\/uploads\/2015\/08\/IMG_5877-300x200.jpg 300w, https:\/\/thecloset.co\/blog\/wp-content\/uploads\/2015\/08\/IMG_5877-600x400.jpg 600w, https:\/\/thecloset.co\/blog\/wp-content\/uploads\/2015\/08\/IMG_5877-1024x683.jpg 1024w, https:\/\/thecloset.co\/blog\/wp-content\/uploads\/2015\/08\/IMG_5877.jpg 1920w\" sizes=\"(max-width: 300px) 100vw, 300px\" \/><\/a>\u00a0 \u00a0<a href=\"http:\/\/thecloset.co\/blog\/wp-content\/uploads\/2015\/08\/IMG_6364.jpg\" data-rel=\"lightbox-image-1\" data-rl_title=\"\" data-rl_caption=\"\" title=\"\"><img loading=\"lazy\" decoding=\"async\" class=\"alignnone size-medium wp-image-428\" src=\"http:\/\/thecloset.co\/blog\/wp-content\/uploads\/2015\/08\/IMG_6364-300x200.jpg\" alt=\"capacitacion-thecloset02\" width=\"300\" height=\"200\" srcset=\"https:\/\/thecloset.co\/blog\/wp-content\/uploads\/2015\/08\/IMG_6364-300x200.jpg 300w, https:\/\/thecloset.co\/blog\/wp-content\/uploads\/2015\/08\/IMG_6364-600x400.jpg 600w, https:\/\/thecloset.co\/blog\/wp-content\/uploads\/2015\/08\/IMG_6364-1024x683.jpg 1024w, https:\/\/thecloset.co\/blog\/wp-content\/uploads\/2015\/08\/IMG_6364.jpg 1920w\" sizes=\"(max-width: 300px) 100vw, 300px\" \/><\/a><\/p>\n<p><a href=\"http:\/\/thecloset.co\/blog\/wp-content\/uploads\/2015\/08\/IMG_5892.jpg\" data-rel=\"lightbox-image-2\" data-rl_title=\"\" data-rl_caption=\"\" title=\"\"><img loading=\"lazy\" decoding=\"async\" class=\"alignnone size-medium wp-image-422\" src=\"http:\/\/thecloset.co\/blog\/wp-content\/uploads\/2015\/08\/IMG_5892-300x169.jpg\" alt=\"capacitacion-thecloset03\" width=\"300\" height=\"169\" srcset=\"https:\/\/thecloset.co\/blog\/wp-content\/uploads\/2015\/08\/IMG_5892-300x169.jpg 300w, https:\/\/thecloset.co\/blog\/wp-content\/uploads\/2015\/08\/IMG_5892-600x338.jpg 600w, https:\/\/thecloset.co\/blog\/wp-content\/uploads\/2015\/08\/IMG_5892-1024x576.jpg 1024w, https:\/\/thecloset.co\/blog\/wp-content\/uploads\/2015\/08\/IMG_5892.jpg 1920w\" sizes=\"(max-width: 300px) 100vw, 300px\" \/><\/a>\u00a0 \u00a0<a href=\"http:\/\/thecloset.co\/blog\/wp-content\/uploads\/2015\/08\/IMG_5914.jpg\" data-rel=\"lightbox-image-3\" data-rl_title=\"\" data-rl_caption=\"\" title=\"\"><img loading=\"lazy\" decoding=\"async\" class=\"alignnone size-medium wp-image-423\" src=\"http:\/\/thecloset.co\/blog\/wp-content\/uploads\/2015\/08\/IMG_5914-300x169.jpg\" alt=\"capacitacion-thecloset03\" width=\"300\" height=\"169\" srcset=\"https:\/\/thecloset.co\/blog\/wp-content\/uploads\/2015\/08\/IMG_5914-300x169.jpg 300w, https:\/\/thecloset.co\/blog\/wp-content\/uploads\/2015\/08\/IMG_5914-600x338.jpg 600w, https:\/\/thecloset.co\/blog\/wp-content\/uploads\/2015\/08\/IMG_5914-1024x576.jpg 1024w, https:\/\/thecloset.co\/blog\/wp-content\/uploads\/2015\/08\/IMG_5914.jpg 1920w\" sizes=\"(max-width: 300px) 100vw, 300px\" \/><\/a><\/p>\n<p><a href=\"http:\/\/thecloset.co\/blog\/wp-content\/uploads\/2015\/08\/IMG_6346.jpg\" data-rel=\"lightbox-image-4\" data-rl_title=\"\" data-rl_caption=\"\" title=\"\"><img loading=\"lazy\" decoding=\"async\" class=\"alignnone size-medium wp-image-424\" src=\"http:\/\/thecloset.co\/blog\/wp-content\/uploads\/2015\/08\/IMG_6346-300x200.jpg\" alt=\"capacitacion-thecloset05\" width=\"300\" height=\"200\" srcset=\"https:\/\/thecloset.co\/blog\/wp-content\/uploads\/2015\/08\/IMG_6346-300x200.jpg 300w, https:\/\/thecloset.co\/blog\/wp-content\/uploads\/2015\/08\/IMG_6346-600x400.jpg 600w, https:\/\/thecloset.co\/blog\/wp-content\/uploads\/2015\/08\/IMG_6346-1024x683.jpg 1024w, https:\/\/thecloset.co\/blog\/wp-content\/uploads\/2015\/08\/IMG_6346.jpg 1920w\" sizes=\"(max-width: 300px) 100vw, 300px\" \/><\/a>\u00a0 \u00a0<a href=\"http:\/\/thecloset.co\/blog\/wp-content\/uploads\/2015\/08\/IMG_6374.jpg\" data-rel=\"lightbox-image-5\" data-rl_title=\"\" data-rl_caption=\"\" title=\"\"><img loading=\"lazy\" decoding=\"async\" class=\"alignnone size-medium wp-image-425\" src=\"http:\/\/thecloset.co\/blog\/wp-content\/uploads\/2015\/08\/IMG_6374-300x200.jpg\" alt=\"capacitacion-thecloset06\" width=\"300\" height=\"200\" srcset=\"https:\/\/thecloset.co\/blog\/wp-content\/uploads\/2015\/08\/IMG_6374-300x200.jpg 300w, https:\/\/thecloset.co\/blog\/wp-content\/uploads\/2015\/08\/IMG_6374-600x400.jpg 600w, https:\/\/thecloset.co\/blog\/wp-content\/uploads\/2015\/08\/IMG_6374-1024x683.jpg 1024w, https:\/\/thecloset.co\/blog\/wp-content\/uploads\/2015\/08\/IMG_6374.jpg 1920w\" sizes=\"(max-width: 300px) 100vw, 300px\" \/><\/a><\/p>\n<p>Visita nuestra boutique\u00a0<a href=\"http:\/\/thecloset.co\/mujer\">TheCloset.Co<\/a>\u00a0 Calle 80 # 13 &#8211; 09 en Bogot\u00e1-Colombia (detr\u00e1s del CC Atlantis Plaza) #Dise\u00f1oIndependiente #HechoEnColombia #MadeInColombia #CompraColombiano<\/p>\n<p><strong>\u00danete a nuestra red!<\/strong><\/p>\n<p>Si estas interesado en hacer parte de la #RedDeDise\u00f1adores escr\u00edbenos al correo\u00a0<a href=\"mailto:contacto@thecloset.co\">contacto@thecloset.co<\/a>\u00a0con informaci\u00f3n de tu marca y fotos de los productos.<\/p>\n<p>S\u00edguenos en nuestras redes:\u00a0<a href=\"https:\/\/www.facebook.com\/thecloset.co.diseno\/?fref=ts\">Facebook<\/a>,\u00a0<a href=\"https:\/\/www.instagram.com\/theclosetco\/\">Instagram<\/a><\/p>\n<p>&nbsp;<\/p>\n<\/div>\n<\/div>\n","protected":false},"excerpt":{"rendered":"<p>Gu\u00eda b\u00e1sica para ser empresario y no morir en el intento: parte 1. Los j\u00f3venes y nuevos profesionales cada vez sorprenden m\u00e1s con su iniciativa y capacidad para emprender negocios.\u00a0Y es que, el mercado as\u00ed lo requiere: no existen suficientes ofertas de empleo ni empresas para trabajar. Sin embargo, existe una importante demanda en servicios&#8230;<\/p>\n","protected":false},"author":1,"featured_media":480,"comment_status":"open","ping_status":"open","sticky":false,"template":"","format":"standard","meta":{"footnotes":""},"categories":[1],"tags":[],"_links":{"self":[{"href":"https:\/\/thecloset.co\/blog\/wp-json\/wp\/v2\/posts\/419"}],"collection":[{"href":"https:\/\/thecloset.co\/blog\/wp-json\/wp\/v2\/posts"}],"about":[{"href":"https:\/\/thecloset.co\/blog\/wp-json\/wp\/v2\/types\/post"}],"author":[{"embeddable":true,"href":"https:\/\/thecloset.co\/blog\/wp-json\/wp\/v2\/users\/1"}],"replies":[{"embeddable":true,"href":"https:\/\/thecloset.co\/blog\/wp-json\/wp\/v2\/comments?post=419"}],"version-history":[{"count":6,"href":"https:\/\/thecloset.co\/blog\/wp-json\/wp\/v2\/posts\/419\/revisions"}],"predecessor-version":[{"id":2054,"href":"https:\/\/thecloset.co\/blog\/wp-json\/wp\/v2\/posts\/419\/revisions\/2054"}],"wp:featuredmedia":[{"embeddable":true,"href":"https:\/\/thecloset.co\/blog\/wp-json\/wp\/v2\/media\/480"}],"wp:attachment":[{"href":"https:\/\/thecloset.co\/blog\/wp-json\/wp\/v2\/media?parent=419"}],"wp:term":[{"taxonomy":"category","embeddable":true,"href":"https:\/\/thecloset.co\/blog\/wp-json\/wp\/v2\/categories?post=419"},{"taxonomy":"post_tag","embeddable":true,"href":"https:\/\/thecloset.co\/blog\/wp-json\/wp\/v2\/tags?post=419"}],"curies":[{"name":"wp","href":"https:\/\/api.w.org\/{rel}","templated":true}]}}