{"id":542,"date":"2015-09-16T14:35:08","date_gmt":"2015-09-16T14:35:08","guid":{"rendered":"http:\/\/thecloset.co\/blog\/?p=542"},"modified":"2017-08-23T21:01:32","modified_gmt":"2017-08-23T21:01:32","slug":"brillo-y-lentejuelas-la-apuesta-de-paola-alonso","status":"publish","type":"post","link":"https:\/\/thecloset.co\/blog\/brillo-y-lentejuelas-la-apuesta-de-paola-alonso\/","title":{"rendered":"Brillo y lentejuelas: la apuesta de Paola Alonso"},"content":{"rendered":"<h3><strong>Conoce a nuestros dise\u00f1adores y \u00fanete a la #RedDeDise\u00f1adores<\/strong><\/h3>\n<p><strong><a href=\"http:\/\/thecloset.co\/Paola-alonso-sequin-art-cojines-lentejuelas\" target=\"_blank\">Paola Alonso<\/a><\/strong>\u00a0es una mujer que decidi\u00f3 salir de su zona de confort para inspirar a otros a emprender sus sue\u00f1os a trav\u00e9s de historias contadas con lentejuelas. Una publicista de profesi\u00f3n y artista de coraz\u00f3n que est\u00e1 convencida de que solo tiene una oportunidad para hacer lo que realmente le gusta y luchar por ello. Una mujer enamorada de Dios y convencida de que \u00c9l es su principal inspiraci\u00f3n.<\/p>\n<p><!--moreLeer m\u00e1s--><\/p>\n<p><strong>\u00bfQu\u00e9 es Paola Alonso Sequin Art?, cu\u00e9ntanos sobre tu marca\u2026<\/strong><\/p>\n<p><a href=\"http:\/\/thecloset.co\/Paola-alonso-sequin-art-cojines-lentejuelas\" target=\"_blank\">Paola Alonso<\/a> m\u00e1s que una marca, un proyecto de vida que consiste en generar experiencias a trav\u00e9s del arte con lentejuelas y elementos de brillo.<\/p>\n<p><strong>\u00bfPor qu\u00e9 decidiste emprender en el sector de la moda\/dise\u00f1o?<\/strong><\/p>\n<p>Las lentejuleas fueron creadas para darle un car\u00e1cter diferente a la mujer desde sus prendas, por esto, me atrev\u00ed a proponer un concepto nuevo alrededor del brillo, a contar una nueva historia por medio del arte y la moda.<\/p>\n<p><strong>\u00bfPara ti que es el dise\u00f1o?<\/strong><\/p>\n<p>Es el orden y la proporci\u00f3n que decidimos darle a todo, desde una palabra o un pensamiento, hasta una forma o un color.<\/p>\n<p><strong>\u00bfQu\u00e9 cosas inspiran tu lado creativo?<\/strong><\/p>\n<p>La vida, la naturaleza, las personas, y Dios, mi fuente pura de inspiraci\u00f3n.<\/p>\n<p><strong>\u00bfA qu\u00e9 dise\u00f1ador\/empresario admiras y por qu\u00e9?<\/strong><\/p>\n<p>Walt Disney, invent\u00f3 un mundo de fantas\u00eda por el que pagamos por ir a disfrutarlo.<\/p>\n<p><strong>\u00bfUn libro que recomiendes y por qu\u00e9?<\/strong><\/p>\n<p>Una Vida con Prop\u00f3sito de Rick Warren,\u00a0 es b\u00e1sico saber para qu\u00e9 estamos en este mundo.<\/p>\n<p><strong>\u00bfQu\u00e9 ciudad\/pa\u00eds te gustar\u00eda conocer y por qu\u00e9?<\/strong><\/p>\n<p>Grecia, me parece muy interesante su dise\u00f1o arquitect\u00f3nico, creo que visualmente ser\u00eda un lugar de gran inspiraci\u00f3n<\/p>\n<p><strong>\u00bfQu\u00e9 nuevos proyectos vienen para tu marca?<\/strong><\/p>\n<p>Una colecci\u00f3n de camisetas c\u00f3modas y con el infaltable: \u201c<a href=\"http:\/\/thecloset.co\/Paola-alonso-sequin-art-cojines-lentejuelas\" target=\"_blank\">SequinArt<\/a>\u201d<\/p>\n<p><strong>Por \u00faltimo, qu\u00e9 guardas en tu Cl\u00f3set?<\/strong><\/p>\n<p>Prendas de dise\u00f1ador, de <em>fast fashion<\/em>, de <em>San Andresito, de la 9na<\/em>, de promoci\u00f3n con el 50%, de las manos de mi madre y\u00a0 por supuesto, de <strong>Paola Alonso.<\/strong><\/p>\n<p>Visita nuestra boutique\u00a0<a href=\"http:\/\/thecloset.co\/mujer\">TheCloset.Co<\/a>\u00a0 Calle 80 # 13 &#8211; 09 en Bogot\u00e1-Colombia (detr\u00e1s del CC Atlantis Plaza) #Dise\u00f1oIndependiente #HechoEnColombia #MadeInColombia #CompraColombiano<\/p>\n<p><strong>\u00danete a nuestra red!<\/strong><\/p>\n<p>Si estas interesado en hacer parte de la #RedDeDise\u00f1adores escr\u00edbenos al correo\u00a0<a href=\"mailto:contacto@thecloset.co\">contacto@thecloset.co<\/a>\u00a0con informaci\u00f3n de tu marca y fotos de los productos.<\/p>\n<p>S\u00edguenos en nuestras redes:\u00a0<a href=\"https:\/\/www.facebook.com\/thecloset.co.diseno\/?fref=ts\">Facebook<\/a>,\u00a0<a href=\"https:\/\/www.instagram.com\/theclosetco\/\">Instagram<\/a><\/p>\n","protected":false},"excerpt":{"rendered":"<p>Conoce a nuestros dise\u00f1adores y \u00fanete a la #RedDeDise\u00f1adores Paola Alonso\u00a0es una mujer que decidi\u00f3 salir de su zona de confort para inspirar a otros a emprender sus sue\u00f1os a trav\u00e9s de historias contadas con lentejuelas. Una publicista de profesi\u00f3n y artista de coraz\u00f3n que est\u00e1 convencida de que solo tiene una oportunidad para hacer&#8230;<\/p>\n","protected":false},"author":1,"featured_media":543,"comment_status":"open","ping_status":"open","sticky":false,"template":"","format":"standard","meta":{"footnotes":""},"categories":[5],"tags":[],"_links":{"self":[{"href":"https:\/\/thecloset.co\/blog\/wp-json\/wp\/v2\/posts\/542"}],"collection":[{"href":"https:\/\/thecloset.co\/blog\/wp-json\/wp\/v2\/posts"}],"about":[{"href":"https:\/\/thecloset.co\/blog\/wp-json\/wp\/v2\/types\/post"}],"author":[{"embeddable":true,"href":"https:\/\/thecloset.co\/blog\/wp-json\/wp\/v2\/users\/1"}],"replies":[{"embeddable":true,"href":"https:\/\/thecloset.co\/blog\/wp-json\/wp\/v2\/comments?post=542"}],"version-history":[{"count":11,"href":"https:\/\/thecloset.co\/blog\/wp-json\/wp\/v2\/posts\/542\/revisions"}],"predecessor-version":[{"id":2041,"href":"https:\/\/thecloset.co\/blog\/wp-json\/wp\/v2\/posts\/542\/revisions\/2041"}],"wp:featuredmedia":[{"embeddable":true,"href":"https:\/\/thecloset.co\/blog\/wp-json\/wp\/v2\/media\/543"}],"wp:attachment":[{"href":"https:\/\/thecloset.co\/blog\/wp-json\/wp\/v2\/media?parent=542"}],"wp:term":[{"taxonomy":"category","embeddable":true,"href":"https:\/\/thecloset.co\/blog\/wp-json\/wp\/v2\/categories?post=542"},{"taxonomy":"post_tag","embeddable":true,"href":"https:\/\/thecloset.co\/blog\/wp-json\/wp\/v2\/tags?post=542"}],"curies":[{"name":"wp","href":"https:\/\/api.w.org\/{rel}","templated":true}]}}