{"id":592,"date":"2015-10-13T17:27:36","date_gmt":"2015-10-13T17:27:36","guid":{"rendered":"http:\/\/thecloset.co\/blog\/?p=592"},"modified":"2017-08-23T20:59:35","modified_gmt":"2017-08-23T20:59:35","slug":"industria-de-la-moda-theclosetco","status":"publish","type":"post","link":"https:\/\/thecloset.co\/blog\/industria-de-la-moda-theclosetco\/","title":{"rendered":"La industria de la moda, una ventana para los nuevos talentos."},"content":{"rendered":"<h3><strong>\u00bfPara qu\u00e9 sirve la moda?<\/strong><\/h3>\n<p>Como dise\u00f1adores debemos entender la importancia de la inmediatez que ofrece el e-commerce, explorar nuevos medios de comercio y permitir que nuestra marca despegue tanto como lo deseamos, para mostrar al mundo de lo que estamos hechos.<\/p>\n<p><!--moreLeer m\u00e1s--><\/p>\n<p><strong><a href=\"http:\/\/thecloset.co\/blog\/wp-content\/uploads\/2015\/10\/IMG_6309-2.jpg\" data-rel=\"lightbox-image-0\" data-rl_title=\"\" data-rl_caption=\"\" title=\"\"><img loading=\"lazy\" decoding=\"async\" class=\"alignnone size-full wp-image-594\" src=\"http:\/\/thecloset.co\/blog\/wp-content\/uploads\/2015\/10\/IMG_6309-2.jpg\" alt=\"IMG_6309 (2)\" width=\"4272\" height=\"2848\" srcset=\"https:\/\/thecloset.co\/blog\/wp-content\/uploads\/2015\/10\/IMG_6309-2.jpg 4272w, https:\/\/thecloset.co\/blog\/wp-content\/uploads\/2015\/10\/IMG_6309-2-600x400.jpg 600w, https:\/\/thecloset.co\/blog\/wp-content\/uploads\/2015\/10\/IMG_6309-2-300x200.jpg 300w, https:\/\/thecloset.co\/blog\/wp-content\/uploads\/2015\/10\/IMG_6309-2-1024x683.jpg 1024w, https:\/\/thecloset.co\/blog\/wp-content\/uploads\/2015\/10\/IMG_6309-2-2048x1365.jpg 2048w\" sizes=\"(max-width: 4272px) 100vw, 4272px\" \/><\/a><\/strong><\/p>\n<p>Es una pregunta que muchos se hacen y muy pocos saben responder, la moda sirve para TODO. Es una industria que mueve millones alrededor del mundo y que involucra cientos de otras industrias relacionadas. Gracias a los dise\u00f1adores y sus creaciones puedan realizarse eventos como las semanas de moda, y es all\u00ed, en donde las grandes ciudades activan su econom\u00eda, se promueve el turismo y el reconocimiento internacional.<\/p>\n<h3><strong>\u00a0\u00bfPor qu\u00e9 las semanas de la moda se vuelven eventos de gran magnitud?<\/strong><\/h3>\n<p>Porque involucran muchos sectores y son eventos medi\u00e1ticos que aumentan la reputaci\u00f3n de una ciudad. Estos eventos permiten generar ventanas para los dise\u00f1adores emergentes y que sus creaciones sean vistas en el mundo, mostrando el talento local y lo que quieren aportarle a la industria. Sin embargo, nos encontramos con un factor des-estimulante para el dise\u00f1ador en s\u00ed, y es que este tipo de eventos son muy visibles pero comercialmente poco rentables; es decir, sus pasarelas de 11 minutos son espectaculares y aplaudidas, pero todas sus creaciones no son vendidas, con lo cual van a parar de nuevo a los talleres.<\/p>\n<p>Debemos tener en cuenta que hoy por hoy las cosas cambian de un d\u00eda para otro, gracias a internet contamos con un consumidor m\u00e1s consciente y selectivo, las noticias son virales y las opiniones que se tienen de una marca viajan a la velocidad de un clic. \u00a0El usuario final esta detr\u00e1s de una pantalla siguiendo de \u201ccerca\u201d todo lo que acontezca, viendo tendencias y haciendo su propio criterio de las colecciones, para despu\u00e9s adaptarlo a su estilo.<\/p>\n<p>Entender al consumidor actual es esencial, debemos ofrecerle la inmediatez que brindan los e-commerce, una forma de transacci\u00f3n de productos segura a trav\u00e9s de la internet; \u00a0ya que hoy en d\u00eda las personas prefieren comprar desde el sof\u00e1 de su casa u oficina. El tiempo es muy reducido como para irse de compras y la industria de la moda, debe adaptarse a esos nuevos clientes que est\u00e1n \u00aben l\u00ednea\u00bb.<\/p>\n<p>Es por ello que, la comuni\u00f3n entre los e-commerce y las marcas de dise\u00f1o independiente -moda exclusiva y diferente-, es de vital importancia para desarrollar un ecosistema de emprendimiento a trav\u00e9s del social media e internet, que promueva estos nuevos artistas y los ayude a comercializar sus productos.<\/p>\n<p>Con esto, encontramos muchas cosas para poner en pr\u00e1ctica en nuestro pa\u00eds Colombia y el compromiso que debemos adquirir para que todo pueda volverse funcional y a favor de toda la industria de la moda.<\/p>\n<p>Muy importante fortalecer la exposici\u00f3n de las marcas en internet, si no mostramos no vendemos. As\u00ed mismo, es necesario activar la creatividad en los show rooms, pasarelas y ser innovadores en las redes sociales. Los dise\u00f1adores emergentes deben apostarle a su sue\u00f1o, trabajar en su objetivo, establecer alianzas y\u00a0hacer\u00a0mover su caja registradora.<\/p>\n<p>El anterior an\u00e1lisis de la industria de la moda, se debati\u00f3 en el conversatorio\u00a0<em>\u00bfImagen, negocio o ambas?, <\/em>realizado en el<em>\u00a0<\/em>Aeropuerto Internacional El Dorado, en el marco del evento Bogot\u00e1 Fashion Week 2015. Un espacio lleno de moda, opiniones y artistas, que se apodero de las miradas de los viajeros y llam\u00f3 la atenci\u00f3n de muchas personas de la industria, incluy\u00e9ndonos.<\/p>\n<p>Participaron de este conversatorio, expositores como Pilar Casta\u00f1o, Daniela Morgenstern e Ita Mar\u00eda, entre otros, con pensamientos e ideas que nos dan un percepci\u00f3n real de lo que acontece en la industria de la moda.<\/p>\n<p>Visita nuestra boutique\u00a0<a href=\"http:\/\/thecloset.co\/mujer\">TheCloset.Co<\/a>\u00a0 Calle 80 # 13 &#8211; 09 en Bogot\u00e1-Colombia (detr\u00e1s del CC Atlantis Plaza) #Dise\u00f1oIndependiente #HechoEnColombia #MadeInColombia #CompraColombiano<\/p>\n<p><strong>\u00danete a nuestra red!<\/strong><\/p>\n<p>Si estas interesado en hacer parte de la #RedDeDise\u00f1adores escr\u00edbenos al correo\u00a0<a href=\"mailto:contacto@thecloset.co\">contacto@thecloset.co<\/a>\u00a0con informaci\u00f3n de tu marca y fotos de los productos.<\/p>\n<p>S\u00edguenos en nuestras redes:\u00a0<a href=\"https:\/\/www.facebook.com\/thecloset.co.diseno\/?fref=ts\">Facebook<\/a>,\u00a0<a href=\"https:\/\/www.instagram.com\/theclosetco\/\">Instagram<\/a><\/p>\n<p>&nbsp;<\/p>\n<p>&nbsp;<\/p>\n","protected":false},"excerpt":{"rendered":"<p>\u00bfPara qu\u00e9 sirve la moda? Como dise\u00f1adores debemos entender la importancia de la inmediatez que ofrece el e-commerce, explorar nuevos medios de comercio y permitir que nuestra marca despegue tanto como lo deseamos, para mostrar al mundo de lo que estamos hechos.<\/p>\n","protected":false},"author":1,"featured_media":593,"comment_status":"open","ping_status":"open","sticky":false,"template":"","format":"standard","meta":{"footnotes":""},"categories":[14],"tags":[],"_links":{"self":[{"href":"https:\/\/thecloset.co\/blog\/wp-json\/wp\/v2\/posts\/592"}],"collection":[{"href":"https:\/\/thecloset.co\/blog\/wp-json\/wp\/v2\/posts"}],"about":[{"href":"https:\/\/thecloset.co\/blog\/wp-json\/wp\/v2\/types\/post"}],"author":[{"embeddable":true,"href":"https:\/\/thecloset.co\/blog\/wp-json\/wp\/v2\/users\/1"}],"replies":[{"embeddable":true,"href":"https:\/\/thecloset.co\/blog\/wp-json\/wp\/v2\/comments?post=592"}],"version-history":[{"count":7,"href":"https:\/\/thecloset.co\/blog\/wp-json\/wp\/v2\/posts\/592\/revisions"}],"predecessor-version":[{"id":2039,"href":"https:\/\/thecloset.co\/blog\/wp-json\/wp\/v2\/posts\/592\/revisions\/2039"}],"wp:featuredmedia":[{"embeddable":true,"href":"https:\/\/thecloset.co\/blog\/wp-json\/wp\/v2\/media\/593"}],"wp:attachment":[{"href":"https:\/\/thecloset.co\/blog\/wp-json\/wp\/v2\/media?parent=592"}],"wp:term":[{"taxonomy":"category","embeddable":true,"href":"https:\/\/thecloset.co\/blog\/wp-json\/wp\/v2\/categories?post=592"},{"taxonomy":"post_tag","embeddable":true,"href":"https:\/\/thecloset.co\/blog\/wp-json\/wp\/v2\/tags?post=592"}],"curies":[{"name":"wp","href":"https:\/\/api.w.org\/{rel}","templated":true}]}}