{"id":598,"date":"2015-10-28T20:40:57","date_gmt":"2015-10-28T20:40:57","guid":{"rendered":"http:\/\/thecloset.co\/blog\/?p=598"},"modified":"2017-08-23T20:57:35","modified_gmt":"2017-08-23T20:57:35","slug":"el-diseno-independiente-como-marca","status":"publish","type":"post","link":"https:\/\/thecloset.co\/blog\/el-diseno-independiente-como-marca\/","title":{"rendered":"El Dise\u00f1o Independiente como marca"},"content":{"rendered":"<h3><strong>Identificar las oportunidades perfectas para lanzar tu marca.<\/strong><\/h3>\n<p>Al salir de la universidad nos enfrentamos al mundo laboral, aspiramos encontrar nuestro puesto so\u00f1ado o la primera base para llegar a el; sin embargo, algunos emprendedores salimos con la esperanza de encontrar nuestro propio espacio en el mercado, queremos y aspiramos ver nuestra marca retratada en la ciudad.<\/p>\n<p><!--moreLeer m\u00e1s--><\/p>\n<p>Nos imaginamos a nosotros mismos, recibiendo el packing con nuestro logo impreso, ese mismo que nos cost\u00f3 tantas noches y desvelos lograrlo. Infortunadamente, muchos emprendedores se quedan a mitad del camino y no precisamente por su falta de talento, sino por no saber identificar y aprovechar las oportunidades del mercado.<\/p>\n<p>Queremos mostrarte algunos temas que debes tener en cuenta para lanzar tu marca de dise\u00f1o independiente al mercado, porque as\u00ed como t\u00fa, amamos la moda y la exclusividad.<\/p>\n<p><strong>Plan de negocios claro.<\/strong><\/p>\n<p>Aunque no seamos expertos en administraci\u00f3n, finanzas o mercadeo, debemos tener un conocimiento b\u00e1sico de nuestro negocio, saber con cu\u00e1nto capital contamos, qu\u00e9 inversiones proyectamos y recurso humano tendr\u00e1 la empresa los primeros meses de operaci\u00f3n. Debemos tener muy en cuenta el flujo de caja necesario para el inicio del proyecto, ya que estas inversiones s\u00f3lo tendr\u00e1n un retorno alg\u00fan tiempo despu\u00e9s, si somos exitosos en nuestro modelo de negocio.<\/p>\n<h3><strong>P\u00fablico Objetivo.<\/strong><\/h3>\n<p>Tener en claro en qu\u00e9 mercado vamos a incursionar, a qu\u00e9 tipo de p\u00fablico vamos a dirigirnos, en fin, a qu\u00e9 audiencia queremos inspirar con nuestra marca.<\/p>\n<p>Es necesario saber que cuando nos dirigimos a un p\u00fablico objetivo, no basta con hacerlo al t\u00e9cnico demogr\u00e1fico y psicogr\u00e1fico, debemos apuntar y dirigir nuestra idea de marca a las nuevas tendencias del mercado, esas culturas urbanas que mueven a muchos j\u00f3venes en b\u00fasqueda de lo exclusivo y personalizado.<\/p>\n<h3><strong>Apropiaci\u00f3n.<\/strong><\/h3>\n<p>De principio a fin somos la cabeza de nuestra empresa, as\u00ed que debemos apropiarnos de temas legales, financieros y econ\u00f3micos, saber sobre sus t\u00e9rminos, tener en claro todas las condiciones y realizar todo como es debido. Todos los d\u00edas, debemos levantarnos dispuestos a aprender algo nuevo que beneficie a nuestra marca y aporte al crecimiento del negocio, a esa c\u00faspide que aspiramos alcanzar.<\/p>\n<h3><strong>Identificar.<\/strong><\/h3>\n<p>Identificar espacios de apertura de mercado para tu negocio es determinante, asistir a eventos o ferias de moda no siempre ser\u00e1 accesible econ\u00f3micamente; pero si encuentras la oportunidad para hacerlo, no lo dudes!<\/p>\n<p>El canal de internet es sumamente importante para dar a conocer tu marca, al igual que las redes sociales. Si tienes recursosm, puedes incluso pensar en tu propio website. Aunque la implementaci\u00f3n de una p\u00e1gina web, puede llegar a ser costosa, esto no debe ser un impedimento; existen marcas dedicadas exclusivamente a la venta online de dise\u00f1o independiente, que ofrecen ese espacio necesario para poder exhibir tus productos y posicionar tu marca. Aliarte con un e-commerce ya reconocido, es la mejor decisi\u00f3n que puedes tomar, ya que estos ofrecen un alcance mucho mayor, te permiten mostrarle al mundo tu talento y apoyan el dise\u00f1o independiente.<\/p>\n<p>El principal reto que tienes hoy es empezar.<\/p>\n<p>#RedDeDise\u00f1adores<\/p>\n<p>#Dise\u00f1oIndependiente<\/p>\n<p>www.thecloset.co<\/p>\n<p>Visita nuestra boutique\u00a0<a href=\"http:\/\/thecloset.co\/mujer\">TheCloset.Co<\/a>\u00a0 Calle 80 # 13 &#8211; 09 en Bogot\u00e1-Colombia (detr\u00e1s del CC Atlantis Plaza) #Dise\u00f1oIndependiente #HechoEnColombia #MadeInColombia #CompraColombiano<\/p>\n<p><strong>\u00danete a nuestra red!<\/strong><\/p>\n<p>Si estas interesado en hacer parte de la #RedDeDise\u00f1adores escr\u00edbenos al correo\u00a0<a href=\"mailto:contacto@thecloset.co\">contacto@thecloset.co<\/a>\u00a0con informaci\u00f3n de tu marca y fotos de los productos.<\/p>\n<p>S\u00edguenos en nuestras redes:\u00a0<a href=\"https:\/\/www.facebook.com\/thecloset.co.diseno\/?fref=ts\">Facebook<\/a>,\u00a0<a href=\"https:\/\/www.instagram.com\/theclosetco\/\">Instagram<\/a><\/p>\n<p>&nbsp;<\/p>\n<p>&nbsp;<\/p>\n<p>&nbsp;<\/p>\n","protected":false},"excerpt":{"rendered":"<p>Identificar las oportunidades perfectas para lanzar tu marca. Al salir de la universidad nos enfrentamos al mundo laboral, aspiramos encontrar nuestro puesto so\u00f1ado o la primera base para llegar a el; sin embargo, algunos emprendedores salimos con la esperanza de encontrar nuestro propio espacio en el mercado, queremos y aspiramos ver nuestra marca retratada en&#8230;<\/p>\n","protected":false},"author":1,"featured_media":605,"comment_status":"open","ping_status":"open","sticky":false,"template":"","format":"standard","meta":{"footnotes":""},"categories":[1],"tags":[],"_links":{"self":[{"href":"https:\/\/thecloset.co\/blog\/wp-json\/wp\/v2\/posts\/598"}],"collection":[{"href":"https:\/\/thecloset.co\/blog\/wp-json\/wp\/v2\/posts"}],"about":[{"href":"https:\/\/thecloset.co\/blog\/wp-json\/wp\/v2\/types\/post"}],"author":[{"embeddable":true,"href":"https:\/\/thecloset.co\/blog\/wp-json\/wp\/v2\/users\/1"}],"replies":[{"embeddable":true,"href":"https:\/\/thecloset.co\/blog\/wp-json\/wp\/v2\/comments?post=598"}],"version-history":[{"count":9,"href":"https:\/\/thecloset.co\/blog\/wp-json\/wp\/v2\/posts\/598\/revisions"}],"predecessor-version":[{"id":2038,"href":"https:\/\/thecloset.co\/blog\/wp-json\/wp\/v2\/posts\/598\/revisions\/2038"}],"wp:featuredmedia":[{"embeddable":true,"href":"https:\/\/thecloset.co\/blog\/wp-json\/wp\/v2\/media\/605"}],"wp:attachment":[{"href":"https:\/\/thecloset.co\/blog\/wp-json\/wp\/v2\/media?parent=598"}],"wp:term":[{"taxonomy":"category","embeddable":true,"href":"https:\/\/thecloset.co\/blog\/wp-json\/wp\/v2\/categories?post=598"},{"taxonomy":"post_tag","embeddable":true,"href":"https:\/\/thecloset.co\/blog\/wp-json\/wp\/v2\/tags?post=598"}],"curies":[{"name":"wp","href":"https:\/\/api.w.org\/{rel}","templated":true}]}}