{"id":610,"date":"2015-11-06T17:40:38","date_gmt":"2015-11-06T17:40:38","guid":{"rendered":"http:\/\/thecloset.co\/blog\/?p=610"},"modified":"2017-08-23T20:56:47","modified_gmt":"2017-08-23T20:56:47","slug":"diseno-independiente-pasarela","status":"publish","type":"post","link":"https:\/\/thecloset.co\/blog\/diseno-independiente-pasarela\/","title":{"rendered":"Dise\u00f1o Independiente en Pasarela"},"content":{"rendered":"<h3><strong>Luces, c\u00e1mara, acci\u00f3n&#8230;<\/strong><\/h3>\n<p>Las pasarelas son escenarios que nos permiten mostrarle al mundo sobre el dise\u00f1o independiente y la moda exclusiva. Es la ventana para que dise\u00f1adores y nuevas marcas muestren su arte y talento.<\/p>\n<p><!--moreLeer M\u00e1s--><\/p>\n<p>Montar un desfile o pasarela para promocionar nuevas marcas exige visi\u00f3n y detalle; tener claro el mensaje que se quiere transmitir al p\u00fablico y planear la logistica requiere planeaci\u00f3n y organizaci\u00f3n. Las luces de las c\u00e1maras destellando, los modelos mostrando las colecciones, los cotilleos, miradas aprobatorias y aplausos al final de la pasarela son la recompensa a todo el esfuerzo realizado. No obstante, en backstage, detr\u00e1s del tel\u00f3n sucede toda la magia, por eso queremos a trav\u00e9s de nuestra experiencia presentarles algunas recomendaciones para que el espect\u00e1culo sea inolvidable, emocional y comercialmente activo.<\/p>\n<h3><strong>Colecciones<\/strong><\/h3>\n<p>Elegir un concepto que pueda ser interpretado de principio a fin en la pasarela, nuestra colecci\u00f3n debe contar una historia que sea percibida por los espectadores y estar bajo los par\u00e1metros y tendencias actuales; esto nos sirve para mantener una linea visual y diferenciarnos de las dem\u00e1s marcas.<\/p>\n<h3><strong>Modelos<\/strong><\/h3>\n<p>Una vez tengamos nuestro concepto y colecci\u00f3n definida, entramos al casting y elecci\u00f3n de los modelos, debemos ser muy cuidados y tomarnos el tiempo de hacer varios filtros ya que ellos ser\u00e1n los protagonistas de nuestro espect\u00e1culo.<\/p>\n<p>Debemos buscar que los modelos tengan una imagen integral atractiva y carism\u00e1tica y que puedan plasmar las indicaciones, que como dise\u00f1adores pautamos para un buen desarrollo de la colecci\u00f3n.<\/p>\n<h3><strong>M\u00fasica &amp; V\u00eddeo<\/strong><\/h3>\n<p>Es importante realizar muestras audiovisuales que puedan ser proyectadas a lo largo de la pasarela para hacer presencia de marca y elegir la m\u00fasica adecuada que sea compatible con nuestro concepto; recordemos que el desfile debe ser atractivo y funcional, y la m\u00fasica definitivamente es vital para enganchar a los espectadores. Recomendamos hacer un pre-test para ver que emoci\u00f3n genera la m\u00fasica en la audiencia, siempre busquemos conseguir euforia e inter\u00e9s.<\/p>\n<h3><strong>Maquillaje &amp; Peinado<\/strong><\/h3>\n<p>Salg\u00e1monos de lo tradicional, si nos definimos as\u00ed mismos como dise\u00f1adores independientes, busquemos dejar ojos y bocas abiertas; que siempre nuestra puesta en escena sea fuerte, exclusiva y \u00fanica; y que nos recuerden por las experiencias visuales que generamos en nuestros espectadores.<\/p>\n<p>En maquillaje y peinado es necesario buscar asesor\u00eda de expertos en el tema y en conjunto, buscar la mejor alternativa que complementar\u00e1 nuestra colecci\u00f3n; siempre tener en cuenta que sea llamativo para que las luces no lo opaquen y las c\u00e1maras fotogr\u00e1ficas lo capten.<\/p>\n<h3><strong>Log\u00edstica<\/strong><\/h3>\n<p>Tener todo en orden, previamente contratado y a disposici\u00f3n para nuestro evento es esencial; debemos adelantarnos a los improvistos y tener un plan B para todo.<\/p>\n<p>Mantener los outfits separados por cada modelo y proporcionarles un espacio de cambio durante la pasarela, har\u00e1 que todo sea efectuado seg\u00fan el plan; contar con personal asistencial es importante para que nada de la colecci\u00f3n sea extraviado o da\u00f1ado.<\/p>\n<h3><strong>Publicidad<\/strong><\/h3>\n<p>Con antelaci\u00f3n se debe anunciar y promocionar el evento a trav\u00e9s de las redes sociales, actualizar contenidos y preparar material did\u00e1ctico para entregar antes y despu\u00e9s de la pasarela.<\/p>\n<p>Estos son algunos consejos que brindamos a nuestra comunidad fashionista para que todos sus proyectos sean exitosos, siempre buscaremos fomentar el crecimiento y la buena pr\u00e1ctica a trav\u00e9s de nuestras experiencias.<\/p>\n<p>Gracias a toda nuestra #RedDeDise\u00f1adores por aventurarse con <a href=\"http:\/\/thecloset.co\/\" target=\"_blank\">THECLOSET.CO<\/a> a subirse a la nave geek de la edici\u00f3n SOFA 2015 \u2013 Pasarela Eclectika. Este es un post que va dedicado a todos ustedes. Gracias totales!<\/p>\n<p>Visita nuestra boutique\u00a0<a href=\"http:\/\/thecloset.co\/mujer\">TheCloset.Co<\/a>\u00a0 Calle 80 # 13 &#8211; 09 en Bogot\u00e1-Colombia (detr\u00e1s del CC Atlantis Plaza) #Dise\u00f1oIndependiente #HechoEnColombia #MadeInColombia #CompraColombiano<\/p>\n<p><strong>\u00danete a nuestra red!<\/strong><\/p>\n<p>Si estas interesado en hacer parte de la #RedDeDise\u00f1adores escr\u00edbenos al correo\u00a0<a href=\"mailto:contacto@thecloset.co\">contacto@thecloset.co<\/a>\u00a0con informaci\u00f3n de tu marca y fotos de los productos.<\/p>\n<p>S\u00edguenos en nuestras redes:\u00a0<a href=\"https:\/\/www.facebook.com\/thecloset.co.diseno\/?fref=ts\">Facebook<\/a>,\u00a0<a href=\"https:\/\/www.instagram.com\/theclosetco\/\">Instagram<\/a><\/p>\n","protected":false},"excerpt":{"rendered":"<p>Luces, c\u00e1mara, acci\u00f3n&#8230; Las pasarelas son escenarios que nos permiten mostrarle al mundo sobre el dise\u00f1o independiente y la moda exclusiva. Es la ventana para que dise\u00f1adores y nuevas marcas muestren su arte y talento.<\/p>\n","protected":false},"author":1,"featured_media":611,"comment_status":"open","ping_status":"open","sticky":false,"template":"","format":"standard","meta":{"footnotes":""},"categories":[14],"tags":[],"_links":{"self":[{"href":"https:\/\/thecloset.co\/blog\/wp-json\/wp\/v2\/posts\/610"}],"collection":[{"href":"https:\/\/thecloset.co\/blog\/wp-json\/wp\/v2\/posts"}],"about":[{"href":"https:\/\/thecloset.co\/blog\/wp-json\/wp\/v2\/types\/post"}],"author":[{"embeddable":true,"href":"https:\/\/thecloset.co\/blog\/wp-json\/wp\/v2\/users\/1"}],"replies":[{"embeddable":true,"href":"https:\/\/thecloset.co\/blog\/wp-json\/wp\/v2\/comments?post=610"}],"version-history":[{"count":11,"href":"https:\/\/thecloset.co\/blog\/wp-json\/wp\/v2\/posts\/610\/revisions"}],"predecessor-version":[{"id":2037,"href":"https:\/\/thecloset.co\/blog\/wp-json\/wp\/v2\/posts\/610\/revisions\/2037"}],"wp:featuredmedia":[{"embeddable":true,"href":"https:\/\/thecloset.co\/blog\/wp-json\/wp\/v2\/media\/611"}],"wp:attachment":[{"href":"https:\/\/thecloset.co\/blog\/wp-json\/wp\/v2\/media?parent=610"}],"wp:term":[{"taxonomy":"category","embeddable":true,"href":"https:\/\/thecloset.co\/blog\/wp-json\/wp\/v2\/categories?post=610"},{"taxonomy":"post_tag","embeddable":true,"href":"https:\/\/thecloset.co\/blog\/wp-json\/wp\/v2\/tags?post=610"}],"curies":[{"name":"wp","href":"https:\/\/api.w.org\/{rel}","templated":true}]}}