{"id":640,"date":"2015-11-11T15:36:46","date_gmt":"2015-11-11T15:36:46","guid":{"rendered":"http:\/\/thecloset.co\/blog\/?p=640"},"modified":"2017-08-23T20:54:14","modified_gmt":"2017-08-23T20:54:14","slug":"diseno-independiente-colombiano","status":"publish","type":"post","link":"https:\/\/thecloset.co\/blog\/diseno-independiente-colombiano\/","title":{"rendered":"DISE\u00d1O INDEPENDIENTE COLOMBIANO"},"content":{"rendered":"<h3><b>Dise\u00f1adores que visten a mujeres empresarias.<\/b><\/h3>\n<p>Alvaro Reyes se ha distinguido por ser un hombre detallista, con dise\u00f1os sofisticados. Sus colecciones, van dirigidas a mujeres que el mismo define como \u201cverracas\u201d; mujeres empresarias, l\u00edderes y aut\u00f3nomas.<\/p>\n<p><!--moreLeer m\u00e1s--><\/p>\n<p>Detr\u00e1s de esta marca insignia de la mujer empresaria colombiana, empoderada e independiente, que le gusta el estilo cl\u00e1sico renovado con notas modernas, est\u00e1 el dise\u00f1ador que se preocupa por una costura artesanal y de acabados perfectos. Un hombre cuya existencia est\u00e1 definida por los detalles.<\/p>\n<p>Encontramos en muchos de sus dise\u00f1os, la dedicaci\u00f3n total a su arte; dando su vida a la b\u00fasqueda del significado adecuado de sus prendas para poder inspirar a aquellos que las lucen. Las prendas de esta casa de moda son dise\u00f1adas con cortes masculinos enfocados en la silueta femenina y en el entalle exacto para lograr resaltar la figura y la belleza de la mujer.<\/p>\n<p><em><strong>\u201cSiempre busco que las mujeres y los hombres sientan la prenda; la manera en la que sientes lo que llevas puesto, depender\u00e1 la imagen que proyectes\u201d<\/strong><\/em> (<em>Alvaro Reyes).<\/em><\/p>\n<p><a href=\"http:\/\/thecloset.co\/blog\/wp-content\/uploads\/2015\/11\/\u00c1lvaroReyes.jpg\" data-rel=\"lightbox-image-0\" data-rl_title=\"\" data-rl_caption=\"\" title=\"\"><img loading=\"lazy\" decoding=\"async\" class=\" wp-image-638 aligncenter\" src=\"http:\/\/thecloset.co\/blog\/wp-content\/uploads\/2015\/11\/\u00c1lvaroReyes-300x203.jpg\" alt=\"\u00c1lvaroReyes\" width=\"511\" height=\"346\" srcset=\"https:\/\/thecloset.co\/blog\/wp-content\/uploads\/2015\/11\/\u00c1lvaroReyes-300x203.jpg 300w, https:\/\/thecloset.co\/blog\/wp-content\/uploads\/2015\/11\/\u00c1lvaroReyes.jpg 400w\" sizes=\"(max-width: 511px) 100vw, 511px\" \/><\/a><\/p>\n<p>Buscando entre las listas de dise\u00f1adores colombianos, unos m\u00e1s reconocidos que otros; siempre encontramos a aquellos que hacen la diferencia. \u00a0El dise\u00f1o independiente nos inspira!<\/p>\n<p>Visita nuestra boutique\u00a0<a href=\"http:\/\/thecloset.co\/mujer\">TheCloset.Co<\/a>\u00a0 Calle 80 # 13 &#8211; 09 en Bogot\u00e1-Colombia (detr\u00e1s del CC Atlantis Plaza) #Dise\u00f1oIndependiente #HechoEnColombia #MadeInColombia #CompraColombiano<\/p>\n<p><strong>\u00danete a nuestra red!<\/strong><\/p>\n<p>Si estas interesado en hacer parte de la #RedDeDise\u00f1adores escr\u00edbenos al correo\u00a0<a href=\"mailto:contacto@thecloset.co\">contacto@thecloset.co<\/a>\u00a0con informaci\u00f3n de tu marca y fotos de los productos.<\/p>\n<p>S\u00edguenos en nuestras redes:\u00a0<a href=\"https:\/\/www.facebook.com\/thecloset.co.diseno\/?fref=ts\">Facebook<\/a>,\u00a0<a href=\"https:\/\/www.instagram.com\/theclosetco\/\">Instagram<\/a><\/p>\n<p>Fuentes:<\/p>\n<p><a href=\"http:\/\/vidayestilo.terra.com.co\/moda\/circulo-de-la-moda\/alvaro-reyes-se-reinventa-para-el-circulo-de-moda-de-bogota,bf4fed6a2733e310VgnVCM3000009acceb0aRCRD.html\">http:\/\/vidayestilo.terra.com.co\/moda\/circulo-de-la-moda\/alvaro-reyes-se-reinventa-para-el-circulo-de-moda-de-bogota,bf4fed6a2733e310VgnVCM3000009acceb0aRCRD.html<\/a><\/p>\n<p><a href=\"http:\/\/www.alvaroreyes.com\/biografia.html\">http:\/\/www.alvaroreyes.com\/biografia.html<\/a><\/p>\n<p>&nbsp;<\/p>\n<p>&nbsp;<\/p>\n<p>&nbsp;<\/p>\n","protected":false},"excerpt":{"rendered":"<p>Dise\u00f1adores que visten a mujeres empresarias. Alvaro Reyes se ha distinguido por ser un hombre detallista, con dise\u00f1os sofisticados. Sus colecciones, van dirigidas a mujeres que el mismo define como \u201cverracas\u201d; mujeres empresarias, l\u00edderes y aut\u00f3nomas.<\/p>\n","protected":false},"author":3,"featured_media":639,"comment_status":"open","ping_status":"open","sticky":false,"template":"","format":"standard","meta":{"footnotes":""},"categories":[14],"tags":[],"_links":{"self":[{"href":"https:\/\/thecloset.co\/blog\/wp-json\/wp\/v2\/posts\/640"}],"collection":[{"href":"https:\/\/thecloset.co\/blog\/wp-json\/wp\/v2\/posts"}],"about":[{"href":"https:\/\/thecloset.co\/blog\/wp-json\/wp\/v2\/types\/post"}],"author":[{"embeddable":true,"href":"https:\/\/thecloset.co\/blog\/wp-json\/wp\/v2\/users\/3"}],"replies":[{"embeddable":true,"href":"https:\/\/thecloset.co\/blog\/wp-json\/wp\/v2\/comments?post=640"}],"version-history":[{"count":7,"href":"https:\/\/thecloset.co\/blog\/wp-json\/wp\/v2\/posts\/640\/revisions"}],"predecessor-version":[{"id":2034,"href":"https:\/\/thecloset.co\/blog\/wp-json\/wp\/v2\/posts\/640\/revisions\/2034"}],"wp:featuredmedia":[{"embeddable":true,"href":"https:\/\/thecloset.co\/blog\/wp-json\/wp\/v2\/media\/639"}],"wp:attachment":[{"href":"https:\/\/thecloset.co\/blog\/wp-json\/wp\/v2\/media?parent=640"}],"wp:term":[{"taxonomy":"category","embeddable":true,"href":"https:\/\/thecloset.co\/blog\/wp-json\/wp\/v2\/categories?post=640"},{"taxonomy":"post_tag","embeddable":true,"href":"https:\/\/thecloset.co\/blog\/wp-json\/wp\/v2\/tags?post=640"}],"curies":[{"name":"wp","href":"https:\/\/api.w.org\/{rel}","templated":true}]}}