{"id":644,"date":"2015-11-11T16:33:58","date_gmt":"2015-11-11T16:33:58","guid":{"rendered":"http:\/\/thecloset.co\/blog\/?p=644"},"modified":"2017-08-23T20:53:20","modified_gmt":"2017-08-23T20:53:20","slug":"disenadores-emergentes","status":"publish","type":"post","link":"https:\/\/thecloset.co\/blog\/disenadores-emergentes\/","title":{"rendered":"DISE\u00d1ADORES EMERGENTES EN SOFA 2015"},"content":{"rendered":"<h3><strong>Nuevos artistas debutan en el sector de la moda y el dise\u00f1o.<\/strong><\/h3>\n<p>Cada mirada, cada sonrisa y cada so\u00f1ador que hace parte de esta fotograf\u00eda, tiene en su vida un sue\u00f1o y un objetivo. Por eso nos regocija que <a href=\"http:\/\/thecloset.co\/\" target=\"_blank\">theCLOSET.co<\/a> sea participe de ese prop\u00f3sito, el amor por el arte y el emprendimiento.<\/p>\n<p><!--moreLeer M\u00e1s--><\/p>\n<p>Porque ah\u00ed donde todos sonre\u00edmos, nos reunimos, abrazamos y felicitamos luego del deber cumplido, donde miramos alrededor y vemos el fruto del esfuerzo, de nuestro trabajo arduo y empe\u00f1o; ah\u00ed est\u00e1 la victoria.<\/p>\n<p>Dise\u00f1adores emergentes colombianos con grandes ideas, est\u00e1n generando en la comunidad un impacto socio-cultural y con su trabajo, inspiran a otros j\u00f3venes a seguir adelante con sus sue\u00f1os y proyectos.<\/p>\n<p>El amor por la moda nos caracteriza a todos, pero la perseverancia hac\u00eda nuestros sue\u00f1os, nos reuni\u00f3 en un mismo sitio para hacerlos realidad. SOFA, Sal\u00f3n del Ocio y la Fantas\u00eda, fue el escenario perfecto para hacer este debut de nuevos dise\u00f1adores y marcas como <a href=\"http:\/\/thecloset.co\/moriah-handbags\" target=\"_blank\">Moriah Handbags<\/a>, <a href=\"http:\/\/thecloset.co\/Rone-Malagasha-\" target=\"_blank\">Rone Malagasha<\/a>, <a href=\"http:\/\/thecloset.co\/soloci\" target=\"_blank\">SoloCi<\/a>, <a href=\"http:\/\/thecloset.co\/bareke\" target=\"_blank\">Bareke<\/a>, <a href=\"http:\/\/thecloset.co\/Maximma-bolsos-en-cuero\" target=\"_blank\">Maximma<\/a>, <a href=\"http:\/\/thecloset.co\/alter-native\" target=\"_blank\">Alternative<\/a>, <a href=\"http:\/\/thecloset.co\/rolo-ok-camisetas\" target=\"_blank\">Rolo-OK<\/a>, <a href=\"http:\/\/thecloset.co\/carlos-guerra-1990\" target=\"_blank\">Carlos Guerra 1990<\/a>, <a href=\"http:\/\/thecloset.co\/rotten-muztard\" target=\"_blank\">Rotten Muztard<\/a>, <a href=\"http:\/\/thecloset.co\/tianna-accesorios\" target=\"_blank\">Tianna Accesorios<\/a>, <a href=\"http:\/\/thecloset.co\/pajaro-de-fuego\" target=\"_blank\">P\u00e1jaro de Fuego<\/a>, <a href=\"http:\/\/thecloset.co\/banausic\" target=\"_blank\">Banausic<\/a> y <a href=\"http:\/\/thecloset.co\/Manuela-Millan\" target=\"_blank\">Manuela Mill\u00e1n<\/a>.<\/p>\n<p>Tambi\u00e9n SOFA 2015, fue la oportunidad de presentar un selecto grupo de modelos que se lucieron en pasarela.<\/p>\n<p>\u00a1S\u00ed que vali\u00f3 la pena estar en SOFA 2015! Estamos dise\u00f1ando momentos inolvidables con <a href=\"http:\/\/thecloset.co\/\" target=\"_blank\">theCLOSET.co<\/a> y su <a href=\"http:\/\/thecloset.co\/quieres-vender\" target=\"_blank\">#RedDeDise\u00f1adores<\/a><\/p>\n<p style=\"text-align: center;\"><em>Foto Pasarela Ecl\u00e9ctica en SOFA 2015.<\/em><\/p>\n<p><a href=\"http:\/\/thecloset.co\/blog\/wp-content\/uploads\/2015\/11\/thecloset-SOFA1.jpg\" data-rel=\"lightbox-image-0\" data-rl_title=\"\" data-rl_caption=\"\" title=\"\"><img loading=\"lazy\" decoding=\"async\" class=\"alignnone size-full wp-image-656\" src=\"http:\/\/thecloset.co\/blog\/wp-content\/uploads\/2015\/11\/thecloset-SOFA1.jpg\" alt=\"thecloset-sofa2015\" width=\"808\" height=\"808\" srcset=\"https:\/\/thecloset.co\/blog\/wp-content\/uploads\/2015\/11\/thecloset-SOFA1.jpg 808w, https:\/\/thecloset.co\/blog\/wp-content\/uploads\/2015\/11\/thecloset-SOFA1-300x300.jpg 300w, https:\/\/thecloset.co\/blog\/wp-content\/uploads\/2015\/11\/thecloset-SOFA1-100x100.jpg 100w, https:\/\/thecloset.co\/blog\/wp-content\/uploads\/2015\/11\/thecloset-SOFA1-600x600.jpg 600w, https:\/\/thecloset.co\/blog\/wp-content\/uploads\/2015\/11\/thecloset-SOFA1-150x150.jpg 150w\" sizes=\"(max-width: 808px) 100vw, 808px\" \/><\/a><\/p>\n<p>Visita nuestra boutique\u00a0<a href=\"http:\/\/thecloset.co\/mujer\">TheCloset.Co<\/a>\u00a0 Calle 80 # 13 &#8211; 09 en Bogot\u00e1-Colombia (detr\u00e1s del CC Atlantis Plaza) #Dise\u00f1oIndependiente #HechoEnColombia #MadeInColombia #CompraColombiano<\/p>\n<p><strong>\u00danete a nuestra red!<\/strong><\/p>\n<p>Si estas interesado en hacer parte de la #RedDeDise\u00f1adores escr\u00edbenos al correo\u00a0<a href=\"mailto:contacto@thecloset.co\">contacto@thecloset.co<\/a>\u00a0con informaci\u00f3n de tu marca y fotos de los productos.<\/p>\n<p>S\u00edguenos en nuestras redes:\u00a0<a href=\"https:\/\/www.facebook.com\/thecloset.co.diseno\/?fref=ts\">Facebook<\/a>,\u00a0<a href=\"https:\/\/www.instagram.com\/theclosetco\/\">Instagram<\/a><\/p>\n<p>&nbsp;<\/p>\n<p>&nbsp;<\/p>\n","protected":false},"excerpt":{"rendered":"<p>Nuevos artistas debutan en el sector de la moda y el dise\u00f1o. Cada mirada, cada sonrisa y cada so\u00f1ador que hace parte de esta fotograf\u00eda, tiene en su vida un sue\u00f1o y un objetivo. Por eso nos regocija que theCLOSET.co sea participe de ese prop\u00f3sito, el amor por el arte y el emprendimiento.<\/p>\n","protected":false},"author":3,"featured_media":645,"comment_status":"open","ping_status":"open","sticky":false,"template":"","format":"standard","meta":{"footnotes":""},"categories":[6,14],"tags":[],"_links":{"self":[{"href":"https:\/\/thecloset.co\/blog\/wp-json\/wp\/v2\/posts\/644"}],"collection":[{"href":"https:\/\/thecloset.co\/blog\/wp-json\/wp\/v2\/posts"}],"about":[{"href":"https:\/\/thecloset.co\/blog\/wp-json\/wp\/v2\/types\/post"}],"author":[{"embeddable":true,"href":"https:\/\/thecloset.co\/blog\/wp-json\/wp\/v2\/users\/3"}],"replies":[{"embeddable":true,"href":"https:\/\/thecloset.co\/blog\/wp-json\/wp\/v2\/comments?post=644"}],"version-history":[{"count":7,"href":"https:\/\/thecloset.co\/blog\/wp-json\/wp\/v2\/posts\/644\/revisions"}],"predecessor-version":[{"id":2033,"href":"https:\/\/thecloset.co\/blog\/wp-json\/wp\/v2\/posts\/644\/revisions\/2033"}],"wp:featuredmedia":[{"embeddable":true,"href":"https:\/\/thecloset.co\/blog\/wp-json\/wp\/v2\/media\/645"}],"wp:attachment":[{"href":"https:\/\/thecloset.co\/blog\/wp-json\/wp\/v2\/media?parent=644"}],"wp:term":[{"taxonomy":"category","embeddable":true,"href":"https:\/\/thecloset.co\/blog\/wp-json\/wp\/v2\/categories?post=644"},{"taxonomy":"post_tag","embeddable":true,"href":"https:\/\/thecloset.co\/blog\/wp-json\/wp\/v2\/tags?post=644"}],"curies":[{"name":"wp","href":"https:\/\/api.w.org\/{rel}","templated":true}]}}