{"id":652,"date":"2015-11-11T19:12:19","date_gmt":"2015-11-11T19:12:19","guid":{"rendered":"http:\/\/thecloset.co\/blog\/?p=652"},"modified":"2017-08-23T20:52:08","modified_gmt":"2017-08-23T20:52:08","slug":"victorias-secret-fashion-show-2015","status":"publish","type":"post","link":"https:\/\/thecloset.co\/blog\/victorias-secret-fashion-show-2015\/","title":{"rendered":"VICTORIA`S SECRET FASHION SHOW 2015"},"content":{"rendered":"<h3><strong>As\u00ed se vivi\u00f3 una de las pasarelas de moda m\u00e1s importantes del mundo.<\/strong><\/h3>\n<p style=\"text-align: left;\">En esta versi\u00f3n Victoria`s Secret celebra su 20\u00ba aniversario, contando con un asombroso casting de modelos, unas ya veteranas como Adriana Lima y Alessandra Ambrosio y otras, que hicieron su primer debut como Kendall Jenner y Gigi Hadid, llev\u00e1ndose el triunfo en aplausos y sonrisas.<\/p>\n<p><!--moreLeer m\u00e1s--><\/p>\n<p style=\"text-align: left;\">Gigi Hadid quien ya hab\u00eda hecho casting en dos ocasiones anteriores siendo rechazada, por fin tuvo su gran noche llev\u00e1ndose todas las miradas en la pasarela de \u00abExotic Butterflies\u00bb, al igual que su mejor amiga Kendall Jenner en el desfile de \u00abBoho Psychedelic\u00bb; estas preciosas modelos nos han compartido sus emociones a trav\u00e9s de sus redes sociales posteando la alegr\u00eda de ser part\u00edcipes de un evento como este.<\/p>\n<p><a href=\"http:\/\/thecloset.co\/blog\/wp-content\/uploads\/2015\/11\/rs_749x1024-151110172519-634-5victorias-secret-fashion-show-runway.ls_.111015.jpg\" data-rel=\"lightbox-image-0\" data-rl_title=\"\" data-rl_caption=\"\" title=\"\"><img loading=\"lazy\" decoding=\"async\" class=\"alignnone size-full wp-image-655\" src=\"http:\/\/thecloset.co\/blog\/wp-content\/uploads\/2015\/11\/rs_749x1024-151110172519-634-5victorias-secret-fashion-show-runway.ls_.111015.jpg\" alt=\"rs_749x1024-151110172519-634-5victorias-secret-fashion-show-runway.ls.111015\" width=\"749\" height=\"1024\" srcset=\"https:\/\/thecloset.co\/blog\/wp-content\/uploads\/2015\/11\/rs_749x1024-151110172519-634-5victorias-secret-fashion-show-runway.ls_.111015.jpg 749w, https:\/\/thecloset.co\/blog\/wp-content\/uploads\/2015\/11\/rs_749x1024-151110172519-634-5victorias-secret-fashion-show-runway.ls_.111015-600x820.jpg 600w, https:\/\/thecloset.co\/blog\/wp-content\/uploads\/2015\/11\/rs_749x1024-151110172519-634-5victorias-secret-fashion-show-runway.ls_.111015-219x300.jpg 219w, https:\/\/thecloset.co\/blog\/wp-content\/uploads\/2015\/11\/rs_749x1024-151110172519-634-5victorias-secret-fashion-show-runway.ls_.111015-439x600.jpg 439w\" sizes=\"(max-width: 749px) 100vw, 749px\" \/><\/a><\/p>\n<p><a href=\"http:\/\/thecloset.co\/blog\/wp-content\/uploads\/2015\/11\/victorias_secret_show_2-a.jpg\" data-rel=\"lightbox-image-1\" data-rl_title=\"\" data-rl_caption=\"\" title=\"\"><img loading=\"lazy\" decoding=\"async\" class=\"alignnone wp-image-654\" src=\"http:\/\/thecloset.co\/blog\/wp-content\/uploads\/2015\/11\/victorias_secret_show_2-a.jpg\" alt=\"victorias_secret_show_2-a\" width=\"748\" height=\"498\" srcset=\"https:\/\/thecloset.co\/blog\/wp-content\/uploads\/2015\/11\/victorias_secret_show_2-a.jpg 850w, https:\/\/thecloset.co\/blog\/wp-content\/uploads\/2015\/11\/victorias_secret_show_2-a-600x400.jpg 600w, https:\/\/thecloset.co\/blog\/wp-content\/uploads\/2015\/11\/victorias_secret_show_2-a-300x200.jpg 300w\" sizes=\"(max-width: 748px) 100vw, 748px\" \/><\/a><\/p>\n<p style=\"text-align: left;\">La tem\u00e1tica del desfile incluyo fuegos artificiales, temas de invierno y el color en alas de mariposas; tambi\u00e9n cont\u00f3 con la participaci\u00f3n de grandes artistas musicales como Selena Gomez, Ellie Goulding y The Weeknd, quienes interactuaron con las modelos en un show lleno de sensualidad y glamour.<\/p>\n<p style=\"text-align: left;\">La encargada este a\u00f1o de llevar el \u00abFantasy Bra\u00bb valorado en 2 millones de d\u00f3lares fue la modelo Lily Aldridge, prenda que fue presentada en la colecci\u00f3n \u00abFireworks\u00bb, llena de fantas\u00eda con explosiones de colores.<\/p>\n<p style=\"text-align: left;\">Y como es habitual al cierre del desfile, todas las modelos bailaron, rieron y saludaron al p\u00fablico, mostrando su carisma, belleza y sensualidad.<\/p>\n<p><a href=\"http:\/\/thecloset.co\/blog\/wp-content\/uploads\/2015\/11\/victorias_secret_show_1-z.jpg\" data-rel=\"lightbox-image-2\" data-rl_title=\"\" data-rl_caption=\"\" title=\"\"><img loading=\"lazy\" decoding=\"async\" class=\"alignnone wp-image-657\" src=\"http:\/\/thecloset.co\/blog\/wp-content\/uploads\/2015\/11\/victorias_secret_show_1-z.jpg\" alt=\"victorias_secret_show_1-z\" width=\"749\" height=\"545\" srcset=\"https:\/\/thecloset.co\/blog\/wp-content\/uploads\/2015\/11\/victorias_secret_show_1-z.jpg 1240w, https:\/\/thecloset.co\/blog\/wp-content\/uploads\/2015\/11\/victorias_secret_show_1-z-300x218.jpg 300w\" sizes=\"(max-width: 749px) 100vw, 749px\" \/><\/a><\/p>\n<p>TheCLOSET.co<\/p>\n<p>#RedDeDise\u00f1adores<\/p>\n<p>#Dise\u00f1oIndependiente<\/p>\n<p>Fuente:<\/p>\n<blockquote class=\"wp-embedded-content\" data-secret=\"lR3Te2JKrO\"><p><a href=\"http:\/\/thecloset.co\/blog\/fashion\/victorias-secret-fashion-show-2015\/\">VICTORIA`S SECRET FASHION SHOW 2015<\/a><\/p><\/blockquote>\n<p><iframe class=\"wp-embedded-content\" sandbox=\"allow-scripts\" security=\"restricted\" style=\"position: absolute; clip: rect(1px, 1px, 1px, 1px);\" src=\"http:\/\/thecloset.co\/blog\/fashion\/victorias-secret-fashion-show-2015\/embed\/#?secret=lR3Te2JKrO\" data-secret=\"lR3Te2JKrO\" width=\"600\" height=\"338\" title=\"&#8220;VICTORIA`S SECRET FASHION SHOW 2015&#8221; &#8212; blog red de dise&ntilde;adores\" frameborder=\"0\" marginwidth=\"0\" marginheight=\"0\" scrolling=\"no\"><\/iframe><\/p>\n<p>Visita nuestra boutique\u00a0<a href=\"http:\/\/thecloset.co\/mujer\">TheCloset.Co<\/a>\u00a0 Calle 80 # 13 &#8211; 09 en Bogot\u00e1-Colombia (detr\u00e1s del CC Atlantis Plaza) #Dise\u00f1oIndependiente #HechoEnColombia #MadeInColombia #CompraColombiano<\/p>\n<p><strong>\u00danete a nuestra red!<\/strong><\/p>\n<p>Si estas interesado en hacer parte de la #RedDeDise\u00f1adores escr\u00edbenos al correo\u00a0<a href=\"mailto:contacto@thecloset.co\">contacto@thecloset.co<\/a>\u00a0con informaci\u00f3n de tu marca y fotos de los productos.<\/p>\n<p>S\u00edguenos en nuestras redes:\u00a0<a href=\"https:\/\/www.facebook.com\/thecloset.co.diseno\/?fref=ts\">Facebook<\/a>,\u00a0<a href=\"https:\/\/www.instagram.com\/theclosetco\/\">Instagram<\/a><\/p>\n<p>&nbsp;<\/p>\n<p>&nbsp;<\/p>\n<p>&nbsp;<\/p>\n","protected":false},"excerpt":{"rendered":"<p>As\u00ed se vivi\u00f3 una de las pasarelas de moda m\u00e1s importantes del mundo. En esta versi\u00f3n Victoria`s Secret celebra su 20\u00ba aniversario, contando con un asombroso casting de modelos, unas ya veteranas como Adriana Lima y Alessandra Ambrosio y otras, que hicieron su primer debut como Kendall Jenner y Gigi Hadid, llev\u00e1ndose el triunfo en&#8230;<\/p>\n","protected":false},"author":3,"featured_media":653,"comment_status":"open","ping_status":"open","sticky":false,"template":"","format":"standard","meta":{"footnotes":""},"categories":[14],"tags":[],"_links":{"self":[{"href":"https:\/\/thecloset.co\/blog\/wp-json\/wp\/v2\/posts\/652"}],"collection":[{"href":"https:\/\/thecloset.co\/blog\/wp-json\/wp\/v2\/posts"}],"about":[{"href":"https:\/\/thecloset.co\/blog\/wp-json\/wp\/v2\/types\/post"}],"author":[{"embeddable":true,"href":"https:\/\/thecloset.co\/blog\/wp-json\/wp\/v2\/users\/3"}],"replies":[{"embeddable":true,"href":"https:\/\/thecloset.co\/blog\/wp-json\/wp\/v2\/comments?post=652"}],"version-history":[{"count":8,"href":"https:\/\/thecloset.co\/blog\/wp-json\/wp\/v2\/posts\/652\/revisions"}],"predecessor-version":[{"id":2032,"href":"https:\/\/thecloset.co\/blog\/wp-json\/wp\/v2\/posts\/652\/revisions\/2032"}],"wp:featuredmedia":[{"embeddable":true,"href":"https:\/\/thecloset.co\/blog\/wp-json\/wp\/v2\/media\/653"}],"wp:attachment":[{"href":"https:\/\/thecloset.co\/blog\/wp-json\/wp\/v2\/media?parent=652"}],"wp:term":[{"taxonomy":"category","embeddable":true,"href":"https:\/\/thecloset.co\/blog\/wp-json\/wp\/v2\/categories?post=652"},{"taxonomy":"post_tag","embeddable":true,"href":"https:\/\/thecloset.co\/blog\/wp-json\/wp\/v2\/tags?post=652"}],"curies":[{"name":"wp","href":"https:\/\/api.w.org\/{rel}","templated":true}]}}