{"id":756,"date":"2017-08-23T20:45:30","date_gmt":"2017-08-23T20:45:30","guid":{"rendered":"http:\/\/thecloset.co\/blog\/?p=756"},"modified":"2017-08-24T20:45:30","modified_gmt":"2017-08-24T20:45:30","slug":"el-paso-de-la-moda","status":"publish","type":"post","link":"https:\/\/thecloset.co\/blog\/el-paso-de-la-moda\/","title":{"rendered":"EL PASO DE LA MODA"},"content":{"rendered":"<p>El paso de la moda no solo los viven los dise\u00f1adores y sus telas, las modelos que empiezan con grandes carreras, tambi\u00e9n evidencian el paso de esta en su carrera y sus a\u00f1os.<\/p>\n<p>Gisele B\u00fcndchen una de las modelos brasile\u00f1as m\u00e1s reconocidas del mundo del espect\u00e1culo de la moda, ha dado varias sorpresas a sus m\u00e1s fieles seguidores en lo que va del a\u00f1o, algunas tristes otras conmemorativas.<\/p>\n<p><!--moreLEER M\u00c1S--><\/p>\n<p>&nbsp;<\/p>\n<p>En su retiro de las pasarelas en abril pasado se evidencio que fue una de las modelos mejor pagadas entre el 2004 y 2014, as\u00ed que el pasado 9 de noviembre en Sao Paulo, Brasil, lanzo un libro en conmemoraci\u00f3n a su carrera del modelaje, en donde se pueden encontrar m\u00e1s de 300 fotograf\u00edas que refleja su experiencia en el mundo de la moda con im\u00e1genes tomadas por fot\u00f3grafos tambi\u00e9n muy reconocidos en el sector.<\/p>\n<p>&nbsp;<\/p>\n<p>Pueden encontrar el libro bajo el nombre de `Gisele\u00b4 con un desnudo matizado al rosa como portada.<\/p>\n<p>Visita nuestra boutique\u00a0<a href=\"http:\/\/thecloset.co\/mujer\">TheCloset.Co<\/a>\u00a0 Calle 80 # 13 &#8211; 09 en Bogot\u00e1-Colombia (detr\u00e1s del CC Atlantis Plaza) #Dise\u00f1oIndependiente #HechoEnColombia #MadeInColombia #CompraColombiano<\/p>\n<p><strong>\u00danete a nuestra red!<\/strong><\/p>\n<p>Si estas interesado en hacer parte de la #RedDeDise\u00f1adores escr\u00edbenos al correo\u00a0<a href=\"mailto:contacto@thecloset.co\">contacto@thecloset.co<\/a>\u00a0con informaci\u00f3n de tu marca y fotos de los productos.<\/p>\n<p>S\u00edguenos en nuestras redes:\u00a0<a href=\"https:\/\/www.facebook.com\/thecloset.co.diseno\/?fref=ts\">Facebook<\/a>,\u00a0<a href=\"https:\/\/www.instagram.com\/theclosetco\/\">Instagram<\/a><\/p>\n<p>Fuentes:http:\/\/www.elheraldo.co\/tendencias\/gisele-bundchen-presenta-su-libro-fotografico-en-sao-paulo-226902<\/p>\n<p>&nbsp;<\/p>\n","protected":false},"excerpt":{"rendered":"<p>El paso de la moda no solo los viven los dise\u00f1adores y sus telas, las modelos que empiezan con grandes carreras, tambi\u00e9n evidencian el paso de esta en su carrera y sus a\u00f1os. Gisele B\u00fcndchen una de las modelos brasile\u00f1as m\u00e1s reconocidas del mundo del espect\u00e1culo de la moda, ha dado varias sorpresas a sus&#8230;<\/p>\n","protected":false},"author":3,"featured_media":757,"comment_status":"open","ping_status":"open","sticky":false,"template":"","format":"standard","meta":{"footnotes":""},"categories":[13],"tags":[],"_links":{"self":[{"href":"https:\/\/thecloset.co\/blog\/wp-json\/wp\/v2\/posts\/756"}],"collection":[{"href":"https:\/\/thecloset.co\/blog\/wp-json\/wp\/v2\/posts"}],"about":[{"href":"https:\/\/thecloset.co\/blog\/wp-json\/wp\/v2\/types\/post"}],"author":[{"embeddable":true,"href":"https:\/\/thecloset.co\/blog\/wp-json\/wp\/v2\/users\/3"}],"replies":[{"embeddable":true,"href":"https:\/\/thecloset.co\/blog\/wp-json\/wp\/v2\/comments?post=756"}],"version-history":[{"count":4,"href":"https:\/\/thecloset.co\/blog\/wp-json\/wp\/v2\/posts\/756\/revisions"}],"predecessor-version":[{"id":2078,"href":"https:\/\/thecloset.co\/blog\/wp-json\/wp\/v2\/posts\/756\/revisions\/2078"}],"wp:featuredmedia":[{"embeddable":true,"href":"https:\/\/thecloset.co\/blog\/wp-json\/wp\/v2\/media\/757"}],"wp:attachment":[{"href":"https:\/\/thecloset.co\/blog\/wp-json\/wp\/v2\/media?parent=756"}],"wp:term":[{"taxonomy":"category","embeddable":true,"href":"https:\/\/thecloset.co\/blog\/wp-json\/wp\/v2\/categories?post=756"},{"taxonomy":"post_tag","embeddable":true,"href":"https:\/\/thecloset.co\/blog\/wp-json\/wp\/v2\/tags?post=756"}],"curies":[{"name":"wp","href":"https:\/\/api.w.org\/{rel}","templated":true}]}}