{"id":789,"date":"2015-11-17T23:52:41","date_gmt":"2015-11-17T23:52:41","guid":{"rendered":"http:\/\/thecloset.co\/blog\/?p=789"},"modified":"2017-08-23T19:46:14","modified_gmt":"2017-08-23T19:46:14","slug":"ropa-para-navidad","status":"publish","type":"post","link":"https:\/\/thecloset.co\/blog\/ropa-para-navidad\/","title":{"rendered":"Prepara tu ropa para Navidad"},"content":{"rendered":"<h3>Disfruta de las festividades al mejor estilo.<\/h3>\n<p>Triunfar en navidad con outfits cargados de dise\u00f1o independiente y exclusividad puedes lograrlo con <a href=\"http:\/\/thecloset.co\/\" target=\"_blank\">TheCloset.co<\/a> y su <a href=\"http:\/\/thecloset.co\/quieres-vender\" target=\"_blank\">#RedDeDise\u00f1adores<\/a>\u00a0Encuentra ropa para navidad y accesorios al mejor estilo.<\/p>\n<p>Los 24 y 31 son d\u00edas en los que siempre queremos lucir lo mejor de nuestro cl\u00f3set, pero y si no tenemos nada que lucir? \u00a0Bueno, pues no habr\u00e1 de que preocuparse, las compras online te facilitan todo el proceso, no tendr\u00e1s que desplazarte a ning\u00fan lado, podr\u00e1s encontrar todo lo que buscas a un clic.<\/p>\n<p><!--more Leer m\u00e1s--><\/p>\n<p>Nuestros recomendados para las mujeres son faldas pitillo de <a href=\"http:\/\/thecloset.co\/mujer\/faldas-vestidos\/falda-pitillo-lentejuelas\" target=\"_blank\">PAOLA ALONSO<\/a> que enmarquen tu figura y le den brillo a todo tu outfit, podr\u00e1s combinarlas con prendas sobrias para que el protagonismo se lo lleve tu falda.<\/p>\n<p><a href=\"http:\/\/thecloset.co\/blog\/wp-content\/uploads\/2015\/11\/paolaalonso011-491x491.jpg\" data-rel=\"lightbox-image-0\" data-rl_title=\"\" data-rl_caption=\"\" title=\"\"><img loading=\"lazy\" decoding=\"async\" class=\"alignnone size-medium wp-image-790\" src=\"http:\/\/thecloset.co\/blog\/wp-content\/uploads\/2015\/11\/paolaalonso011-491x491-300x300.jpg\" alt=\"paolaalonso011-491x491\" width=\"300\" height=\"300\" srcset=\"https:\/\/thecloset.co\/blog\/wp-content\/uploads\/2015\/11\/paolaalonso011-491x491-300x300.jpg 300w, https:\/\/thecloset.co\/blog\/wp-content\/uploads\/2015\/11\/paolaalonso011-491x491-100x100.jpg 100w, https:\/\/thecloset.co\/blog\/wp-content\/uploads\/2015\/11\/paolaalonso011-491x491-150x150.jpg 150w, https:\/\/thecloset.co\/blog\/wp-content\/uploads\/2015\/11\/paolaalonso011-491x491.jpg 491w\" sizes=\"(max-width: 300px) 100vw, 300px\" \/><\/a><\/p>\n<p>Una blusa blanca de pedrer\u00eda de <a href=\"http:\/\/thecloset.co\/mujer\/blusas-camisetas\/blusa-blanca-con-pedreria\" target=\"_blank\">ALTER+NATIVE<\/a> combinar\u00e1 perfecto para un outfit m\u00e1s elegante y sobrio, pero sin perder el estilo y el dise\u00f1o distintivo que te brinda la prenda.<\/p>\n<p><a href=\"http:\/\/thecloset.co\/blog\/wp-content\/uploads\/2015\/11\/alternativetheclosetblusablanca001-491x491.jpg\" data-rel=\"lightbox-image-1\" data-rl_title=\"\" data-rl_caption=\"\" title=\"\"><img loading=\"lazy\" decoding=\"async\" class=\"alignnone size-medium wp-image-791\" src=\"http:\/\/thecloset.co\/blog\/wp-content\/uploads\/2015\/11\/alternativetheclosetblusablanca001-491x491-300x300.jpg\" alt=\"alternativetheclosetblusablanca001-491x491\" width=\"300\" height=\"300\" srcset=\"https:\/\/thecloset.co\/blog\/wp-content\/uploads\/2015\/11\/alternativetheclosetblusablanca001-491x491-300x300.jpg 300w, https:\/\/thecloset.co\/blog\/wp-content\/uploads\/2015\/11\/alternativetheclosetblusablanca001-491x491-100x100.jpg 100w, https:\/\/thecloset.co\/blog\/wp-content\/uploads\/2015\/11\/alternativetheclosetblusablanca001-491x491-150x150.jpg 150w, https:\/\/thecloset.co\/blog\/wp-content\/uploads\/2015\/11\/alternativetheclosetblusablanca001-491x491.jpg 491w\" sizes=\"(max-width: 300px) 100vw, 300px\" \/><\/a><\/p>\n<p>Para los hombres nuestro recomendado son camisas y pantalones de <a href=\"http:\/\/thecloset.co\/hombre\/pantalones-y-jeans\/pantalon-hombre-vinotinto\" target=\"_blank\">CARLOS GUERRA<\/a>, un pantal\u00f3n vinotinto te dar\u00e1 el toque diferente entre todos, no dejar\u00e1s de atraer miradas con colores sobrios que te permitir\u00e1n lucir elegante y con mucho estilo.<\/p>\n<p><a href=\"http:\/\/thecloset.co\/blog\/wp-content\/uploads\/2015\/11\/019pantalonvinotintocarlosguerratheclosetco-600x600.jpg\" data-rel=\"lightbox-image-2\" data-rl_title=\"\" data-rl_caption=\"\" title=\"\"><img loading=\"lazy\" decoding=\"async\" class=\"alignnone size-medium wp-image-792\" src=\"http:\/\/thecloset.co\/blog\/wp-content\/uploads\/2015\/11\/019pantalonvinotintocarlosguerratheclosetco-600x600-300x300.jpg\" alt=\"019pantalonvinotintocarlosguerratheclosetco-600x600\" width=\"300\" height=\"300\" srcset=\"https:\/\/thecloset.co\/blog\/wp-content\/uploads\/2015\/11\/019pantalonvinotintocarlosguerratheclosetco-600x600-300x300.jpg 300w, https:\/\/thecloset.co\/blog\/wp-content\/uploads\/2015\/11\/019pantalonvinotintocarlosguerratheclosetco-600x600-100x100.jpg 100w, https:\/\/thecloset.co\/blog\/wp-content\/uploads\/2015\/11\/019pantalonvinotintocarlosguerratheclosetco-600x600.jpg 600w, https:\/\/thecloset.co\/blog\/wp-content\/uploads\/2015\/11\/019pantalonvinotintocarlosguerratheclosetco-600x600-150x150.jpg 150w\" sizes=\"(max-width: 300px) 100vw, 300px\" \/><\/a><\/p>\n<p>La camisa es el complemento m\u00e1s importante para los hombres, as\u00ed que en estas festividades atr\u00e9vete a lucir diferente y opta por una<a href=\"http:\/\/thecloset.co\/hombre\/camisas\/camisa-negra-estampado-rombos\" target=\"_blank\"> camisa estampada<\/a>.<\/p>\n<p><a href=\"http:\/\/thecloset.co\/blog\/wp-content\/uploads\/2015\/11\/009camisanegroblancocarlosguerratheclosetco-491x491.jpg\" data-rel=\"lightbox-image-3\" data-rl_title=\"\" data-rl_caption=\"\" title=\"\"><img loading=\"lazy\" decoding=\"async\" class=\"alignnone size-medium wp-image-793\" src=\"http:\/\/thecloset.co\/blog\/wp-content\/uploads\/2015\/11\/009camisanegroblancocarlosguerratheclosetco-491x491-300x300.jpg\" alt=\"009camisanegroblancocarlosguerratheclosetco-491x491\" width=\"300\" height=\"300\" srcset=\"https:\/\/thecloset.co\/blog\/wp-content\/uploads\/2015\/11\/009camisanegroblancocarlosguerratheclosetco-491x491-300x300.jpg 300w, https:\/\/thecloset.co\/blog\/wp-content\/uploads\/2015\/11\/009camisanegroblancocarlosguerratheclosetco-491x491-100x100.jpg 100w, https:\/\/thecloset.co\/blog\/wp-content\/uploads\/2015\/11\/009camisanegroblancocarlosguerratheclosetco-491x491-150x150.jpg 150w, https:\/\/thecloset.co\/blog\/wp-content\/uploads\/2015\/11\/009camisanegroblancocarlosguerratheclosetco-491x491.jpg 491w\" sizes=\"(max-width: 300px) 100vw, 300px\" \/><\/a><\/p>\n<p>Prep\u00e1rate para navidad con la <a href=\"http:\/\/thecloset.co\/\" target=\"_blank\">#RedDeDise\u00f1adores<\/a> y lleva en tu outfit dise\u00f1o independiente.<\/p>\n<p>Visita nuestra boutique\u00a0<a href=\"http:\/\/thecloset.co\/mujer\">TheCloset.Co<\/a>\u00a0 Calle 80 # 13 &#8211; 09 en Bogot\u00e1-Colombia (detr\u00e1s del CC Atlantis Plaza) #Dise\u00f1oIndependiente #HechoEnColombia #MadeInColombia #CompraColombiano<\/p>\n<p><strong>\u00danete a nuestra red!<\/strong><\/p>\n<p>Si estas interesado en hacer parte de la #RedDeDise\u00f1adores escr\u00edbenos al correo\u00a0<a href=\"mailto:contacto@thecloset.co\">contacto@thecloset.co<\/a>\u00a0con informaci\u00f3n de tu marca y fotos de los productos.<\/p>\n<p>S\u00edguenos en nuestras redes:\u00a0<a href=\"https:\/\/www.facebook.com\/thecloset.co.diseno\/?fref=ts\">Facebook<\/a>,\u00a0<a href=\"https:\/\/www.instagram.com\/theclosetco\/\">Instagram<\/a><\/p>\n<p>&nbsp;<\/p>\n","protected":false},"excerpt":{"rendered":"<p>Disfruta de las festividades al mejor estilo. Triunfar en navidad con outfits cargados de dise\u00f1o independiente y exclusividad puedes lograrlo con TheCloset.co y su #RedDeDise\u00f1adores\u00a0Encuentra ropa para navidad y accesorios al mejor estilo. Los 24 y 31 son d\u00edas en los que siempre queremos lucir lo mejor de nuestro cl\u00f3set, pero y si no tenemos&#8230;<\/p>\n","protected":false},"author":3,"featured_media":794,"comment_status":"open","ping_status":"open","sticky":false,"template":"","format":"standard","meta":{"footnotes":""},"categories":[14],"tags":[],"_links":{"self":[{"href":"https:\/\/thecloset.co\/blog\/wp-json\/wp\/v2\/posts\/789"}],"collection":[{"href":"https:\/\/thecloset.co\/blog\/wp-json\/wp\/v2\/posts"}],"about":[{"href":"https:\/\/thecloset.co\/blog\/wp-json\/wp\/v2\/types\/post"}],"author":[{"embeddable":true,"href":"https:\/\/thecloset.co\/blog\/wp-json\/wp\/v2\/users\/3"}],"replies":[{"embeddable":true,"href":"https:\/\/thecloset.co\/blog\/wp-json\/wp\/v2\/comments?post=789"}],"version-history":[{"count":7,"href":"https:\/\/thecloset.co\/blog\/wp-json\/wp\/v2\/posts\/789\/revisions"}],"predecessor-version":[{"id":2024,"href":"https:\/\/thecloset.co\/blog\/wp-json\/wp\/v2\/posts\/789\/revisions\/2024"}],"wp:featuredmedia":[{"embeddable":true,"href":"https:\/\/thecloset.co\/blog\/wp-json\/wp\/v2\/media\/794"}],"wp:attachment":[{"href":"https:\/\/thecloset.co\/blog\/wp-json\/wp\/v2\/media?parent=789"}],"wp:term":[{"taxonomy":"category","embeddable":true,"href":"https:\/\/thecloset.co\/blog\/wp-json\/wp\/v2\/categories?post=789"},{"taxonomy":"post_tag","embeddable":true,"href":"https:\/\/thecloset.co\/blog\/wp-json\/wp\/v2\/tags?post=789"}],"curies":[{"name":"wp","href":"https:\/\/api.w.org\/{rel}","templated":true}]}}