{"id":836,"date":"2015-11-23T15:51:34","date_gmt":"2015-11-23T15:51:34","guid":{"rendered":"http:\/\/thecloset.co\/blog\/?p=836"},"modified":"2017-08-23T19:41:17","modified_gmt":"2017-08-23T19:41:17","slug":"compras-corporativas-con-thecloset-co","status":"publish","type":"post","link":"https:\/\/thecloset.co\/blog\/compras-corporativas-con-thecloset-co\/","title":{"rendered":"COMPRAS CORPORATIVAS CON THECLOSET.CO"},"content":{"rendered":"<h2><strong>Regalos empresariales distintivos<\/strong><\/h2>\n<p>Aunque muchas veces no puede asustar medir un presupuesto esto solo es parte del proceso regular que debemos tener para que todo salga en perfectas condiciones para as\u00ed no excedernos en gastos.<\/p>\n<p>Las empresas pymes y\/o medianas que cuentan con un presupuesto ajustado pueden deslumbrar con regalos que se ajusten totalmente a lo que buscan, pero tambi\u00e9n podr\u00e1n dar regalos \u00fanicos que permitir\u00e1 diferenciarlo del resto de las empresas.<\/p>\n<p><!--more Leer m\u00e1s--><\/p>\n<p><a href=\"http:\/\/thecloset.co\/\" target=\"_blank\">TheCloset.co<\/a> y nuestra <a href=\"http:\/\/thecloset.co\/quieres-vender\" target=\"_blank\">#RedDeDise\u00f1adores<\/a> cuenta con artistas que hacen del dise\u00f1o un arte para regalar, aqu\u00ed te dejamos algunas recomendaciones para regalar en navidad a nivel empresarial.<\/p>\n<p>&nbsp;<\/p>\n<h3><strong><a href=\"http:\/\/thecloset.co\/Primavara-objetos-con-dise%C3%B1o\" target=\"_blank\">Primavara<\/a><\/strong><\/h3>\n<p>Para unas compras al por mayor para nuestros empleados, las libretas pueden ser una opci\u00f3n muy acertada sin dejar de lado el dise\u00f1o exclusivo que hace de estos presentes algo especial.<\/p>\n<p><a href=\"http:\/\/thecloset.co\/blog\/wp-content\/uploads\/2015\/11\/primavara_thecloset.co_cuaderno_piano002-600x600.jpg\" data-rel=\"lightbox-image-0\" data-rl_title=\"\" data-rl_caption=\"\" title=\"\"><img loading=\"lazy\" decoding=\"async\" class=\"alignnone size-medium wp-image-838\" src=\"http:\/\/thecloset.co\/blog\/wp-content\/uploads\/2015\/11\/primavara_thecloset.co_cuaderno_piano002-600x600-300x300.jpg\" alt=\"primavara_thecloset.co_cuaderno_piano002-600x600\" width=\"300\" height=\"300\" srcset=\"https:\/\/thecloset.co\/blog\/wp-content\/uploads\/2015\/11\/primavara_thecloset.co_cuaderno_piano002-600x600-300x300.jpg 300w, https:\/\/thecloset.co\/blog\/wp-content\/uploads\/2015\/11\/primavara_thecloset.co_cuaderno_piano002-600x600-100x100.jpg 100w, https:\/\/thecloset.co\/blog\/wp-content\/uploads\/2015\/11\/primavara_thecloset.co_cuaderno_piano002-600x600.jpg 600w, https:\/\/thecloset.co\/blog\/wp-content\/uploads\/2015\/11\/primavara_thecloset.co_cuaderno_piano002-600x600-150x150.jpg 150w\" sizes=\"(max-width: 300px) 100vw, 300px\" \/><\/a><\/p>\n<p>&nbsp;<\/p>\n<h3><strong><a href=\"http:\/\/thecloset.co\/dise%C3%B1o\" target=\"_blank\">Dispar<\/a><\/strong><\/h3>\n<p>Para proveedores m\u00e1s grandes puedes llegar a sorprenderlos con un reloj muy creativo.<\/p>\n<p><a href=\"http:\/\/thecloset.co\/blog\/wp-content\/uploads\/2015\/11\/014disparrelojhexagonalthecloset-600x600.jpg\" data-rel=\"lightbox-image-1\" data-rl_title=\"\" data-rl_caption=\"\" title=\"\"><img loading=\"lazy\" decoding=\"async\" class=\"alignnone size-medium wp-image-839\" src=\"http:\/\/thecloset.co\/blog\/wp-content\/uploads\/2015\/11\/014disparrelojhexagonalthecloset-600x600-300x300.jpg\" alt=\"014disparrelojhexagonalthecloset-600x600\" width=\"300\" height=\"300\" srcset=\"https:\/\/thecloset.co\/blog\/wp-content\/uploads\/2015\/11\/014disparrelojhexagonalthecloset-600x600-300x300.jpg 300w, https:\/\/thecloset.co\/blog\/wp-content\/uploads\/2015\/11\/014disparrelojhexagonalthecloset-600x600-100x100.jpg 100w, https:\/\/thecloset.co\/blog\/wp-content\/uploads\/2015\/11\/014disparrelojhexagonalthecloset-600x600.jpg 600w, https:\/\/thecloset.co\/blog\/wp-content\/uploads\/2015\/11\/014disparrelojhexagonalthecloset-600x600-150x150.jpg 150w\" sizes=\"(max-width: 300px) 100vw, 300px\" \/><\/a><\/p>\n<p>&nbsp;<\/p>\n<h3><strong><a href=\"http:\/\/thecloset.co\/Kmaleon-accesorios-hogar-oficina-en-acrilico\" target=\"_blank\">Kmale\u00f3n<\/a><\/strong><\/h3>\n<p>Para proveedores peque\u00f1os puedes regalarle art\u00edculos\u00a0que ser\u00e1n \u00fanicos en su clase pero muy \u00fatiles, no solo decorar\u00e1 su espacio sino tambi\u00e9n el dise\u00f1o y lo exclusivo har\u00e1 que se acuerden de ti.<\/p>\n<p><a href=\"http:\/\/thecloset.co\/blog\/wp-content\/uploads\/2015\/11\/kmaleon_fotos_thecloset_organizador_ciudad_002-300x300.jpg\" data-rel=\"lightbox-image-2\" data-rl_title=\"\" data-rl_caption=\"\" title=\"\"><img loading=\"lazy\" decoding=\"async\" class=\"alignnone size-full wp-image-840\" src=\"http:\/\/thecloset.co\/blog\/wp-content\/uploads\/2015\/11\/kmaleon_fotos_thecloset_organizador_ciudad_002-300x300.jpg\" alt=\"kmaleon_fotos_thecloset_organizador_ciudad_002-300x300\" width=\"300\" height=\"300\" srcset=\"https:\/\/thecloset.co\/blog\/wp-content\/uploads\/2015\/11\/kmaleon_fotos_thecloset_organizador_ciudad_002-300x300.jpg 300w, https:\/\/thecloset.co\/blog\/wp-content\/uploads\/2015\/11\/kmaleon_fotos_thecloset_organizador_ciudad_002-300x300-100x100.jpg 100w, https:\/\/thecloset.co\/blog\/wp-content\/uploads\/2015\/11\/kmaleon_fotos_thecloset_organizador_ciudad_002-300x300-150x150.jpg 150w\" sizes=\"(max-width: 300px) 100vw, 300px\" \/><\/a><\/p>\n<h3><strong><a href=\"http:\/\/thecloset.co\/Julian\" target=\"_blank\">Julian <\/a>&amp; <a href=\"http:\/\/thecloset.co\/cuadros-estilo-pop-art-marca-pop-art\" target=\"_blank\">Pop Art<\/a><\/strong><\/h3>\n<p>Estos regalos son perfectos para deslumbrar a tus clientes m\u00e1s fieles, ilustraciones llenas de creatividad y amor por el arte.<\/p>\n<p><a href=\"http:\/\/thecloset.co\/blog\/wp-content\/uploads\/2015\/11\/cuadro_vertical_julian_lifeisawave_thecloset.co_001-491x491.jpg\" data-rel=\"lightbox-image-3\" data-rl_title=\"\" data-rl_caption=\"\" title=\"\"><img loading=\"lazy\" decoding=\"async\" class=\"alignnone size-medium wp-image-841\" src=\"http:\/\/thecloset.co\/blog\/wp-content\/uploads\/2015\/11\/cuadro_vertical_julian_lifeisawave_thecloset.co_001-491x491-300x300.jpg\" alt=\"cuadro_vertical_julian_lifeisawave_thecloset.co_001-491x491\" width=\"300\" height=\"300\" srcset=\"https:\/\/thecloset.co\/blog\/wp-content\/uploads\/2015\/11\/cuadro_vertical_julian_lifeisawave_thecloset.co_001-491x491-300x300.jpg 300w, https:\/\/thecloset.co\/blog\/wp-content\/uploads\/2015\/11\/cuadro_vertical_julian_lifeisawave_thecloset.co_001-491x491-100x100.jpg 100w, https:\/\/thecloset.co\/blog\/wp-content\/uploads\/2015\/11\/cuadro_vertical_julian_lifeisawave_thecloset.co_001-491x491-150x150.jpg 150w, https:\/\/thecloset.co\/blog\/wp-content\/uploads\/2015\/11\/cuadro_vertical_julian_lifeisawave_thecloset.co_001-491x491.jpg 491w\" sizes=\"(max-width: 300px) 100vw, 300px\" \/><\/a>\u00a0 \u00a0 \u00a0 \u00a0 \u00a0 \u00a0<a href=\"http:\/\/thecloset.co\/blog\/wp-content\/uploads\/2015\/11\/cuadro_vertica_franky-491x491.jpg\" data-rel=\"lightbox-image-4\" data-rl_title=\"\" data-rl_caption=\"\" title=\"\"><img loading=\"lazy\" decoding=\"async\" class=\"alignnone size-medium wp-image-842\" src=\"http:\/\/thecloset.co\/blog\/wp-content\/uploads\/2015\/11\/cuadro_vertica_franky-491x491-300x300.jpg\" alt=\"cuadro_vertica_franky-491x491\" width=\"300\" height=\"300\" srcset=\"https:\/\/thecloset.co\/blog\/wp-content\/uploads\/2015\/11\/cuadro_vertica_franky-491x491-300x300.jpg 300w, https:\/\/thecloset.co\/blog\/wp-content\/uploads\/2015\/11\/cuadro_vertica_franky-491x491-100x100.jpg 100w, https:\/\/thecloset.co\/blog\/wp-content\/uploads\/2015\/11\/cuadro_vertica_franky-491x491-150x150.jpg 150w, https:\/\/thecloset.co\/blog\/wp-content\/uploads\/2015\/11\/cuadro_vertica_franky-491x491.jpg 491w\" sizes=\"(max-width: 300px) 100vw, 300px\" \/><\/a><\/p>\n<p>No esperes m\u00e1s y en esta navidad realiza tus compras corporativas con <a href=\"http:\/\/thecloset.co\" target=\"_blank\">TheCloset.co<\/a><\/p>\n<p>Visita nuestra boutique\u00a0<a href=\"http:\/\/thecloset.co\/mujer\">TheCloset.Co<\/a>\u00a0 Calle 80 # 13 &#8211; 09 en Bogot\u00e1-Colombia (detr\u00e1s del CC Atlantis Plaza) #Dise\u00f1oIndependiente #HechoEnColombia #MadeInColombia #CompraColombiano<\/p>\n<p><strong>\u00danete a nuestra red!<\/strong><\/p>\n<p>Si estas interesado en hacer parte de la #RedDeDise\u00f1adores escr\u00edbenos al correo\u00a0<a href=\"mailto:contacto@thecloset.co\">contacto@thecloset.co<\/a>\u00a0con informaci\u00f3n de tu marca y fotos de los productos.<\/p>\n<p>S\u00edguenos en nuestras redes:\u00a0<a href=\"https:\/\/www.facebook.com\/thecloset.co.diseno\/?fref=ts\">Facebook<\/a>,\u00a0<a href=\"https:\/\/www.instagram.com\/theclosetco\/\">Instagram<\/a><\/p>\n<p>&nbsp;<\/p>\n<p>&nbsp;<\/p>\n","protected":false},"excerpt":{"rendered":"<p>Regalos empresariales distintivos Aunque muchas veces no puede asustar medir un presupuesto esto solo es parte del proceso regular que debemos tener para que todo salga en perfectas condiciones para as\u00ed no excedernos en gastos. Las empresas pymes y\/o medianas que cuentan con un presupuesto ajustado pueden deslumbrar con regalos que se ajusten totalmente a&#8230;<\/p>\n","protected":false},"author":3,"featured_media":837,"comment_status":"open","ping_status":"open","sticky":false,"template":"","format":"standard","meta":{"footnotes":""},"categories":[1],"tags":[],"_links":{"self":[{"href":"https:\/\/thecloset.co\/blog\/wp-json\/wp\/v2\/posts\/836"}],"collection":[{"href":"https:\/\/thecloset.co\/blog\/wp-json\/wp\/v2\/posts"}],"about":[{"href":"https:\/\/thecloset.co\/blog\/wp-json\/wp\/v2\/types\/post"}],"author":[{"embeddable":true,"href":"https:\/\/thecloset.co\/blog\/wp-json\/wp\/v2\/users\/3"}],"replies":[{"embeddable":true,"href":"https:\/\/thecloset.co\/blog\/wp-json\/wp\/v2\/comments?post=836"}],"version-history":[{"count":4,"href":"https:\/\/thecloset.co\/blog\/wp-json\/wp\/v2\/posts\/836\/revisions"}],"predecessor-version":[{"id":2018,"href":"https:\/\/thecloset.co\/blog\/wp-json\/wp\/v2\/posts\/836\/revisions\/2018"}],"wp:featuredmedia":[{"embeddable":true,"href":"https:\/\/thecloset.co\/blog\/wp-json\/wp\/v2\/media\/837"}],"wp:attachment":[{"href":"https:\/\/thecloset.co\/blog\/wp-json\/wp\/v2\/media?parent=836"}],"wp:term":[{"taxonomy":"category","embeddable":true,"href":"https:\/\/thecloset.co\/blog\/wp-json\/wp\/v2\/categories?post=836"},{"taxonomy":"post_tag","embeddable":true,"href":"https:\/\/thecloset.co\/blog\/wp-json\/wp\/v2\/tags?post=836"}],"curies":[{"name":"wp","href":"https:\/\/api.w.org\/{rel}","templated":true}]}}