{"id":845,"date":"2015-11-23T13:15:54","date_gmt":"2015-11-23T13:15:54","guid":{"rendered":"http:\/\/thecloset.co\/blog\/?p=845"},"modified":"2017-08-23T19:43:20","modified_gmt":"2017-08-23T19:43:20","slug":"lista-de-ganadores-de-los-latin-grammy","status":"publish","type":"post","link":"https:\/\/thecloset.co\/blog\/lista-de-ganadores-de-los-latin-grammy\/","title":{"rendered":"LISTA DE GANADORES DE LOS LATIN GRAMMY"},"content":{"rendered":"<p>Natalia Lafourcade se rob\u00f3 el show de la esta edici\u00f3n\u00a0de los Latin Grammy, llev\u00e1ndose consigo 4 estatuillas con su canci\u00f3n \u00abHasta la ra\u00edz\u00bb; tambi\u00e9n en la ceremonia llevada a cabo en Las Vegas los colombianos hicieron presencia musical con sus galardones y presentaciones espectaculares como la de Bomba Est\u00e9reo con Will Smith y su Canci\u00f3n \u00abFiesta\u00bb.<\/p>\n<h4><\/h4>\n<p><!--more Leer m\u00e1s--><\/p>\n<h4><strong>Grabaci\u00f3n del A\u00f1o<\/strong><\/h4>\n<p><a href=\"http:\/\/thecloset.co\/blog\/wp-content\/uploads\/2015\/11\/Natalia-Lafourcade.jpg\" data-rel=\"lightbox-image-0\" data-rl_title=\"\" data-rl_caption=\"\" title=\"\"><img loading=\"lazy\" decoding=\"async\" class=\"alignnone size-medium wp-image-847\" src=\"http:\/\/thecloset.co\/blog\/wp-content\/uploads\/2015\/11\/Natalia-Lafourcade-300x200.jpg\" alt=\"Natalia-Lafourcade\" width=\"300\" height=\"200\" srcset=\"https:\/\/thecloset.co\/blog\/wp-content\/uploads\/2015\/11\/Natalia-Lafourcade-300x200.jpg 300w, https:\/\/thecloset.co\/blog\/wp-content\/uploads\/2015\/11\/Natalia-Lafourcade-600x400.jpg 600w, https:\/\/thecloset.co\/blog\/wp-content\/uploads\/2015\/11\/Natalia-Lafourcade.jpg 1000w\" sizes=\"(max-width: 300px) 100vw, 300px\" \/><\/a><\/p>\n<p>Natalia Lafourcade \u2013 \u201cHasta la ra\u00edz\u201d<\/p>\n<p>Escucha la canci\u00f3n aqu\u00ed: <a href=\"https:\/\/www.youtube.com\/watch?v=IKmPci5VXz0\" data-rel=\"lightbox-video-0\" target=\"_blank\">Hasta la ra\u00edz &#8211; Natalia Lafourcade<\/a><\/p>\n<p><strong>\u00a0<\/strong><\/p>\n<h4><strong>\u00c1lbum del a\u00f1o<\/strong><\/h4>\n<p><strong><a href=\"http:\/\/thecloset.co\/blog\/wp-content\/uploads\/2015\/11\/juan-luis-guerra-todo-tiene-su-hora.jpg\" data-rel=\"lightbox-image-1\" data-rl_title=\"\" data-rl_caption=\"\" title=\"\"><img loading=\"lazy\" decoding=\"async\" class=\"alignnone size-medium wp-image-848\" src=\"http:\/\/thecloset.co\/blog\/wp-content\/uploads\/2015\/11\/juan-luis-guerra-todo-tiene-su-hora-300x169.jpg\" alt=\"juan-luis-guerra-todo-tiene-su-hora\" width=\"300\" height=\"169\" srcset=\"https:\/\/thecloset.co\/blog\/wp-content\/uploads\/2015\/11\/juan-luis-guerra-todo-tiene-su-hora-300x169.jpg 300w, https:\/\/thecloset.co\/blog\/wp-content\/uploads\/2015\/11\/juan-luis-guerra-todo-tiene-su-hora-600x338.jpg 600w, https:\/\/thecloset.co\/blog\/wp-content\/uploads\/2015\/11\/juan-luis-guerra-todo-tiene-su-hora-1024x576.jpg 1024w, https:\/\/thecloset.co\/blog\/wp-content\/uploads\/2015\/11\/juan-luis-guerra-todo-tiene-su-hora.jpg 1920w\" sizes=\"(max-width: 300px) 100vw, 300px\" \/><\/a>\u00a0<\/strong><\/p>\n<p>Juan Luis Guerra \u2013 \u201cTodo tiene su hora\u201d<\/p>\n<p>Escucha el \u00e1lbum completo aqu\u00ed: <a href=\"https:\/\/www.youtube.com\/watch?v=e2FH5HOvXJk\" data-rel=\"lightbox-video-1\" target=\"_blank\">Todo tiene su hora &#8211; Juan Luis Guerra<\/a><\/p>\n<p><strong>\u00a0<\/strong><\/p>\n<h4><strong>Canci\u00f3n del A\u00f1o<\/strong><\/h4>\n<p>Natalia Lafourcade \u2013 \u201cHasta la ra\u00edz\u201d<\/p>\n<p>Escucha la canci\u00f3n aqu\u00ed: <a href=\"https:\/\/www.youtube.com\/watch?v=IKmPci5VXz0\" data-rel=\"lightbox-video-0\" target=\"_blank\">Hasta la ra\u00edz &#8211; Natalia Lafourcade<\/a><\/p>\n<p>&nbsp;<\/p>\n<h4><strong>Mejor Nuevo Artista<\/strong><\/h4>\n<p><a href=\"http:\/\/thecloset.co\/blog\/wp-content\/uploads\/2015\/11\/monsieur-perine.jpeg\" data-rel=\"lightbox-image-2\" data-rl_title=\"\" data-rl_caption=\"\" title=\"\"><img loading=\"lazy\" decoding=\"async\" class=\"alignnone size-medium wp-image-849\" src=\"http:\/\/thecloset.co\/blog\/wp-content\/uploads\/2015\/11\/monsieur-perine-300x168.jpeg\" alt=\"monsieur-perine\" width=\"300\" height=\"168\" srcset=\"https:\/\/thecloset.co\/blog\/wp-content\/uploads\/2015\/11\/monsieur-perine-300x168.jpeg 300w, https:\/\/thecloset.co\/blog\/wp-content\/uploads\/2015\/11\/monsieur-perine-600x336.jpeg 600w, https:\/\/thecloset.co\/blog\/wp-content\/uploads\/2015\/11\/monsieur-perine-1024x573.jpeg 1024w, https:\/\/thecloset.co\/blog\/wp-content\/uploads\/2015\/11\/monsieur-perine.jpeg 1200w\" sizes=\"(max-width: 300px) 100vw, 300px\" \/><\/a><\/p>\n<p>Monsieur Perin\u00e9<\/p>\n<p>Escucha aqu\u00ed una muestra musical: <a href=\"https:\/\/www.youtube.com\/watch?v=3SGgiHhLEQc\" data-rel=\"lightbox-video-3\" target=\"_blank\">Mounsieur Perin\u00e9 &#8211; Mi Libertad\u00a0<\/a><\/p>\n<p>&nbsp;<\/p>\n<h4><strong>Mejor Interpretaci\u00f3n Urbana<\/strong><\/h4>\n<p><a href=\"http:\/\/thecloset.co\/blog\/wp-content\/uploads\/2015\/11\/nicky-jam-enrique-iglesias-el-perdon-video.png\" data-rel=\"lightbox-image-3\" data-rl_title=\"\" data-rl_caption=\"\" title=\"\"><img loading=\"lazy\" decoding=\"async\" class=\"alignnone size-medium wp-image-850\" src=\"http:\/\/thecloset.co\/blog\/wp-content\/uploads\/2015\/11\/nicky-jam-enrique-iglesias-el-perdon-video-300x189.png\" alt=\"nicky-jam-enrique-iglesias-el-perdon-video\" width=\"300\" height=\"189\" srcset=\"https:\/\/thecloset.co\/blog\/wp-content\/uploads\/2015\/11\/nicky-jam-enrique-iglesias-el-perdon-video-300x189.png 300w, https:\/\/thecloset.co\/blog\/wp-content\/uploads\/2015\/11\/nicky-jam-enrique-iglesias-el-perdon-video-600x377.png 600w, https:\/\/thecloset.co\/blog\/wp-content\/uploads\/2015\/11\/nicky-jam-enrique-iglesias-el-perdon-video.png 620w\" sizes=\"(max-width: 300px) 100vw, 300px\" \/><\/a><\/p>\n<p>Nicky Jam &amp; Enrique Iglesias \u2013 \u201cEl perd\u00f3n\u201d<\/p>\n<p>Escucha la canci\u00f3n aqu\u00ed: <a href=\"https:\/\/www.youtube.com\/watch?v=hXI8RQYC36Q\" data-rel=\"lightbox-video-4\" target=\"_blank\">El perd\u00f3n &#8211; Nicky Jam &amp; Enrique Iglesias<\/a><\/p>\n<p>&nbsp;<\/p>\n<p><strong>Mejor Canci\u00f3n Urbana<\/strong><\/p>\n<p><a href=\"http:\/\/thecloset.co\/blog\/wp-content\/uploads\/2015\/11\/o-j-balvin-facebook.jpg\" data-rel=\"lightbox-image-4\" data-rl_title=\"\" data-rl_caption=\"\" title=\"\"><img loading=\"lazy\" decoding=\"async\" class=\"alignnone size-medium wp-image-851\" src=\"http:\/\/thecloset.co\/blog\/wp-content\/uploads\/2015\/11\/o-j-balvin-facebook-300x152.jpg\" alt=\"o-j-balvin-facebook\" width=\"300\" height=\"152\" srcset=\"https:\/\/thecloset.co\/blog\/wp-content\/uploads\/2015\/11\/o-j-balvin-facebook-300x152.jpg 300w, https:\/\/thecloset.co\/blog\/wp-content\/uploads\/2015\/11\/o-j-balvin-facebook-600x305.jpg 600w, https:\/\/thecloset.co\/blog\/wp-content\/uploads\/2015\/11\/o-j-balvin-facebook.jpg 630w\" sizes=\"(max-width: 300px) 100vw, 300px\" \/><\/a><\/p>\n<p><strong>\u00a0<\/strong>J Balvin &#8211; \u201cAy vamos\u201d<\/p>\n<p>Escucha la canci\u00f3n aqu\u00ed: <a href=\"https:\/\/www.youtube.com\/watch?v=TapXs54Ah3E\" data-rel=\"lightbox-video-5\" target=\"_blank\">Ay vamos &#8211; J Balvin<\/a><\/p>\n<p>&nbsp;<\/p>\n<h4><strong>Mejor \u00c1lbum Fusi\u00f3n Tropical<\/strong><\/h4>\n<p><a href=\"http:\/\/thecloset.co\/blog\/wp-content\/uploads\/2015\/11\/CONCIERTOS.jpg\" data-rel=\"lightbox-image-5\" data-rl_title=\"\" data-rl_caption=\"\" title=\"\"><img loading=\"lazy\" decoding=\"async\" class=\"alignnone size-medium wp-image-852\" src=\"http:\/\/thecloset.co\/blog\/wp-content\/uploads\/2015\/11\/CONCIERTOS-300x200.jpg\" alt=\"CONCIERTOS\" width=\"300\" height=\"200\" srcset=\"https:\/\/thecloset.co\/blog\/wp-content\/uploads\/2015\/11\/CONCIERTOS-300x200.jpg 300w, https:\/\/thecloset.co\/blog\/wp-content\/uploads\/2015\/11\/CONCIERTOS.jpg 560w\" sizes=\"(max-width: 300px) 100vw, 300px\" \/><\/a><\/p>\n<p><strong>\u00a0<\/strong>ChocQuib &#8211; Town \u201cEl mismo\u201d<\/p>\n<p>Escucha el \u00e1lbum aqu\u00ed: El mismo &#8211; <a href=\"https:\/\/www.youtube.com\/watch?v=Gv0SruQxvn4&amp;list=PLPc-CXQsdh6H8kunRJz8_2Gs_mUS2QFkP\" data-rel=\"lightbox-video-6\" target=\"_blank\">ChocQuib Town<\/a><\/p>\n<p>&nbsp;<\/p>\n<p>\u00a1Felicidades a todos nuestros grandes artistas!<\/p>\n<p>Mira la lista completa de ganadores aqu\u00ed: <a href=\"http:\/\/la.eonline.com\/andes\/2015\/lista-completa-de-ganadores-de-los-latin-grammys-2015\/\">http:\/\/la.eonline.com\/andes\/2015\/lista-completa-de-ganadores-de-los-latin-grammys-2015\/<\/a><\/p>\n<p>Visita nuestra boutique\u00a0<a href=\"http:\/\/thecloset.co\/mujer\">TheCloset.Co<\/a>\u00a0 Calle 80 # 13 &#8211; 09 en Bogot\u00e1-Colombia (detr\u00e1s del CC Atlantis Plaza) #Dise\u00f1oIndependiente #HechoEnColombia #MadeInColombia #CompraColombiano<\/p>\n<p><strong>\u00danete a nuestra red!<\/strong><\/p>\n<p>Si estas interesado en hacer parte de la #RedDeDise\u00f1adores escr\u00edbenos al correo\u00a0<a href=\"mailto:contacto@thecloset.co\">contacto@thecloset.co<\/a>\u00a0con informaci\u00f3n de tu marca y fotos de los productos.<\/p>\n<p>S\u00edguenos en nuestras redes:\u00a0<a href=\"https:\/\/www.facebook.com\/thecloset.co.diseno\/?fref=ts\">Facebook<\/a>,\u00a0<a href=\"https:\/\/www.instagram.com\/theclosetco\/\">Instagram<\/a><\/p>\n<p>&nbsp;<\/p>\n<h6>Fuente im\u00e1genes: <a href=\"http:\/\/www.vanguardia.com.mx\/articulo\/nominados-los-grammy-latinos-2015\">http:\/\/www.vanguardia.com.mx\/articulo\/nominados-los-grammy-latinos-2015<\/a><a href=\"https:\/\/www.sonymusic.com.mx\/2015\/09\/23\/natalia-lafourcade\/\">https:\/\/www.sonymusic.com.mx\/2015\/09\/23\/natalia-lafourcade\/<\/a><\/h6>\n<h6><a href=\"http:\/\/www.hippowallpapers.com\/juan-luis-guerra-wallpapers\">http:\/\/www.hippowallpapers.com\/juan-luis-guerra-wallpapers<\/a><\/h6>\n<h6><a href=\"http:\/\/billboard.com.br\/noticias\/ouca-a-nova-de-enrique-iglesias-com-nicky-jam\/\">http:\/\/billboard.com.br\/noticias\/ouca-a-nova-de-enrique-iglesias-com-nicky-jam\/<\/a><\/h6>\n<h6><a href=\"http:\/\/www.revistaperroverde.com\/a-que-suenan-los-nuevos-talentos-de-los-grammy-latinos\/\">http:\/\/www.revistaperroverde.com\/a-que-suenan-los-nuevos-talentos-de-los-grammy-latinos\/<\/a><\/h6>\n<h6><a href=\"http:\/\/www.elheraldo.co\/tendencias\/j-balvin-cancela-su-presentacion-en-miss-usa-tras-comentarios-ofensivos-de-donald-trump\">http:\/\/www.elheraldo.co\/tendencias\/j-balvin-cancela-su-presentacion-en-miss-usa-tras-comentarios-ofensivos-de-donald-trump<\/a><\/h6>\n<h6><a href=\"http:\/\/www.chocquibtown.com\/\">http:\/\/www.chocquibtown.com\/<\/a><\/h6>\n<h6><\/h6>\n<p>&nbsp;<\/p>\n<p>&nbsp;<\/p>\n","protected":false},"excerpt":{"rendered":"<p>Natalia Lafourcade se rob\u00f3 el show de la esta edici\u00f3n\u00a0de los Latin Grammy, llev\u00e1ndose consigo 4 estatuillas con su canci\u00f3n \u00abHasta la ra\u00edz\u00bb; tambi\u00e9n en la ceremonia llevada a cabo en Las Vegas los colombianos hicieron presencia musical con sus galardones y presentaciones espectaculares como la de Bomba Est\u00e9reo con Will Smith y su Canci\u00f3n&#8230;<\/p>\n","protected":false},"author":3,"featured_media":846,"comment_status":"open","ping_status":"open","sticky":false,"template":"","format":"standard","meta":{"footnotes":""},"categories":[97],"tags":[],"_links":{"self":[{"href":"https:\/\/thecloset.co\/blog\/wp-json\/wp\/v2\/posts\/845"}],"collection":[{"href":"https:\/\/thecloset.co\/blog\/wp-json\/wp\/v2\/posts"}],"about":[{"href":"https:\/\/thecloset.co\/blog\/wp-json\/wp\/v2\/types\/post"}],"author":[{"embeddable":true,"href":"https:\/\/thecloset.co\/blog\/wp-json\/wp\/v2\/users\/3"}],"replies":[{"embeddable":true,"href":"https:\/\/thecloset.co\/blog\/wp-json\/wp\/v2\/comments?post=845"}],"version-history":[{"count":6,"href":"https:\/\/thecloset.co\/blog\/wp-json\/wp\/v2\/posts\/845\/revisions"}],"predecessor-version":[{"id":2020,"href":"https:\/\/thecloset.co\/blog\/wp-json\/wp\/v2\/posts\/845\/revisions\/2020"}],"wp:featuredmedia":[{"embeddable":true,"href":"https:\/\/thecloset.co\/blog\/wp-json\/wp\/v2\/media\/846"}],"wp:attachment":[{"href":"https:\/\/thecloset.co\/blog\/wp-json\/wp\/v2\/media?parent=845"}],"wp:term":[{"taxonomy":"category","embeddable":true,"href":"https:\/\/thecloset.co\/blog\/wp-json\/wp\/v2\/categories?post=845"},{"taxonomy":"post_tag","embeddable":true,"href":"https:\/\/thecloset.co\/blog\/wp-json\/wp\/v2\/tags?post=845"}],"curies":[{"name":"wp","href":"https:\/\/api.w.org\/{rel}","templated":true}]}}