{"id":880,"date":"2015-11-25T16:21:53","date_gmt":"2015-11-25T16:21:53","guid":{"rendered":"http:\/\/thecloset.co\/blog\/?p=880"},"modified":"2017-08-23T17:53:25","modified_gmt":"2017-08-23T17:53:25","slug":"renueva-tu-closet-para-el-2016","status":"publish","type":"post","link":"https:\/\/thecloset.co\/blog\/renueva-tu-closet-para-el-2016\/","title":{"rendered":"RENUEVA TU CL\u00d3SET PARA EL 2016"},"content":{"rendered":"<h2>Empezar el a\u00f1o con nuevos objetivos<\/h2>\n<p>Consentirte y complacerte es uno de los mayores placeres en la vida, muchas veces no basta con sentir admiraci\u00f3n hac\u00eda alguien si no valoras primero lo que hay en ti y amas todo lo que rodea tu ser.<\/p>\n<p>En esencia tu modo de vestir refleja como te sientes, la moda es parte de nosotros, todos los d\u00edas, a toda hora.<\/p>\n<p>Aunque a\u00fan falta un mes, ya todos tenemos nuevos prop\u00f3sitos para el nuevo a\u00f1o y uno de los objetivos principales que debes a\u00f1adir a tu lista es renovar tu <a href=\"http:\/\/thecloset.co\/\" target=\"_blank\">cl\u00f3set<\/a> para el 2016, saca toda la ropa que ya no te siente bien, la que ya no utilices.<\/p>\n<p><!--more Leer m\u00e1s--><\/p>\n<p>Nuestra <a href=\"http:\/\/thecloset.co\/quieres-vender\" target=\"_blank\">#RedDeDise\u00f1adores<\/a> se caracteriza por su\u00a0dise\u00f1o independiente, en donde la exclusividad es primordial para que las personas encuentre e identifiquen su estilo.<\/p>\n<p>\u00a1Por eso te traemos unos tips para que empieces con las <a href=\"http:\/\/thecloset.co\/\" target=\"_blank\">compras<\/a>!<\/p>\n<p><strong>\u00a1Hombres!<\/strong> los pantalones y camisas de <a href=\"http:\/\/thecloset.co\/carlos-guerra-1990\" target=\"_blank\">Carlos Guerra<\/a> es una opci\u00f3n cargada de talento 100 % huilense, sus colores y estampados combinan perfecto para cualquier ocasi\u00f3n.<\/p>\n<p><a href=\"http:\/\/thecloset.co\/blog\/wp-content\/uploads\/2015\/11\/019pantalonvinotintocarlosguerratheclosetco-491x491.jpg\" data-rel=\"lightbox-image-0\" data-rl_title=\"\" data-rl_caption=\"\" title=\"\"><img loading=\"lazy\" decoding=\"async\" class=\"alignnone size-medium wp-image-882\" src=\"http:\/\/thecloset.co\/blog\/wp-content\/uploads\/2015\/11\/019pantalonvinotintocarlosguerratheclosetco-491x491-300x300.jpg\" alt=\"019pantalonvinotintocarlosguerratheclosetco-491x491\" width=\"300\" height=\"300\" srcset=\"https:\/\/thecloset.co\/blog\/wp-content\/uploads\/2015\/11\/019pantalonvinotintocarlosguerratheclosetco-491x491-300x300.jpg 300w, https:\/\/thecloset.co\/blog\/wp-content\/uploads\/2015\/11\/019pantalonvinotintocarlosguerratheclosetco-491x491-100x100.jpg 100w, https:\/\/thecloset.co\/blog\/wp-content\/uploads\/2015\/11\/019pantalonvinotintocarlosguerratheclosetco-491x491-150x150.jpg 150w, https:\/\/thecloset.co\/blog\/wp-content\/uploads\/2015\/11\/019pantalonvinotintocarlosguerratheclosetco-491x491.jpg 491w\" sizes=\"(max-width: 300px) 100vw, 300px\" \/><\/a> <a href=\"http:\/\/thecloset.co\/blog\/wp-content\/uploads\/2015\/11\/003camisafloresblancocarlosguerratheclosetco-491x491.jpg\" data-rel=\"lightbox-image-1\" data-rl_title=\"\" data-rl_caption=\"\" title=\"\"><img loading=\"lazy\" decoding=\"async\" class=\"alignnone size-medium wp-image-883\" src=\"http:\/\/thecloset.co\/blog\/wp-content\/uploads\/2015\/11\/003camisafloresblancocarlosguerratheclosetco-491x491-300x300.jpg\" alt=\"003camisafloresblancocarlosguerratheclosetco-491x491\" width=\"300\" height=\"300\" srcset=\"https:\/\/thecloset.co\/blog\/wp-content\/uploads\/2015\/11\/003camisafloresblancocarlosguerratheclosetco-491x491-300x300.jpg 300w, https:\/\/thecloset.co\/blog\/wp-content\/uploads\/2015\/11\/003camisafloresblancocarlosguerratheclosetco-491x491-100x100.jpg 100w, https:\/\/thecloset.co\/blog\/wp-content\/uploads\/2015\/11\/003camisafloresblancocarlosguerratheclosetco-491x491-150x150.jpg 150w, https:\/\/thecloset.co\/blog\/wp-content\/uploads\/2015\/11\/003camisafloresblancocarlosguerratheclosetco-491x491.jpg 491w\" sizes=\"(max-width: 300px) 100vw, 300px\" \/><\/a><\/p>\n<p>\u00a1Mujeres! Todas, sin excepci\u00f3n debemos contar con unos CropTops de <a href=\"http:\/\/thecloset.co\/rotten-muztard\" target=\"_blank\">Rotten Muztard<\/a> que hagan juego con faldas de <a href=\"http:\/\/thecloset.co\/soloci\" target=\"_blank\">Soloci <\/a>llenas de glamour, prendas\u00a0precisas para utilizar cu\u00e1ndo quieras salir a la calle a desbordar estilo.<\/p>\n<p><a href=\"http:\/\/thecloset.co\/blog\/wp-content\/uploads\/2015\/11\/siloci_theclosetco_falda_gris001-491x491.jpg\" data-rel=\"lightbox-image-2\" data-rl_title=\"\" data-rl_caption=\"\" title=\"\"><img loading=\"lazy\" decoding=\"async\" class=\"alignnone size-medium wp-image-884\" src=\"http:\/\/thecloset.co\/blog\/wp-content\/uploads\/2015\/11\/siloci_theclosetco_falda_gris001-491x491-300x300.jpg\" alt=\"siloci_theclosetco_falda_gris001-491x491\" width=\"300\" height=\"300\" srcset=\"https:\/\/thecloset.co\/blog\/wp-content\/uploads\/2015\/11\/siloci_theclosetco_falda_gris001-491x491-300x300.jpg 300w, https:\/\/thecloset.co\/blog\/wp-content\/uploads\/2015\/11\/siloci_theclosetco_falda_gris001-491x491-100x100.jpg 100w, https:\/\/thecloset.co\/blog\/wp-content\/uploads\/2015\/11\/siloci_theclosetco_falda_gris001-491x491-150x150.jpg 150w, https:\/\/thecloset.co\/blog\/wp-content\/uploads\/2015\/11\/siloci_theclosetco_falda_gris001-491x491.jpg 491w\" sizes=\"(max-width: 300px) 100vw, 300px\" \/><\/a> <a href=\"http:\/\/thecloset.co\/blog\/wp-content\/uploads\/2015\/11\/043rottenmuztardcropcorazonesthecloset-491x4911.jpg\" data-rel=\"lightbox-image-3\" data-rl_title=\"\" data-rl_caption=\"\" title=\"\"><img loading=\"lazy\" decoding=\"async\" class=\"alignnone size-medium wp-image-885\" src=\"http:\/\/thecloset.co\/blog\/wp-content\/uploads\/2015\/11\/043rottenmuztardcropcorazonesthecloset-491x4911-300x300.jpg\" alt=\"043rottenmuztardcropcorazonesthecloset-491x491\" width=\"300\" height=\"300\" srcset=\"https:\/\/thecloset.co\/blog\/wp-content\/uploads\/2015\/11\/043rottenmuztardcropcorazonesthecloset-491x4911-300x300.jpg 300w, https:\/\/thecloset.co\/blog\/wp-content\/uploads\/2015\/11\/043rottenmuztardcropcorazonesthecloset-491x4911-100x100.jpg 100w, https:\/\/thecloset.co\/blog\/wp-content\/uploads\/2015\/11\/043rottenmuztardcropcorazonesthecloset-491x4911-150x150.jpg 150w, https:\/\/thecloset.co\/blog\/wp-content\/uploads\/2015\/11\/043rottenmuztardcropcorazonesthecloset-491x4911.jpg 491w\" sizes=\"(max-width: 300px) 100vw, 300px\" \/><\/a><\/p>\n<p>Podr\u00e1s encontrar mucho m\u00e1s en nuestra tienda virtual de dise\u00f1o independiente,<a href=\"http:\/\/thecloset.co\/\" target=\"_blank\"> TheCloset.co<\/a>.<\/p>\n<p>Visita nuestra boutique\u00a0<a href=\"http:\/\/thecloset.co\/\">TheCloset.Co<\/a>\u00a0 Calle 80 # 13 &#8211; 09 en Bogot\u00e1-Colombia (detr\u00e1s del CC Atlantis Plaza) #Dise\u00f1oIndependiente #HechoEnColombia #MadeInColombia #CompraColombiano<\/p>\n<p><strong>\u00danete a nuestra red!<\/strong><\/p>\n<p>Si estas interesado en hacer parte de la #RedDeDise\u00f1adores escr\u00edbenos al correo\u00a0<a href=\"mailto:contacto@thecloset.co\">contacto@thecloset.co<\/a>\u00a0con informaci\u00f3n de tu marca y fotos de los productos.<\/p>\n<p>S\u00edguenos en nuestras redes:\u00a0<a href=\"https:\/\/www.facebook.com\/thecloset.co.diseno\/?fref=ts\">Facebook<\/a>,\u00a0<a href=\"https:\/\/www.instagram.com\/theclosetco\/\">Instagram<\/a><\/p>\n","protected":false},"excerpt":{"rendered":"<p>Empezar el a\u00f1o con nuevos objetivos Consentirte y complacerte es uno de los mayores placeres en la vida, muchas veces no basta con sentir admiraci\u00f3n hac\u00eda alguien si no valoras primero lo que hay en ti y amas todo lo que rodea tu ser. En esencia tu modo de vestir refleja como te sientes, la&#8230;<\/p>\n","protected":false},"author":3,"featured_media":881,"comment_status":"open","ping_status":"open","sticky":false,"template":"","format":"standard","meta":{"footnotes":""},"categories":[14],"tags":[],"_links":{"self":[{"href":"https:\/\/thecloset.co\/blog\/wp-json\/wp\/v2\/posts\/880"}],"collection":[{"href":"https:\/\/thecloset.co\/blog\/wp-json\/wp\/v2\/posts"}],"about":[{"href":"https:\/\/thecloset.co\/blog\/wp-json\/wp\/v2\/types\/post"}],"author":[{"embeddable":true,"href":"https:\/\/thecloset.co\/blog\/wp-json\/wp\/v2\/users\/3"}],"replies":[{"embeddable":true,"href":"https:\/\/thecloset.co\/blog\/wp-json\/wp\/v2\/comments?post=880"}],"version-history":[{"count":3,"href":"https:\/\/thecloset.co\/blog\/wp-json\/wp\/v2\/posts\/880\/revisions"}],"predecessor-version":[{"id":2013,"href":"https:\/\/thecloset.co\/blog\/wp-json\/wp\/v2\/posts\/880\/revisions\/2013"}],"wp:featuredmedia":[{"embeddable":true,"href":"https:\/\/thecloset.co\/blog\/wp-json\/wp\/v2\/media\/881"}],"wp:attachment":[{"href":"https:\/\/thecloset.co\/blog\/wp-json\/wp\/v2\/media?parent=880"}],"wp:term":[{"taxonomy":"category","embeddable":true,"href":"https:\/\/thecloset.co\/blog\/wp-json\/wp\/v2\/categories?post=880"},{"taxonomy":"post_tag","embeddable":true,"href":"https:\/\/thecloset.co\/blog\/wp-json\/wp\/v2\/tags?post=880"}],"curies":[{"name":"wp","href":"https:\/\/api.w.org\/{rel}","templated":true}]}}