{"id":887,"date":"2015-11-26T17:28:59","date_gmt":"2015-11-26T17:28:59","guid":{"rendered":"http:\/\/thecloset.co\/blog\/?p=887"},"modified":"2017-08-23T17:52:35","modified_gmt":"2017-08-23T17:52:35","slug":"eldisenoindependienteparahombres","status":"publish","type":"post","link":"https:\/\/thecloset.co\/blog\/eldisenoindependienteparahombres\/","title":{"rendered":"EL DISE\u00d1O INDEPENDIENTE PARA HOMBRES"},"content":{"rendered":"<h2>Conoce el mundo\u00a0exclusivo del dise\u00f1o independiente para hombres<\/h2>\n<p>Empezar la vida universitaria o profesional trae muchos cambios en la vida de cualquier persona, pero hoy queremos enfocarnos en los hombres \u00a1SI! Los hombres, queremos mostrarles como el dise\u00f1o independiente puede aportarles a su estilo \u00fanico, una gran variedad de <a href=\"http:\/\/thecloset.co\/hombre\" target=\"_blank\">outfits<\/a>.<\/p>\n<p>Es normal que muchos no tengan ni las m\u00e1s m\u00ednima idea de c\u00f3mo vestir y al salir de casa opten por ponerse lo primero que vean en su <a href=\"http:\/\/thecloset.co\/\" target=\"_blank\">cl\u00f3set<\/a>, NO, por favor no hagan eso, t\u00f3mense el tiempo necesario la noche anterior para ver qu\u00e9 es lo que mejor les queda, qu\u00e9 colores les combinan y por supuesto qu\u00e9 los hace ver m\u00e1s guapos.<\/p>\n<p><!--more Leer m\u00e1s--><\/p>\n<p>El <a href=\"http:\/\/thecloset.co\/hombre\" target=\"_blank\">dise\u00f1o independiente<\/a> es una alternativa si estas en la b\u00fasqueda de una moda exclusiva que se ajuste a tu personalidad y te lleve originalidad a tu cl\u00f3set, <a href=\"http:\/\/thecloset.co\/\" target=\"_blank\">TheCloset.co<\/a> y su <a href=\"http:\/\/thecloset.co\/quieres-vender\" target=\"_blank\">#RedDeDise\u00f1adores<\/a> cuenta con marcas c\u00f3mo <a href=\"http:\/\/thecloset.co\/carlos-guerra-1990\" target=\"_blank\">Carlos Guerra<\/a>, <a href=\"http:\/\/thecloset.co\/Manuela-Millan\" target=\"_blank\">Manuela Mill\u00e1n<\/a>,<a href=\"http:\/\/thecloset.co\/rolo-ok-camisetas\" target=\"_blank\"> Rolo-ok<\/a>, <a href=\"http:\/\/thecloset.co\/rotten-muztard\" target=\"_blank\">Rotten Muztard<\/a>, <a href=\"http:\/\/thecloset.co\/the-eleven-company-ropa-y-zapatos-independientes\" target=\"_blank\">The Eleven Company<\/a>, <a href=\"http:\/\/thecloset.co\/moriah-handbags\" target=\"_blank\">Moriah<\/a>,\u00a0<a href=\"http:\/\/thecloset.co\/alter-native\" target=\"_blank\">Alter+Native<\/a> y <a href=\"http:\/\/thecloset.co\/disonti-zapatos-en-cuero\" target=\"_blank\">Disonti<\/a>\u00a0con excelentes propuestas en ropa y accesorios para hombres.<\/p>\n<p>Sus prendas son de edici\u00f3n ilimitada, es decir, no tendr\u00e1s que preocuparte por encontrarte con alguien que este usando lo mismo que t\u00fa, lo sabemos \u00a1A nadie le gusta eso!<\/p>\n<p>Aqu\u00ed te traemos una muestra de las prendas que podas combinar tanto como tu lo desees, que hacen juego con tu estilo y personalidad.<\/p>\n<h3>Camisetas personalizadas.<\/h3>\n<p>Tener camisetas personalizadas que cuenten con dise\u00f1os exclusivos, que te diferencien del resto es imprescindible para los d\u00edas de outfits urbanos, <a href=\"http:\/\/thecloset.co\/hombre\/camisetas\/camiseta-kinky-colors\" target=\"_blank\">Rolo-ok<\/a> y <a href=\"http:\/\/thecloset.co\/hombre\/camisetas\/camiseta-negra-alas-marca-The-Eleven-Company,elaborado-en-algod%C3%B3n,color-negro,estampado-alas,disponible-en-Bogot%C3%A1-y-Colombia,dise%C3%B1ado-para-la-red-de-dise%C3%B1adores-independientes-www.thecloset.co\" target=\"_blank\">The Eleven Company<\/a> te traen comodidad con mucho estilo.<\/p>\n<p><a href=\"http:\/\/thecloset.co\/blog\/wp-content\/uploads\/2015\/11\/rolooknuevascamisetas006-491x491.jpg\" data-rel=\"lightbox-image-0\" data-rl_title=\"\" data-rl_caption=\"\" title=\"\"><img loading=\"lazy\" decoding=\"async\" class=\"alignnone size-medium wp-image-889\" src=\"http:\/\/thecloset.co\/blog\/wp-content\/uploads\/2015\/11\/rolooknuevascamisetas006-491x491-300x300.jpg\" alt=\"rolooknuevascamisetas006-491x491\" width=\"300\" height=\"300\" srcset=\"https:\/\/thecloset.co\/blog\/wp-content\/uploads\/2015\/11\/rolooknuevascamisetas006-491x491-300x300.jpg 300w, https:\/\/thecloset.co\/blog\/wp-content\/uploads\/2015\/11\/rolooknuevascamisetas006-491x491-100x100.jpg 100w, https:\/\/thecloset.co\/blog\/wp-content\/uploads\/2015\/11\/rolooknuevascamisetas006-491x491-150x150.jpg 150w, https:\/\/thecloset.co\/blog\/wp-content\/uploads\/2015\/11\/rolooknuevascamisetas006-491x491.jpg 491w\" sizes=\"(max-width: 300px) 100vw, 300px\" \/><\/a> <a href=\"http:\/\/thecloset.co\/blog\/wp-content\/uploads\/2015\/11\/elevencompany_theclosetco_camiseta_negra_alas001-491x491.jpg\" data-rel=\"lightbox-image-1\" data-rl_title=\"\" data-rl_caption=\"\" title=\"\"><img loading=\"lazy\" decoding=\"async\" class=\"alignnone size-medium wp-image-888\" src=\"http:\/\/thecloset.co\/blog\/wp-content\/uploads\/2015\/11\/elevencompany_theclosetco_camiseta_negra_alas001-491x491-300x300.jpg\" alt=\"elevencompany_theclosetco_camiseta_negra_alas001-491x491\" width=\"300\" height=\"300\" srcset=\"https:\/\/thecloset.co\/blog\/wp-content\/uploads\/2015\/11\/elevencompany_theclosetco_camiseta_negra_alas001-491x491-300x300.jpg 300w, https:\/\/thecloset.co\/blog\/wp-content\/uploads\/2015\/11\/elevencompany_theclosetco_camiseta_negra_alas001-491x491-100x100.jpg 100w, https:\/\/thecloset.co\/blog\/wp-content\/uploads\/2015\/11\/elevencompany_theclosetco_camiseta_negra_alas001-491x491-150x150.jpg 150w, https:\/\/thecloset.co\/blog\/wp-content\/uploads\/2015\/11\/elevencompany_theclosetco_camiseta_negra_alas001-491x491.jpg 491w\" sizes=\"(max-width: 300px) 100vw, 300px\" \/><\/a><\/p>\n<h3>\u00a0Camisas y Pantalones.<\/h3>\n<p>Cu\u00e1ndo necesites o tengas animo de un outfit m\u00e1s elegante pero casual debes contar con camisas y pantalones que te aporten lo que buscas, <a href=\"http:\/\/thecloset.co\/hombre\/camisa-gris-estampado-flores\" target=\"_blank\">Carlos Guerra<\/a> se especializa en el dise\u00f1o enfocado hac\u00eda el estudio de cuerpo.<\/p>\n<p><a href=\"http:\/\/thecloset.co\/blog\/wp-content\/uploads\/2015\/11\/021pantalonmilitarcarlosguerratheclosetco-491x491.jpg\" data-rel=\"lightbox-image-2\" data-rl_title=\"\" data-rl_caption=\"\" title=\"\"><img loading=\"lazy\" decoding=\"async\" class=\"alignnone size-medium wp-image-890\" src=\"http:\/\/thecloset.co\/blog\/wp-content\/uploads\/2015\/11\/021pantalonmilitarcarlosguerratheclosetco-491x491-300x300.jpg\" alt=\"021pantalonmilitarcarlosguerratheclosetco-491x491\" width=\"300\" height=\"300\" srcset=\"https:\/\/thecloset.co\/blog\/wp-content\/uploads\/2015\/11\/021pantalonmilitarcarlosguerratheclosetco-491x491-300x300.jpg 300w, https:\/\/thecloset.co\/blog\/wp-content\/uploads\/2015\/11\/021pantalonmilitarcarlosguerratheclosetco-491x491-100x100.jpg 100w, https:\/\/thecloset.co\/blog\/wp-content\/uploads\/2015\/11\/021pantalonmilitarcarlosguerratheclosetco-491x491-150x150.jpg 150w, https:\/\/thecloset.co\/blog\/wp-content\/uploads\/2015\/11\/021pantalonmilitarcarlosguerratheclosetco-491x491.jpg 491w\" sizes=\"(max-width: 300px) 100vw, 300px\" \/><\/a> <a href=\"http:\/\/thecloset.co\/blog\/wp-content\/uploads\/2015\/11\/006camisagrisflorescarlosguerratheclosetco-491x4911.jpg\" data-rel=\"lightbox-image-3\" data-rl_title=\"\" data-rl_caption=\"\" title=\"\"><img loading=\"lazy\" decoding=\"async\" class=\"alignnone size-medium wp-image-891\" src=\"http:\/\/thecloset.co\/blog\/wp-content\/uploads\/2015\/11\/006camisagrisflorescarlosguerratheclosetco-491x4911-300x300.jpg\" alt=\"006camisagrisflorescarlosguerratheclosetco-491x491\" width=\"300\" height=\"300\" srcset=\"https:\/\/thecloset.co\/blog\/wp-content\/uploads\/2015\/11\/006camisagrisflorescarlosguerratheclosetco-491x4911-300x300.jpg 300w, https:\/\/thecloset.co\/blog\/wp-content\/uploads\/2015\/11\/006camisagrisflorescarlosguerratheclosetco-491x4911-100x100.jpg 100w, https:\/\/thecloset.co\/blog\/wp-content\/uploads\/2015\/11\/006camisagrisflorescarlosguerratheclosetco-491x4911-150x150.jpg 150w, https:\/\/thecloset.co\/blog\/wp-content\/uploads\/2015\/11\/006camisagrisflorescarlosguerratheclosetco-491x4911.jpg 491w\" sizes=\"(max-width: 300px) 100vw, 300px\" \/><\/a><\/p>\n<h3>\u00a0Chaquetas<\/h3>\n<p>Para esos d\u00edas de Street Style puedes optar por sacos de <a href=\"http:\/\/thecloset.co\/hombre\/chaquetas-y-sacos\/saco-palmeras\" target=\"_blank\">Alter+Native<\/a> o chaquetas m\u00e1s formales como las de <a href=\"http:\/\/thecloset.co\/hombre\/chaquetas-y-sacos\/chaqueta-caval\" target=\"_blank\">Manuela Mill\u00e1n<\/a>.<\/p>\n<p><a href=\"http:\/\/thecloset.co\/blog\/wp-content\/uploads\/2015\/11\/alternativetheclosetsacopalmeras1negro001-491x491.jpg\" data-rel=\"lightbox-image-4\" data-rl_title=\"\" data-rl_caption=\"\" title=\"\"><img loading=\"lazy\" decoding=\"async\" class=\"alignnone size-medium wp-image-892\" src=\"http:\/\/thecloset.co\/blog\/wp-content\/uploads\/2015\/11\/alternativetheclosetsacopalmeras1negro001-491x491-300x300.jpg\" alt=\"alternativetheclosetsacopalmeras1negro001-491x491\" width=\"300\" height=\"300\" srcset=\"https:\/\/thecloset.co\/blog\/wp-content\/uploads\/2015\/11\/alternativetheclosetsacopalmeras1negro001-491x491-300x300.jpg 300w, https:\/\/thecloset.co\/blog\/wp-content\/uploads\/2015\/11\/alternativetheclosetsacopalmeras1negro001-491x491-100x100.jpg 100w, https:\/\/thecloset.co\/blog\/wp-content\/uploads\/2015\/11\/alternativetheclosetsacopalmeras1negro001-491x491-150x150.jpg 150w, https:\/\/thecloset.co\/blog\/wp-content\/uploads\/2015\/11\/alternativetheclosetsacopalmeras1negro001-491x491.jpg 491w\" sizes=\"(max-width: 300px) 100vw, 300px\" \/><\/a> <a href=\"http:\/\/thecloset.co\/blog\/wp-content\/uploads\/2015\/11\/001manuelamillanchaquetacabalhombre-491x491.jpg\" data-rel=\"lightbox-image-5\" data-rl_title=\"\" data-rl_caption=\"\" title=\"\"><img loading=\"lazy\" decoding=\"async\" class=\"alignnone size-medium wp-image-893\" src=\"http:\/\/thecloset.co\/blog\/wp-content\/uploads\/2015\/11\/001manuelamillanchaquetacabalhombre-491x491-300x300.jpg\" alt=\"001manuelamillanchaquetacabalhombre-491x491\" width=\"300\" height=\"300\" srcset=\"https:\/\/thecloset.co\/blog\/wp-content\/uploads\/2015\/11\/001manuelamillanchaquetacabalhombre-491x491-300x300.jpg 300w, https:\/\/thecloset.co\/blog\/wp-content\/uploads\/2015\/11\/001manuelamillanchaquetacabalhombre-491x491-100x100.jpg 100w, https:\/\/thecloset.co\/blog\/wp-content\/uploads\/2015\/11\/001manuelamillanchaquetacabalhombre-491x491-150x150.jpg 150w, https:\/\/thecloset.co\/blog\/wp-content\/uploads\/2015\/11\/001manuelamillanchaquetacabalhombre-491x491.jpg 491w\" sizes=\"(max-width: 300px) 100vw, 300px\" \/><\/a><\/p>\n<p>Encuentra muchas m\u00e1s alternativas en nuestra tienda virtual de dise\u00f1adores independientes <a href=\"http:\/\/thecloset.co\/\" target=\"_blank\">TheCloset.co<\/a><\/p>\n<p>Visita nuestra boutique\u00a0<a href=\"http:\/\/thecloset.co\/\">TheCloset.Co<\/a>\u00a0 Calle 80 # 13 &#8211; 09 en Bogot\u00e1-Colombia (detr\u00e1s del CC Atlantis Plaza) #Dise\u00f1oIndependiente #HechoEnColombia #MadeInColombia #CompraColombiano<\/p>\n<p><strong>\u00danete a nuestra red!<\/strong><\/p>\n<p>Si estas interesado en hacer parte de la #RedDeDise\u00f1adores escr\u00edbenos al correo\u00a0<a href=\"mailto:contacto@thecloset.co\">contacto@thecloset.co<\/a>\u00a0con informaci\u00f3n de tu marca y fotos de los productos.<\/p>\n<p>S\u00edguenos en nuestras redes:\u00a0<a href=\"https:\/\/www.facebook.com\/thecloset.co.diseno\/?fref=ts\">Facebook<\/a>,\u00a0<a href=\"https:\/\/www.instagram.com\/theclosetco\/\">Instagram<\/a><\/p>\n<p>&nbsp;<\/p>\n","protected":false},"excerpt":{"rendered":"<p>Conoce el mundo\u00a0exclusivo del dise\u00f1o independiente para hombres Empezar la vida universitaria o profesional trae muchos cambios en la vida de cualquier persona, pero hoy queremos enfocarnos en los hombres \u00a1SI! Los hombres, queremos mostrarles como el dise\u00f1o independiente puede aportarles a su estilo \u00fanico, una gran variedad de outfits. Es normal que muchos no&#8230;<\/p>\n","protected":false},"author":3,"featured_media":894,"comment_status":"open","ping_status":"open","sticky":false,"template":"","format":"standard","meta":{"footnotes":""},"categories":[1],"tags":[],"_links":{"self":[{"href":"https:\/\/thecloset.co\/blog\/wp-json\/wp\/v2\/posts\/887"}],"collection":[{"href":"https:\/\/thecloset.co\/blog\/wp-json\/wp\/v2\/posts"}],"about":[{"href":"https:\/\/thecloset.co\/blog\/wp-json\/wp\/v2\/types\/post"}],"author":[{"embeddable":true,"href":"https:\/\/thecloset.co\/blog\/wp-json\/wp\/v2\/users\/3"}],"replies":[{"embeddable":true,"href":"https:\/\/thecloset.co\/blog\/wp-json\/wp\/v2\/comments?post=887"}],"version-history":[{"count":5,"href":"https:\/\/thecloset.co\/blog\/wp-json\/wp\/v2\/posts\/887\/revisions"}],"predecessor-version":[{"id":2012,"href":"https:\/\/thecloset.co\/blog\/wp-json\/wp\/v2\/posts\/887\/revisions\/2012"}],"wp:featuredmedia":[{"embeddable":true,"href":"https:\/\/thecloset.co\/blog\/wp-json\/wp\/v2\/media\/894"}],"wp:attachment":[{"href":"https:\/\/thecloset.co\/blog\/wp-json\/wp\/v2\/media?parent=887"}],"wp:term":[{"taxonomy":"category","embeddable":true,"href":"https:\/\/thecloset.co\/blog\/wp-json\/wp\/v2\/categories?post=887"},{"taxonomy":"post_tag","embeddable":true,"href":"https:\/\/thecloset.co\/blog\/wp-json\/wp\/v2\/tags?post=887"}],"curies":[{"name":"wp","href":"https:\/\/api.w.org\/{rel}","templated":true}]}}